{"id":20620,"date":"2022-01-15T00:00:00","date_gmt":"2022-01-15T06:00:00","guid":{"rendered":"https:\/\/dralvarez.com.mx\/larevista\/blog\/de-esto-se-sale-2"},"modified":"2024-02-23T11:42:18","modified_gmt":"2024-02-23T17:42:18","slug":"de-esto-se-sale-2","status":"publish","type":"post","link":"https:\/\/dralvarez.com.mx\/larevista\/opiniones\/de-esto-se-sale-2","title":{"rendered":"De esto se sale&#8230;"},"content":{"rendered":"<p><b>Por: Cristina Pad\u00edn.<\/b><\/p>\n<p>Y as\u00ed las cuatro palabras nacieron nada m\u00e1s ser pronunciadas, y se alimentaron de lo que llevaba en la boca y en el coraz\u00f3n el que las hab\u00eda dicho: nobleza, verdad, alma.. Cuatro palabras que nacieron en Madrid, la que es una ciudad perfecta y acogedora, y volaron. Libres, revoltosas, \u00e1vidas de sensaciones y experiencias. Curiosas y cultas e inquietas..<\/p>\n<p>Viajaron. Viajar y leer son grandes puertas y enormes ventanas..<\/p>\n<p>Y desde entonces son garra. Son entrega. Y son de color blanco, por la luz. Y son como un abrazo y como una oraci\u00f3n y como la concesi\u00f3n de la Puerta del Pr\u00edncipe. Cuatro palabras que regalan esperanza, confianza. Y puede ser un verso de calma para seres que nadan entre las olas crueles y salvajes de temporales llamados depresi\u00f3n, ansiedad, angustia.. y varios nombres m\u00e1s.<\/p>\n<p>De esto se sale.. un soplo de energ\u00eda plateada, la del fr\u00edo de las ma\u00f1anas de enero o la que ilusiona en los amaneceres de abril.. un poco de frescura en un pozo de oscuridad y tinieblas. Padecer depresi\u00f3n o ansiedad no es estar triste ni tener un mal d\u00eda ni no querer trabajar. Es estar enfermo, vulnerable.. y necesitar remedio, consuelo, protecci\u00f3n, atenci\u00f3n, respeto.<\/p>\n<p>De esto se sale.. lo escuch\u00e9 a Jos\u00e9 Tom\u00e1s en un comedor social en Madrid. De lo malo se sale. Con tiempo, con ayuda, con afecto.<\/p>\n<p>Dedicado a todas las personas que lidian con una dolencia mental. Muy dif\u00edcil..<br \/>A Jos\u00e9 Tom\u00e1s, un ser grande que siempre tiene tiempo y respeto<br \/>A las palabras bonitas.. no hay necesidad alguna de insultar ni de humillar para comunicar algo<br \/>Aquella ma\u00f1ana estuve con mi hermana en ese comedor social.. A tomasistas, como mi querido Arnaud<br \/>Al toreo<br \/>A mi querido Luis<br \/>A Madrid, ciudad libre, en el que he vivido y en la que siempre he sido feliz<\/p>\n","protected":false},"excerpt":{"rendered":"<p>Por: Cristina Pad\u00edn.<\/p>\n","protected":false},"author":1025,"featured_media":35547,"comment_status":"open","ping_status":"open","sticky":false,"template":"","format":"standard","meta":{"tdm_status":"","tdm_grid_status":"","footnotes":""},"categories":[25],"tags":[],"_links":{"self":[{"href":"https:\/\/dralvarez.com.mx\/larevista\/wp-json\/wp\/v2\/posts\/20620"}],"collection":[{"href":"https:\/\/dralvarez.com.mx\/larevista\/wp-json\/wp\/v2\/posts"}],"about":[{"href":"https:\/\/dralvarez.com.mx\/larevista\/wp-json\/wp\/v2\/types\/post"}],"author":[{"embeddable":true,"href":"https:\/\/dralvarez.com.mx\/larevista\/wp-json\/wp\/v2\/users\/1025"}],"replies":[{"embeddable":true,"href":"https:\/\/dralvarez.com.mx\/larevista\/wp-json\/wp\/v2\/comments?post=20620"}],"version-history":[{"count":1,"href":"https:\/\/dralvarez.com.mx\/larevista\/wp-json\/wp\/v2\/posts\/20620\/revisions"}],"predecessor-version":[{"id":35546,"href":"https:\/\/dralvarez.com.mx\/larevista\/wp-json\/wp\/v2\/posts\/20620\/revisions\/35546"}],"wp:featuredmedia":[{"embeddable":true,"href":"https:\/\/dralvarez.com.mx\/larevista\/wp-json\/wp\/v2\/media\/35547"}],"wp:attachment":[{"href":"https:\/\/dralvarez.com.mx\/larevista\/wp-json\/wp\/v2\/media?parent=20620"}],"wp:term":[{"taxonomy":"category","embeddable":true,"href":"https:\/\/dralvarez.com.mx\/larevista\/wp-json\/wp\/v2\/categories?post=20620"},{"taxonomy":"post_tag","embeddable":true,"href":"https:\/\/dralvarez.com.mx\/larevista\/wp-json\/wp\/v2\/tags?post=20620"}],"curies":[{"name":"wp","href":"https:\/\/api.w.org\/{rel}","templated":true}]}}