{"id":20582,"date":"2022-01-11T00:00:00","date_gmt":"2022-01-11T06:00:00","guid":{"rendered":"https:\/\/dralvarez.com.mx\/larevista\/blog\/el-covid-y-el-miedo"},"modified":"2024-02-23T11:40:04","modified_gmt":"2024-02-23T17:40:04","slug":"el-covid-y-el-miedo","status":"publish","type":"post","link":"https:\/\/dralvarez.com.mx\/larevista\/opiniones\/el-covid-y-el-miedo","title":{"rendered":"El COVID y el miedo"},"content":{"rendered":"<p><b><i>Contacto con la Pol\u00edtica Nacional<\/i>, por: Baltasar Barbolla.&nbsp;<\/b><\/p>\n<p><b><\/b><\/p>\n<blockquote>\n<ul>\n<li><b>Recuento del 2021<\/b><\/li>\n<li><b>El COVID y el miedo<\/b><\/li>\n<\/ul>\n<\/blockquote>\n<p><b><\/b><\/p>\n<\/p>\n<p><b><i>Recuento<br \/>\ndel 2021<\/i><\/b><\/p>\n<p><b>CDMX.-<\/b> Ahora<br \/>\nque ha terminado el 2021, me parece adecuado platicar sobre lo acontecido en<br \/>\nlos \u00faltimos 12 meses pues hubo muchas cosas relevantes sobre las cuales vale la<br \/>\npena reflexionar. \u2013plante\u00f3 la empresaria a los amigos de siempre para dar<br \/>\ninicio a la \u00faltima pl\u00e1tica del a\u00f1o en el Balmoral- Dada la gran cantidad de<br \/>\ninformaci\u00f3n que recibimos todos los d\u00edas, nos es dif\u00edcil digerir lo que sucede<br \/>\nen el pa\u00eds y en el mundo, por eso pienso que este ejercicio nos puede ser muy<br \/>\n\u00fatil para entender d\u00f3nde estamos y a d\u00f3nde vamos en el 2022.<\/p>\n<p>-Estoy de acuerdo contigo, amiga empresaria. Hacer un<br \/>\nrecuento del 2021 nos permitir\u00e1 saber qu\u00e9 esperar del 2022. \u2013intervino el<br \/>\neditorialista- As\u00ed pues, probablemente el mayor acontecimiento de enero fue la<br \/>\nentrada de <b>Joe Biden<\/b> a la<br \/>\npresidencia de los Estados Unidos de Am\u00e9rica pues modific\u00f3 considerablemente el<br \/>\nescenario internacional. En nuestro pa\u00eds, observamos con atenci\u00f3n esta toma de<br \/>\nprotesta pues signific\u00f3 un cambio en la relaci\u00f3n M\u00e9xico-Estados Unidos, la cual<br \/>\nse caracteriz\u00f3 por imposiciones y sensacionalismo medi\u00e1tico durante la<br \/>\nadministraci\u00f3n de <b>Trump<\/b>.<\/p>\n<p>-Durante el 2021, observamos que en la relaci\u00f3n ahora<br \/>\nimpera el respeto y la cordialidad, sin que esto signifique que ya no existen<br \/>\nconflictos entre ambos pa\u00edses. &#8211; complement\u00f3 el pol\u00edtico.<\/p>\n<p>-En enero del a\u00f1o pasado, tambi\u00e9n trascendi\u00f3 que el<br \/>\npresidente <b>Andr\u00e9s Manuel L\u00f3pez Obrador<\/b><br \/>\ndio positivo a COVID-19, por lo cual estuvo fuera de circulaci\u00f3n varios d\u00edas.<br \/>\nDurante su ausencia, <b>Olga S\u00e1nchez<br \/>\nCordero<\/b> se encarg\u00f3 de encabezar las conferencias matutinas presidenciales<br \/>\nya que, en ese momento, era secretaria de Gobernaci\u00f3n. \u2013se\u00f1al\u00f3 la periodista-<br \/>\nComo seguro recordar\u00e1n, la ministra en retiro dej\u00f3 dicha secretar\u00eda a finales<br \/>\ndel mes de agosto para regresar al Senado, donde actualmente es presidenta de<br \/>\nla Mesa Directiva, y en su lugar qued\u00f3 el gobernador tabasque\u00f1o <b>Ad\u00e1n Augusto L\u00f3pez<\/b>, quien tuvo que<br \/>\npedir licencia para ocupar el cargo.<\/p>\n<p>-La primera mitad del 2021 transcurri\u00f3 con relativa<br \/>\ntranquilidad mientras se discut\u00edan importantes temas, como los preparativos<br \/>\npara las elecciones de junio y el regreso a clases presenciales, hasta que a<br \/>\nprincipios de mayo ocurri\u00f3 una de las tragedias m\u00e1s grandes que ha sufrido<br \/>\nnuestro pa\u00eds en las \u00faltimas d\u00e9cadas. \u2013expuso la abogada- El 3 de mayo del 2021<br \/>\nmurieron m\u00e1s de 25 personas y aproximadamente una centena quedaron heridas<br \/>\ndespu\u00e9s de que colapsara un tramo de la L\u00ednea 12 del Metro capitalino.<\/p>\n<p>-La indignaci\u00f3n de la poblaci\u00f3n por lo ocurrido gener\u00f3<br \/>\nuna peque\u00f1a crisis pol\u00edtica que se mitig\u00f3 con el anuncio de una investigaci\u00f3n<br \/>\npara encontrar a los responsables; no obstante, a\u00fan no hay resultados de estas<br \/>\nindagaciones. \u2013lament\u00f3 el escritor- Sin duda, es un tema delicado para el<br \/>\npresidente L\u00f3pez Obrador desde un enfoque pol\u00edtico pues aparentemente est\u00e1n<br \/>\ninvolucradas sus dos principales cartas a la candidatura presidencial de<br \/>\nMorena: <b>Claudia Sheinbaum<\/b> y <b>Marcelo Ebrard<\/b>.<\/p>\n<p>-En efecto, amigo escritor. \u2013asinti\u00f3 la empresaria-<br \/>\nSheinbaum est\u00e1 involucrada por presunta negligencia pues, al parecer, no dio un<br \/>\nmantenimiento adecuado a la l\u00ednea colapsada, mientras que Ebrard se encuentra<br \/>\ninvolucrado por presuntas deficiencias al momento de planear y construir el<br \/>\nproyecto de la L\u00ednea 12 cuando fue Jefe de Gobierno capitalino en el periodo<br \/>\n2006-2012.<\/p>\n<p>-Al mes siguiente, en junio, se llevaron a cabo<br \/>\nelecciones para renovar la C\u00e1mara Federal de Diputados y 15 gubernaturas<br \/>\nestatales, as\u00ed como congresos locales y ayuntamientos en distintas entidades<br \/>\ndel pa\u00eds. En general, Morena entraba como el gran favorito, pero enfrente tuvo<br \/>\na la alianza Va por M\u00e9xico (PAN-PRI-PRD) en varios de los comicios; debido a<br \/>\nesto, el partido guinda arras\u00f3 en algunos frentes, pero perdi\u00f3 fuerza en otros.<br \/>\nPor ejemplo, Morena triunf\u00f3 en las gubernaturas al conseguir 11 de las 15 en<br \/>\njuego, pero perdi\u00f3 en la Ciudad de M\u00e9xico, uno de los principales bastiones de <b>L\u00f3pez Obrador<\/b>, pues s\u00f3lo obtuvo 7 de<br \/>\nlas 16 alcald\u00edas.<\/p>\n<p>-La alianza Va por M\u00e9xico tambi\u00e9n influy\u00f3 en las<br \/>\nelecciones para diputados federales pues, si bien no consigui\u00f3 evitar que<br \/>\nMorena y sus aliados tuviesen una mayor\u00eda simple (50% + 1 del total de legisladores),<br \/>\ns\u00ed impidi\u00f3 que \u00e9stos consiguieran la mayor\u00eda calificada (2\/3 del total de<br \/>\nlegisladores). Esto fue de suma importancia para la vida pol\u00edtica del pa\u00eds pues<br \/>\nMorena se qued\u00f3 sin poder hacer modificaciones a la Constituci\u00f3n ni tomar<br \/>\ndecisiones trascendentales, las cuales usualmente requieren de una mayor\u00eda<br \/>\ncalificada para aprobarse, sin antes negociar y conciliar con los partidos de<br \/>\noposici\u00f3n. \u2013explic\u00f3 el editorialista<\/p>\n<p>-En Yucat\u00e1n, d\u00f3nde no se hizo presente la alianza Va<br \/>\npor M\u00e9xico, el PAN arras\u00f3 en los comicios electorales que se organizaron para<br \/>\nrenovar el congreso local y las alcald\u00edas. \u2013afirm\u00f3 la periodista- Acci\u00f3n<br \/>\nNacional, partido del gobernador yucateco, obtuvo un resultado hist\u00f3rico al<br \/>\nconseguir 14 de las 15 diputaciones locales y ganar en 42 alcald\u00edas, entre<br \/>\nellas la capital. Por su parte, el PRI gan\u00f3 41 municipios y ninguna diputaci\u00f3n,<br \/>\nmientras que Morena gan\u00f3 7 municipios y una diputaci\u00f3n.<\/p>\n<p>-Las elecciones no fueron el \u00fanico tema de relevancia<br \/>\ndurante junio pues, a finales de dicho mes, se anunci\u00f3 que <b>Irma Er\u00e9ndira Sandoval<\/b> dejar\u00eda la Secretar\u00eda de la Funci\u00f3n P\u00fablica<br \/>\ny, en su lugar, entrar\u00eda <b>Roberto Salcedo<br \/>\nAquino<\/b>. Aunque la destituci\u00f3n no fue sorpresa para nadie pues era conocido<br \/>\nel descontento de L\u00f3pez Obrador respecto al desempe\u00f1o de Sandoval, caus\u00f3<br \/>\ncontroversia por las acusaciones que la exsecretaria ten\u00eda en su contra por<br \/>\ncorrupci\u00f3n y enriquecimiento il\u00edcito, adem\u00e1s de los se\u00f1alamientos sobre una<br \/>\npresunta operaci\u00f3n pol\u00edtica en contra de algunos aliados del presidente, como <b>F\u00e9lix Salgado Macedonio<\/b>. \u2013coment\u00f3 el<br \/>\nanalista<\/p>\n<p>-Semanas despu\u00e9s, el primero de agosto, se celebr\u00f3 la<br \/>\nconsulta popular dispuesta para saber si la poblaci\u00f3n estaba de acuerdo o no en<br \/>\ninvestigar los actos de actores pol\u00edticos del pasado, la cual fue dolosa e<br \/>\nincorrectamente presentada por grupos cercanos al partido de <b>L\u00f3pez Obrador<\/b> como un juicio a<br \/>\nexpresidentes. \u2013expres\u00f3 el pol\u00edtico- \u00c9ste ejercicio, el cual cost\u00f3 m\u00e1s de 500<br \/>\nmillones de pesos, fue considerado un fracaso pues \u00fanicamente particip\u00f3 el 7%<br \/>\ndel padr\u00f3n nominal, cuando se necesitaba que al menos el 40% participara para<br \/>\nque las autoridades estuviesen obligadas a acatar los resultados.<\/p>\n<p>-Igual en agosto, en Yucat\u00e1n aconteci\u00f3 una tragedia<br \/>\nque dej\u00f3 una gran herida en el estado. A mediados de mes, trascendi\u00f3 que un<br \/>\njoven de nombre <b>Jos\u00e9 Eduardo Ravelo<\/b><br \/>\nhab\u00eda perdido la vida en M\u00e9rida y que presuntamente estaban involucrados<br \/>\nagentes de seguridad p\u00fablica. El caso no tard\u00f3 en politizarse lo cual gener\u00f3<br \/>\nincertidumbre y molestia en la poblaci\u00f3n. \u2013record\u00f3 la empresaria<\/p>\n<p>-Debido a la magnitud del caso, el gobierno federal<br \/>\ndecidi\u00f3 que la Fiscal\u00eda General de la Rep\u00fablica (FGR) tome en sus manos la<br \/>\ninvestigaci\u00f3n. La FGR concluy\u00f3 a finales de octubre que el joven hab\u00eda muerto<br \/>\nde neumon\u00eda y que la fiscal\u00eda estatal, la cual hab\u00eda acusado y detenido a<br \/>\nagentes municipales por ser presuntos responsables de la muerte, hab\u00eda incurrido<br \/>\nen irregularidades. Lamentablemente, lejos de traer luz al caso y tranquilidad<br \/>\na las v\u00edctimas, los resultados de la investigaci\u00f3n federal generaron m\u00e1s<br \/>\nopacidad e inconformidad.<\/p>\n<p>-Los siguientes meses pasaron de manera tranquila con<br \/>\nalgunas notas importantes, aunque no tan trascendentales. \u2013opin\u00f3 el escritor-<br \/>\nLa siguiente gran nota lleg\u00f3 hasta el 3 de noviembre cuando <b>Emilio Lozoya<\/b> fue puesto bajo prisi\u00f3n<br \/>\npreventiva por el caso de Odebrecht tras haber llevado, hasta entonces, su<br \/>\nproceso en libertad. El motivo por el cual le revocaron sus privilegios y lo<br \/>\nmetieron a la c\u00e1rcel fue porque, un mes antes, se hab\u00eda difundido una<br \/>\nfotograf\u00eda en la cual se le ve\u00eda comiendo en un restaurante de lujo de esta<br \/>\nCDMX, lo que gener\u00f3 indignaci\u00f3n en la poblaci\u00f3n pues, a fin de cuentas, es un<br \/>\ndelincuente confeso.<\/p>\n<p>-Recordemos que el exdirector de PEMEX gozaba de su<br \/>\nlibertad pues estaba negociando un criterio de oportunidad con el cual promet\u00eda<br \/>\ndelatar a otros actores pol\u00edticos a cambio de no ir a la c\u00e1rcel. Antes de que<br \/>\nlo privaran de su libertad, exist\u00edan dudas sobre si de verdad contaba con<br \/>\ninformaci\u00f3n concreta para delatar a otros personajes pues no hab\u00eda mucha contundencia<br \/>\nen el actuar de la FGR; de hecho, por este motivo, el proceso que se inici\u00f3<br \/>\ncontra Ricardo Anaya pareci\u00f3 un acto de persecuci\u00f3n pol\u00edtica y no un proceso<br \/>\njudicial serio. \u2013reflexion\u00f3 la abogada- Ahora que est\u00e1 en prisi\u00f3n, veremos si<br \/>\nLozoya tiene la informaci\u00f3n que dice tener o si su cabeza ser\u00e1 el trofeo del<br \/>\ngobierno federal en cuanto al combate contra la corrupci\u00f3n.<\/p>\n<p>-Tambi\u00e9n en noviembre, <b>Santiago Nieto<\/b> present\u00f3 su renuncia a la Unidad de Inteligencia<br \/>\nFinanciera y se dio a conocer que el exsecretario <b>Arturo Herrera<\/b> ya no ser\u00eda propuesto para el Banco de M\u00e9xico. El<br \/>\nprimero renunci\u00f3 por contravenir el discurso de austeridad del gobierno federal<br \/>\nal celebrar su boda con la consejera electoral <b>Carla Humphrey<\/b>, presuntamente, con lujos y extravagancias. Por otro<br \/>\nlado, no est\u00e1 claro por qu\u00e9 motivo Herrera perdi\u00f3 el voto de confianza del<br \/>\npresidente. \u2013observ\u00f3 el consultor- Estos casos son significativos pues ambos<br \/>\nexfuncionarios eran reconocidos por sus capacidades en la administraci\u00f3n<br \/>\np\u00fablica, particularmente en materia econ\u00f3mica, por lo que sus partidas pueden<br \/>\nser consideradas p\u00e9rdidas para el gobierno federal e incluso para los<br \/>\nmexicanos.<\/p>\n<p>-Creo que recordar algunos de los temas m\u00e1s<br \/>\nimportantes del 2021 es un ejercicio muy valioso pues, como bien dijeron al principio,<br \/>\nnos da la oportunidad de reflexionar sobre lo que ha ocurrido para entender<br \/>\nd\u00f3nde estamos y a d\u00f3nde vamos. \u2013comparti\u00f3 la periodista- \u00c9ste nuevo a\u00f1o promete<br \/>\nser muy interesante con temas tales como la revocaci\u00f3n de mandato, la reforma<br \/>\nenerg\u00e9tica y las elecciones a la gubernatura en 6 estados del pa\u00eds, entre<br \/>\notros. Estoy segura de que, como yo, muchos de los presentes est\u00e1n emocionados<br \/>\npor conversar sobre estos temas, as\u00ed como los dem\u00e1s que habr\u00e1n de surgir<br \/>\ndurante el a\u00f1o.<\/p>\n<p>-En efecto, amiga periodista. \u2013reconoci\u00f3 el<br \/>\neditorialista- Ahora que estamos al final de nuestra charla, me gustar\u00eda<br \/>\naprovechar para desearle a todos los aqu\u00ed presentes un 2022 lleno de<br \/>\nprosperidad, salud y felicidad. De igual manera, y si no es mucha molestia, me<br \/>\ngustar\u00eda pedirle a Baltasar que extienda estos deseos a quienes leen en <b>La Revista<\/b> las narraciones que publica<br \/>\nsobre las pl\u00e1ticas que tenemos semana a semana ac\u00e1 en el Balmoral.<\/p>\n<p>-Cuenta con ello, amigo editorialista.<\/p>\n<p>-Te lo agradezco, Baltasar. \u00a1Muy feliz A\u00f1o Nuevo a<br \/>\ntodos los presentes, as\u00ed como a los lectores de Baltasar! \u2013concluy\u00f3 el<br \/>\neditorialista<\/p>\n<p><b>.  .  .<\/b><\/p>\n<p><b><i>El<br \/>\nCOVID y el miedo<\/i><\/b><\/p>\n<p>-Hace unos d\u00edas, le\u00ed sobre una nueva variante de<br \/>\nCOVID-19 llamada IHU la cual parec\u00eda representar un riesgo seg\u00fan varios medios<br \/>\ninternacionales. En primera instancia, la noticia me despert\u00f3 cierto<br \/>\nnerviosismo, pero investigu\u00e9 un poco m\u00e1s al respecto y me di cuenta de que los<br \/>\nmedios de comunicaci\u00f3n exageraron la magnitud del tema. \u2013comparti\u00f3 a los<br \/>\npresentes el consultor- De acuerdo a informaci\u00f3n de la Organizaci\u00f3n Mundial de<br \/>\nla Salud (OMS), \u00e9sta variante ha sido monitoreada por varias semanas y se ha<br \/>\nconcluido que no es motivo de preocupaci\u00f3n; no obstante, seguir\u00e1n al pendiente<br \/>\npor cualquier cosa.<\/p>\n<p>-En efecto, amigo consultor. \u2013asinti\u00f3 la periodista-<br \/>\nCaso contrario ha sido la variante \u00f3micron pues \u00e9sta se ha propagado con gran<br \/>\nrapidez y hoy es responsable de miles de hospitalizaciones y muertes en todo el<br \/>\nmundo.<\/p>\n<p>-El hecho de que la variante \u00f3micron aparente ser<br \/>\nmenos agresiva que otras variantes, como delta, no es motivo de tranquilidad<br \/>\npues ha demostrado ser altamente transmisible y resistente a la inmunidad. Esto<br \/>\nsignifica que podr\u00eda ocasionar la saturaci\u00f3n de los sistemas m\u00e9dicos a nivel<br \/>\nglobal. \u2013intervino el pol\u00edtico- Por lo tanto, debemos fortalecer las medidas de<br \/>\nseguridad sanitaria, como el uso de mascarillas, mantener la sana distancia,<br \/>\nevitar aglomeraciones y, de ser posible, evitar salir de casa.<\/p>\n<p>-Tambi\u00e9n debemos aplicarnos la vacuna del COVID-19<br \/>\npues \u00e9sta aumenta la protecci\u00f3n contra la enfermedad y disminuye la probabilidad<br \/>\nde complicaciones. \u2013a\u00f1adi\u00f3 el escrito<\/p>\n<p>-Igual, hay que estar atentos de si presentamos<br \/>\ns\u00edntomas del coronavirus para evitar propagarlo a m\u00e1s personas. \u2013se\u00f1al\u00f3 el<br \/>\neditorialista- Por cierto, entre los principales s\u00edntomas del \u00f3micron, se han<br \/>\npodido identificar la secreci\u00f3n nasal, el dolor de cabeza, la fatiga, los<br \/>\nestornudos y el dolor de garganta.<\/p>\n<p>-Seamos prudentes en los pr\u00f3ximos d\u00edas pues<br \/>\nseguramente observaremos alzas importantes en el registro diario de contagios y<br \/>\nfallecimientos, tanto por el \u00f3micron como por las fiestas decembrinas. Si todos<br \/>\nponemos de nuestra parte, podremos evitar que se saturen nuestros sistemas de<br \/>\nsalud y, con ello, que mueran personas de causas evitables por no poder recibir<br \/>\natenci\u00f3n m\u00e9dica oportuna. \u2013concluy\u00f3 la empresaria.<\/p><\/p>\n","protected":false},"excerpt":{"rendered":"<p>Contacto con la Pol\u00edtica Nacional.<\/p>\n","protected":false},"author":1114,"featured_media":35515,"comment_status":"open","ping_status":"open","sticky":false,"template":"","format":"standard","meta":{"tdm_status":"","tdm_grid_status":"","footnotes":""},"categories":[25],"tags":[],"_links":{"self":[{"href":"https:\/\/dralvarez.com.mx\/larevista\/wp-json\/wp\/v2\/posts\/20582"}],"collection":[{"href":"https:\/\/dralvarez.com.mx\/larevista\/wp-json\/wp\/v2\/posts"}],"about":[{"href":"https:\/\/dralvarez.com.mx\/larevista\/wp-json\/wp\/v2\/types\/post"}],"author":[{"embeddable":true,"href":"https:\/\/dralvarez.com.mx\/larevista\/wp-json\/wp\/v2\/users\/1114"}],"replies":[{"embeddable":true,"href":"https:\/\/dralvarez.com.mx\/larevista\/wp-json\/wp\/v2\/comments?post=20582"}],"version-history":[{"count":1,"href":"https:\/\/dralvarez.com.mx\/larevista\/wp-json\/wp\/v2\/posts\/20582\/revisions"}],"predecessor-version":[{"id":35514,"href":"https:\/\/dralvarez.com.mx\/larevista\/wp-json\/wp\/v2\/posts\/20582\/revisions\/35514"}],"wp:featuredmedia":[{"embeddable":true,"href":"https:\/\/dralvarez.com.mx\/larevista\/wp-json\/wp\/v2\/media\/35515"}],"wp:attachment":[{"href":"https:\/\/dralvarez.com.mx\/larevista\/wp-json\/wp\/v2\/media?parent=20582"}],"wp:term":[{"taxonomy":"category","embeddable":true,"href":"https:\/\/dralvarez.com.mx\/larevista\/wp-json\/wp\/v2\/categories?post=20582"},{"taxonomy":"post_tag","embeddable":true,"href":"https:\/\/dralvarez.com.mx\/larevista\/wp-json\/wp\/v2\/tags?post=20582"}],"curies":[{"name":"wp","href":"https:\/\/api.w.org\/{rel}","templated":true}]}}