{"id":20574,"date":"2022-01-09T00:00:00","date_gmt":"2022-01-09T06:00:00","guid":{"rendered":"https:\/\/dralvarez.com.mx\/larevista\/blog\/fuerte-cachetada-al-mundo"},"modified":"2024-02-23T11:39:22","modified_gmt":"2024-02-23T17:39:22","slug":"fuerte-cachetada-al-mundo","status":"publish","type":"post","link":"https:\/\/dralvarez.com.mx\/larevista\/opiniones\/fuerte-cachetada-al-mundo","title":{"rendered":"\u00a1Fuerte cachetada al mundo!"},"content":{"rendered":"<p><b>Por: Marco Antonio Cortez Navarrete.&nbsp;<\/b><\/p>\n<p>En el amanecer del 1 de enero de 2022 la gente que horas antes celebraba la vida y la felicidad de ver el inicio de un nuevo ciclo de vida, abri\u00f3 los ojos y se reencontr\u00f3 con otra nueva realidad, esta que tuvo como cuna a un pa\u00eds del continente africano y que, literalmente, barri\u00f3 los continentes, todo en cuesti\u00f3n de d\u00edas, de horas, tal vez.<\/p>\n<p>Seg\u00fan expertos de la Organizaci\u00f3n Mundial de la Salud (OMS) cada vez hay m\u00e1s pruebas de que la variante del covid-19 denominada \u00f3micron tiende a la afectaci\u00f3n del tracto respiratorio superior provocando s\u00edntomas &#8220;m\u00e1s leves&#8221; que las variantes antecesoras, lo que resulta en un &#8220;desacoplamiento&#8221; en algunos lugares entre el aumento de casos y las bajas tasas de mortalidad.<\/p>\n<p>Recordar, nada m\u00e1s, que comenzaban las fiestas de fin de a\u00f1o, la Nochebuena y el A\u00f1o Nuevo y la humanidad entera se dispon\u00eda a celebrarlas con el plus de saberse, en muchos casos, vacunados, incluso con el refuerzo. He escuchado opiniones en el sentido de que &#8220;nos descuidamos, nos confiamos, por eso el rebrote, la cuarta ola&#8221;.<\/p>\n<p>Yo creo que hayamos salido o no, nada tiene que ver con esta variante que, repito, tapiz\u00f3 la faz de la tierra m\u00e1s r\u00e1pido que el impacto de aquel meteorito que acab\u00f3 con las grandes especies hace m\u00e1s de 60 millones de a\u00f1os. Adem\u00e1s, la mutaci\u00f3n del coronavirus emergi\u00f3 de un continente al que el mundo ha olvidado: \u00c1frica. <\/p>\n<p>Am\u00e9rica, Europa, Asia y Ocean\u00eda, como quiera que sea, se han hecho de millones de vacunas para sus poblaciones. \u00bfPero? \u00c1frica, qu\u00e9 tanto apoyo recibe no tan solo de los organismos internacionales sino de los propios pa\u00edses favorecidos por los biol\u00f3gicos. \u00c1frica, damas y caballeros, es la cuna de la civilizaci\u00f3n pero a la vez la sombra de la humanidad.<\/p>\n<p>Aqu\u00ed, en M\u00e9xico, cuando la gente escuch\u00f3 o ley\u00f3 acerca de la variante \u00f3micron se dio cuenta que \u00e9sta ya estaba a su alrededor: amigos, familiares y personas conocidas ya eran v\u00edctimas de lo que parec\u00eda &#8220;una fuerte gripa&#8221; pero no, era otra variante, otra faceta del Covid-19.<\/p>\n<p>Al confirmarse esta situaci\u00f3n en el mundo entero, incluyendo a nuestro M\u00e9xico y a nuestro amado Yucat\u00e1n, la gente se volc\u00f3 a las pruebas para saber si ten\u00eda o no \u00f3micron. El sistema sanitario se sacudi\u00f3. El despertar en este 2022 nos reubic\u00f3 y nos record\u00f3 que la naturaleza todav\u00eda no est\u00e1 satisfecha con quienes la usamos de manera indiscriminada.<\/p>\n<p>Aquella alegr\u00eda de saberse vacunado y de tener la oportunidad de reunirse con familiares y amigos, a\u00fan guardando las medidas de seguridad e higiene y que, en much\u00edsimos casos no fue as\u00ed, se esfum\u00f3, se diluy\u00f3 como agua entre las manos. La realidad, la Nueva Normalidad nos record\u00f3 que esto a\u00fan no termina.<\/p>\n<p>En estos primeros d\u00edas del 2022 hay sin duda un leve respiro al saber de que la misma OMS incluyendo al gobierno que tenemos nos han dicho que \u00f3micron est\u00e1 infectando la parte superior del cuerpo, no los pulmones como el virus original que tantas muertes ya caus\u00f3. Esto, podr\u00eda ser una buena noticia pero no olvidemos que se trata de un virus que cambia, se adapta, y as\u00ed como puede ser severo, tambi\u00e9n puede ser leve, y en ese sentido podr\u00edamos pensar que sus cambios, sus transformaciones para permanecer entre nosotros bien podr\u00edan continuar durante un tiempo m\u00e1s&#8230;cu\u00e1nto, no s\u00e9, de esto s\u00f3lo la naturaleza sabe.<\/p>\n<p>Posdata: Este mismo s\u00e1bado la prensa nacional destaca que cada 24 horas se contagian con la nueva variante m\u00e1s de 2 millones de personas, cifra que corresponde del del 1 al 7 de enero. Lo anterior quiere decir que el umbral del mill\u00f3n de casos diarios se super\u00f3 en la semana del 23 al 29 de diciembre de 2021.  El n\u00famero de nuevos casos diarios aument\u00f3 270 por ciento desde el descubrimiento de la variante \u00f3micron en Botsuana y Sud\u00e1frica, a finales de noviembre de 2021. La cifra oficial de casos de covid-19, sin duda subestimada, super\u00f3 ayer viernes la barrera de los 300 millones en momentos en que todos los pa\u00edses luchan contra la propagaci\u00f3n de \u00f3micron e incrementan las campa\u00f1as de vacunaci\u00f3n<\/p>\n","protected":false},"excerpt":{"rendered":"<p>Por: Marco Antonio Cortez Navarrete.<\/p>\n","protected":false},"author":1124,"featured_media":35507,"comment_status":"open","ping_status":"open","sticky":false,"template":"","format":"standard","meta":{"tdm_status":"","tdm_grid_status":"","footnotes":""},"categories":[25],"tags":[],"_links":{"self":[{"href":"https:\/\/dralvarez.com.mx\/larevista\/wp-json\/wp\/v2\/posts\/20574"}],"collection":[{"href":"https:\/\/dralvarez.com.mx\/larevista\/wp-json\/wp\/v2\/posts"}],"about":[{"href":"https:\/\/dralvarez.com.mx\/larevista\/wp-json\/wp\/v2\/types\/post"}],"author":[{"embeddable":true,"href":"https:\/\/dralvarez.com.mx\/larevista\/wp-json\/wp\/v2\/users\/1124"}],"replies":[{"embeddable":true,"href":"https:\/\/dralvarez.com.mx\/larevista\/wp-json\/wp\/v2\/comments?post=20574"}],"version-history":[{"count":1,"href":"https:\/\/dralvarez.com.mx\/larevista\/wp-json\/wp\/v2\/posts\/20574\/revisions"}],"predecessor-version":[{"id":35506,"href":"https:\/\/dralvarez.com.mx\/larevista\/wp-json\/wp\/v2\/posts\/20574\/revisions\/35506"}],"wp:featuredmedia":[{"embeddable":true,"href":"https:\/\/dralvarez.com.mx\/larevista\/wp-json\/wp\/v2\/media\/35507"}],"wp:attachment":[{"href":"https:\/\/dralvarez.com.mx\/larevista\/wp-json\/wp\/v2\/media?parent=20574"}],"wp:term":[{"taxonomy":"category","embeddable":true,"href":"https:\/\/dralvarez.com.mx\/larevista\/wp-json\/wp\/v2\/categories?post=20574"},{"taxonomy":"post_tag","embeddable":true,"href":"https:\/\/dralvarez.com.mx\/larevista\/wp-json\/wp\/v2\/tags?post=20574"}],"curies":[{"name":"wp","href":"https:\/\/api.w.org\/{rel}","templated":true}]}}