{"id":20572,"date":"2022-01-09T00:00:00","date_gmt":"2022-01-09T06:00:00","guid":{"rendered":"https:\/\/dralvarez.com.mx\/larevista\/blog\/idolo-de-piedra"},"modified":"2024-02-23T11:39:20","modified_gmt":"2024-02-23T17:39:20","slug":"idolo-de-piedra","status":"publish","type":"post","link":"https:\/\/dralvarez.com.mx\/larevista\/opiniones\/idolo-de-piedra","title":{"rendered":"\u00cddolo de Piedra"},"content":{"rendered":"<p><b>Por: Luis Repper Jaramillo.<\/b><\/p>\n<p><b>lrepperjaramillo@yahoo.com<\/b><\/p>\n<p><b><i><\/i><\/b><\/p>\n<blockquote><p><b><i>El pueblo pone, el pueblo quita<\/i><\/b><\/p><\/blockquote>\n<\/p>\n<p>Con las pocas<br \/>\nneuronas que le quedan al Coordinador Nacional de M\u00e9xico (porque no gobierna,<br \/>\nmenos sabe c\u00f3mo hacerlo) Andr\u00e9s Manuel L\u00f3pez Obrador, deben retumbarle los<br \/>\nnombres de Crist\u00f3bal Col\u00f3n, Sadam Husein, Heyder Aliyev, Jos\u00e9 Stalin, Vladimir<br \/>\nLenin, Vicente Fox, entre otros, que por decisi\u00f3n del pueblo y con su propia<br \/>\nmano \u201ctumbaron\u201d, derribaron las estatuas de estos dictadores, o personajes que<br \/>\npor no hacer bien y pulcro su trabajo hartaron al \u201cpueblo bueno\u201d y sabiamente<br \/>\n\u201cbajaron\u201d de su pedestal (ubicado en v\u00eda p\u00fablica) las figuras de piedra que en<br \/>\nsu honor levantaron sus chairos, seguidores, adoradores, \u201cconvenencieros\u201d,<br \/>\naduladores\u2026 sin merecerlo.<\/p>\n<p>Quitar del nicho,<br \/>\nla imagen de quien falla a la sociedad da una dimensi\u00f3n de las luchas del<br \/>\npresente contra el racismo, la opresi\u00f3n, el mal gobernante, el dictador. Su<br \/>\ndestrucci\u00f3n o vandalismo evidencia la tensi\u00f3n permanente entre la historia de<br \/>\nla sociedad y la memoria particular del colectivo (pueblo bueno) que se<br \/>\nconvierte en controversia por hartazgo (PRI, 2000), inconformidad, protestas<br \/>\n(PAN 2007), rechazo a las mentiras, promesas falsas, enga\u00f1o (Morena T4a)<\/p>\n<p>Los falsos l\u00edderes<br \/>\nse sienten alagados cuando sus s\u00fabditos (motu propio) sin consultar a los<br \/>\ngobernados, erigen la figura de \u201csu h\u00e9roe\u201d en plaza p\u00fablica, avenida principal,<br \/>\n\u00e1rea colectiva, etc. como un acto de sumisi\u00f3n, vasallaje, sin considerar las<br \/>\nobras malas, violaci\u00f3n a las leyes, resultados negativos, desinter\u00e9s por la<br \/>\npoblaci\u00f3n, deshonestidad, irresponsabilidad, falta de probidad, etc. sabiendo<br \/>\nque su \u00eddolo es un fracaso, su gobierno fallido, la corrupci\u00f3n al interior de<br \/>\nsus colaboradores, familiares, allegados, hijos; que durante su gesti\u00f3n a<br \/>\n\u201cfregado\u201d la calidad de vida de quienes obtuvo el voto y prometi\u00f3 ser<br \/>\n\u201cdiferente\u201d a sus colegas pasados.<\/p>\n<p>\u201cCualquier<br \/>\nparecido con la realidad es mera coincidencia\u201d, dice el refr\u00e1n popular, pero para<br \/>\nel caso que nos ocupa, es hecho contundente de gobierno fracasado de la<br \/>\nTransformaci\u00f3n de 4\u00aa, l\u00e9ase Andr\u00e9s Manuel L\u00f3pez Obrador.<\/p>\n<p>\u00bfPor qu\u00e9 el pueblo<br \/>\nbueno derriba monumentos?  Lo hace porque<br \/>\ndecide borrar de la historia al personaje falso, mentiroso, arrogante, soberbio.<br \/>\nTumba al \u201c\u00eddolo de piedra\u201d en una expresi\u00f3n de desencanto social, demanda<br \/>\ncolectiva, desenga\u00f1o personal, pues su fe y confianza en junio de 2018 cuando<br \/>\ndeposit\u00f3 en la urna el voto para derrotar al gobierno corrupto, tramposo,<br \/>\nnepota, inculto (PRI), fue mancillada, burlada, timada, pues no es un gobierno<br \/>\ndiferente, no combate la corrupci\u00f3n, <b>es<br \/>\nparte de ella<\/b>, entrega a las fuerzas armadas la plaza (M\u00e9xico), poder y<br \/>\ndinero. Se al\u00eda con asesinos, sicarios, gavilleros, (c\u00e1rteles, delincuencia<br \/>\norganizada) y libera ilegalmente \u2013ya detenido y sometido- al cabecilla del<br \/>\nC\u00e1rtel de Sinaloa (Ovidio Guzm\u00e1n L\u00f3pez) y semanas despu\u00e9s adula y se humilla ante<br \/>\nla madame del grupo delincuencial, Consuelo Loera L\u00f3pez. Por eso, la gente se<br \/>\ncans\u00f3, se siente ofendida por las promesas incumplidas (apenas en 3 a\u00f1os) y<br \/>\nreaccion\u00f3 festivamente cuando se enter\u00f3 que el pedazo de piedra con la imagen<br \/>\nde El Peje, montada en un pedestal en la avenida principal del Municipio de<br \/>\nAtlacomulco, Estado de M\u00e9xico (feudo priista) fue derribado, perdiendo,<br \/>\nliteralmente, la cabeza.<\/p>\n<p>Pero antes,<br \/>\nvayamos a la arrogancia de Andr\u00e9s Manuel, cuando en alg\u00fan Monologo de su<br \/>\nSoberbia, rechaz\u00f3 la utilizaci\u00f3n de su imagen, nombre y figura como<br \/>\nreconocimiento de su \u201clabor\u201d<\/p>\n<p>En el atril de su<br \/>\nnicho de poder (Palacio Nacional), se refiri\u00f3 a la remoci\u00f3n (en octubre de<br \/>\n2021) de la Estatua de Crist\u00f3bal Col\u00f3n, que por d\u00e9cadas se ubic\u00f3 sobre Paseo de<br \/>\nla Reforma, a decisi\u00f3n de la <b>torpe e<br \/>\nin\u00fatil<\/b> Jefa de (des) Gobierno de la CDMX, Claudia Sheinbaum, el se\u00f1or L\u00f3pez<br \/>\nescupi\u00f3: <b>\u201c<\/b>inclu\u00ed en mi Testamento<br \/>\nque no quiero que se utilice mi nombre para nombrar (sic) ninguna calle. No<br \/>\nquiero estatuas, no quiero que se utilice mi nombre para nombrar (sic)<br \/>\nescuelas, hospitales. Nada absolutamente. El mejor homenaje que se me puede<br \/>\nhacer es <b>seguir mi ejemplo<\/b> y no<br \/>\nproceder a convertirlo en piedra<b>\u201d<\/b> \u2026 \u00a1pero<br \/>\neso eres, Andr\u00e9s Manuel!<\/p>\n<p>Tres meses despu\u00e9s<br \/>\nde esa fanfarronada, y como he dicho, las pocas neuronas que le restan no le<br \/>\npermiten razonar. El lunes 3 de enero en el primer Monologo de su Soberbia<br \/>\n2022, se refiri\u00f3 al derribo de \u201csu Coloso\u201d (jajajajaja) en Atlacomulco, pidi\u00f3<br \/>\n\u201ca quienes colocaron la estatua de su persona, no sentirse mal pues a \u00e9l <b>no le gusta<\/b> <b>la vanidad<\/b>\u201d<\/p>\n<p>Minimiz\u00f3 el hecho,<br \/>\npero su subconsciente lo traicion\u00f3. Era tal su alegr\u00eda por el Coloso que al<br \/>\nechar loas a sus vasallos les dijo<b>, \u201c<\/b>los<br \/>\nquiero mucho, gracias por la iniciativa, son mis amigos del alma, <b>amor con amor se paga\u201d<\/b>, (muletilla<br \/>\nperversa que Hugo Ch\u00e1vez y Nicol\u00e1s Maduro utilizan para enga\u00f1ar a la gente). <\/p>\n<p>Una vez m\u00e1s el<br \/>\nse\u00f1or L\u00f3pez demostr\u00f3 que la sangre dictatorial fluye por sus venas. En su yo<br \/>\ninterior los apellidos Ch\u00e1vez y Maduro, son la inspiraci\u00f3n de su sue\u00f1o<br \/>\ntotalitarista.<\/p>\n<p>Por qu\u00e9 este tema<br \/>\nde la estatua es un distractor m\u00e1s de la pol\u00edtica y equ\u00edvocos de la<br \/>\nTransformaci\u00f3n de 4\u00aa (l\u00e9ase Andr\u00e9s Manuel). Una semana antes de que el<br \/>\nPresidente Municipal de Atlacomulco, Estado de M\u00e9xico, el morenista Roberto<br \/>\nT\u00e9llez Monroy, concluyera su encargo, mand\u00f3 instalar en el acceso principal a<br \/>\nla alcald\u00eda un monumento en piedra con la figura real de Andr\u00e9s Manuel L\u00f3pez<br \/>\nObrador, ante la inconformidad de los habitantes. Sin escuchar razones e<br \/>\nignorando el rechazo, se instal\u00f3 la r\u00e9plica.<\/p>\n<p>No pasaron ni 48<br \/>\nhoras, cuando la madrugada del 30 de diciembre, el pueblo bueno o \u201calgunos\u201d<br \/>\nciudadanos hicieron justicia por propia mano y sorpresivamente ataron cuerdas a<br \/>\nla figura, palanquearon con una barreta el monolito, jalaron a mano o con<br \/>\nalguno veh\u00edculo hasta hacer caer la roca, que al impacto con el suelo,<br \/>\nliteralmente, \u201cperdi\u00f3 la cabeza\u201d, quedando s\u00f3lo parte del cuerpo, pues ambas<br \/>\npiernas tambi\u00e9n se separaron. El bulto qued\u00f3 orientado al cielo, ambas manos<br \/>\ndesaparecieron.<\/p>\n<p>\u00a1Justicia divina!,<br \/>\n\u00a1quienes la derribaron son h\u00e9roes!, \u00a1rep\u00f3rtense quienes la tumbaron, para<br \/>\ninvitarles un whisky!, \u00a1eso es Andr\u00e9s Manuel, una piedra!, \u00a1yo invito a cenar a<br \/>\nlos h\u00e9roes an\u00f3nimos!, etc. fueron algunas reacciones en watts, FB, Instagram,<br \/>\nTeewters, al divulgarse fotograf\u00edas, videos, informaci\u00f3n.<\/p>\n<p>Circularon<br \/>\ninfinidad de memes. Uno de ellos llam\u00f3 mucho mi atenci\u00f3n que ilustraba dos<br \/>\nfotograf\u00edas: una con la imagen de la inauguraci\u00f3n, en donde aparec\u00edan varias<br \/>\nlarvas de Morena con el Alcalde T\u00e9llez Monroy. La otra, en la oscuridad la<br \/>\nimagen de L\u00f3pez Obrador yaciendo en el piso, sin cabeza, piernas, manos con la<br \/>\nleyenda: <b>\u201cel pueblo pone y el pueblo<br \/>\nquita\u201d, <\/b>frase muy recurrente de Andr\u00e9s Manuel cuando presume que el pueblo<br \/>\nlo adora.<\/p>\n<p>Para conocimiento<br \/>\nde L\u00f3pez Obrador, en la d\u00e9cada de los 60\u2019s, en M\u00e9xico estudiantes, opositores<br \/>\nal r\u00e9gimen en turno, la ciudadan\u00eda mostro descontento por dos estatuas de<br \/>\npresidentes: el 4 de junio de 1966, un \u201catentado<br \/>\ndinamitero\u201d decapit\u00f3 la estatua de Miguel Alem\u00e1n, en Ciudad Universitaria<br \/>\n(UNAM), tiempo despu\u00e9s fue retirada. En 1995, la estatua ecuestre de Jos\u00e9 L\u00f3pez<br \/>\nPortillo erigida por el gobernador de Nuevo Le\u00f3n, el priista, Alfonso Mart\u00ednez<br \/>\nDom\u00ednguez en San Nicol\u00e1s de los Garza, fue objeto de vandalismo. El alcalde de<br \/>\nesa ciudad, del Partido Acci\u00f3n Nacional (PAN), la retir\u00f3.<\/p>\n<p>En<br \/>\nel caso que nos ocupa, el pueblo bueno fue m\u00e1s contundente, no permiti\u00f3 que la<br \/>\nimagen en piedra del Andr\u00e9s Manuel permaneciera ni 48 horas como culto<br \/>\nmorenista a su mes\u00edas. <\/p>\n<p>D\u00edas<br \/>\ndespu\u00e9s, aunque manifest\u00f3 tranquilidad, interiormente se irrit\u00f3, pues no tolera<br \/>\nque su vanidad, arrogancia, soberbia, narcisismo, sea mancillado, pues su<br \/>\negocentrismo atenta contra el ego\u00edsmo de Andr\u00e9s Manuel L\u00f3pez Obrador. Pero<br \/>\ncuando se es <b>\u00eddolo de piedra<\/b>, la<br \/>\nfigura se desmorona quedando en simple arena que todo mundo pisotea.<\/p>\n<p><small>*Miembro<br \/>\nde los Grupos Editoriales Digitales <\/small><b><small>gustavorenteria.mx<\/small><\/b><small>,<br \/>\n<\/small><b><small>latitudmegalopolis.com<\/small><\/b><small>, <\/small><b><small>portalhidalgo.com<\/small><\/b><small>, <\/small><b><small>grupometropoli.net<\/small><\/b><small>, <\/small><b><small>radioexpresionmexico.com<\/small><\/b><small>,<br \/>\n<\/small><b><small>mexiconuevaera.com<\/small><\/b><small>, <\/small><b><small>pausa.mx<\/small><\/b><small>, <\/small><b><small>revistapeninsular.com.mx<\/small><\/b><small>, <\/small><b><small>aldeadigital.mx<\/small><\/b><small>,<br \/>\n<\/small><b><small>bajosello.com<\/small><\/b><\/p><\/p>\n","protected":false},"excerpt":{"rendered":"<p>El pueblo pone, el pueblo quita&#8230;<\/p>\n","protected":false},"author":1156,"featured_media":0,"comment_status":"open","ping_status":"open","sticky":false,"template":"","format":"standard","meta":{"tdm_status":"","tdm_grid_status":"","footnotes":""},"categories":[25],"tags":[],"_links":{"self":[{"href":"https:\/\/dralvarez.com.mx\/larevista\/wp-json\/wp\/v2\/posts\/20572"}],"collection":[{"href":"https:\/\/dralvarez.com.mx\/larevista\/wp-json\/wp\/v2\/posts"}],"about":[{"href":"https:\/\/dralvarez.com.mx\/larevista\/wp-json\/wp\/v2\/types\/post"}],"author":[{"embeddable":true,"href":"https:\/\/dralvarez.com.mx\/larevista\/wp-json\/wp\/v2\/users\/1156"}],"replies":[{"embeddable":true,"href":"https:\/\/dralvarez.com.mx\/larevista\/wp-json\/wp\/v2\/comments?post=20572"}],"version-history":[{"count":1,"href":"https:\/\/dralvarez.com.mx\/larevista\/wp-json\/wp\/v2\/posts\/20572\/revisions"}],"predecessor-version":[{"id":35505,"href":"https:\/\/dralvarez.com.mx\/larevista\/wp-json\/wp\/v2\/posts\/20572\/revisions\/35505"}],"wp:attachment":[{"href":"https:\/\/dralvarez.com.mx\/larevista\/wp-json\/wp\/v2\/media?parent=20572"}],"wp:term":[{"taxonomy":"category","embeddable":true,"href":"https:\/\/dralvarez.com.mx\/larevista\/wp-json\/wp\/v2\/categories?post=20572"},{"taxonomy":"post_tag","embeddable":true,"href":"https:\/\/dralvarez.com.mx\/larevista\/wp-json\/wp\/v2\/tags?post=20572"}],"curies":[{"name":"wp","href":"https:\/\/api.w.org\/{rel}","templated":true}]}}