{"id":20566,"date":"2022-01-07T00:00:00","date_gmt":"2022-01-07T06:00:00","guid":{"rendered":"https:\/\/dralvarez.com.mx\/larevista\/blog\/el-dia-6-de-enero"},"modified":"2024-02-23T11:38:50","modified_gmt":"2024-02-23T17:38:50","slug":"el-dia-6-de-enero","status":"publish","type":"post","link":"https:\/\/dralvarez.com.mx\/larevista\/opiniones\/el-dia-6-de-enero","title":{"rendered":"El d\u00eda 6 de enero&#8230;"},"content":{"rendered":"<p><b>Por: Cristina Pad\u00edn.<\/b><\/p>\n<p>Dicen que apareci\u00f3 en un parque sevillano, o en una calle de Sevilla, dicen muchas cosas. Dicen que era plateado y azul y blanco, que pose\u00eda movimiento propio, que emit\u00eda unos sonidos que recordaban a los villancicos.. que su forma era parecida a la de una caja de regalo. <\/p>\n<p>Dicen que nadie se explicaba la raz\u00f3n por la que aquel paquete luminoso, con adornos navide\u00f1os, no se hallaba a la vera de una chimenea o bajo un abeto de Navidad. All\u00ed, abandonado, tal vez sintiera fr\u00edo o melancol\u00eda. Pero no: aquel objeto de luz se encontraba bien.<\/p>\n<p>Era un detalle de Reyes. Tra\u00eda mensajes. Muy bonito. Un beso de parte de los abuelos que est\u00e1n en el cielo. Un consejo del Rey Gaspar sobre buena conducta para todo el a\u00f1o. Una oraci\u00f3n desde Salamanca hasta Santiago. Un deseo de buena suerte para los que parten a Manizales. <\/p>\n<p>Era una caja de luz y plata, de ilusi\u00f3n y de duende. Una caja de m\u00fasica, de esperanza, de literatura. Una caja que gustaba a todos aquellos a los que atraen las cosas nuevas y adoran las cosas de siempre. Inspirada en Dickens, en los buenos sentimientos de la Navidad. Era paz, no vanidad..<\/p>\n<p>El cuento se sit\u00faa en Sevilla pero se extiende a todo lugar<br \/>Feliz 6 de enero, el m\u00edo en familia y con amigos: perfecto<br \/>A los ni\u00f1os<br \/>A la ilusi\u00f3n<br \/>Hugo, Isabel, Gonzalo, Ana, Jose<br \/>Al toreo y a mi querido Juli<br \/>A la cultura<br \/>A mi querido Luis<br \/>Inspirada en el Rey Gaspar de la preciosa cabalgata de Madrid: fant\u00e1stica<br \/>A los buenos deseos de la Navidad<br \/>A Manuel, qu\u00e9 tal los regalos?<\/p>\n","protected":false},"excerpt":{"rendered":"<p>Por: Cristina Pad\u00edn.<\/p>\n","protected":false},"author":1025,"featured_media":35500,"comment_status":"open","ping_status":"open","sticky":false,"template":"","format":"standard","meta":{"tdm_status":"","tdm_grid_status":"","footnotes":""},"categories":[25],"tags":[],"_links":{"self":[{"href":"https:\/\/dralvarez.com.mx\/larevista\/wp-json\/wp\/v2\/posts\/20566"}],"collection":[{"href":"https:\/\/dralvarez.com.mx\/larevista\/wp-json\/wp\/v2\/posts"}],"about":[{"href":"https:\/\/dralvarez.com.mx\/larevista\/wp-json\/wp\/v2\/types\/post"}],"author":[{"embeddable":true,"href":"https:\/\/dralvarez.com.mx\/larevista\/wp-json\/wp\/v2\/users\/1025"}],"replies":[{"embeddable":true,"href":"https:\/\/dralvarez.com.mx\/larevista\/wp-json\/wp\/v2\/comments?post=20566"}],"version-history":[{"count":1,"href":"https:\/\/dralvarez.com.mx\/larevista\/wp-json\/wp\/v2\/posts\/20566\/revisions"}],"predecessor-version":[{"id":35499,"href":"https:\/\/dralvarez.com.mx\/larevista\/wp-json\/wp\/v2\/posts\/20566\/revisions\/35499"}],"wp:featuredmedia":[{"embeddable":true,"href":"https:\/\/dralvarez.com.mx\/larevista\/wp-json\/wp\/v2\/media\/35500"}],"wp:attachment":[{"href":"https:\/\/dralvarez.com.mx\/larevista\/wp-json\/wp\/v2\/media?parent=20566"}],"wp:term":[{"taxonomy":"category","embeddable":true,"href":"https:\/\/dralvarez.com.mx\/larevista\/wp-json\/wp\/v2\/categories?post=20566"},{"taxonomy":"post_tag","embeddable":true,"href":"https:\/\/dralvarez.com.mx\/larevista\/wp-json\/wp\/v2\/tags?post=20566"}],"curies":[{"name":"wp","href":"https:\/\/api.w.org\/{rel}","templated":true}]}}