{"id":20558,"date":"2022-01-06T00:00:00","date_gmt":"2022-01-06T06:00:00","guid":{"rendered":"https:\/\/dralvarez.com.mx\/larevista\/blog\/queridos-reyes-magos-5"},"modified":"2024-02-23T11:38:20","modified_gmt":"2024-02-23T17:38:20","slug":"queridos-reyes-magos-5","status":"publish","type":"post","link":"https:\/\/dralvarez.com.mx\/larevista\/opiniones\/queridos-reyes-magos-5","title":{"rendered":"Queridos Reyes Magos:"},"content":{"rendered":"<p><b>Por: Cristina Pad\u00edn.<\/b><\/p>\n<p>&#8230; y entonces, como siempre, todos fueron a la cabalgata. Con gel y mascarilla y con distancia de seguridad.. con ilusi\u00f3n y esperanza y emoci\u00f3n. D\u00eda dibujado en mil colores y en plata y oro. Villancicos tradicionales y sabor a rosc\u00f3n y aroma a naranja y a enero. <\/p>\n<p>Fue la peque\u00f1a de las ni\u00f1as, la que so\u00f1aba con vestidos de ballet rosa y con un mundo en el que cada peque\u00f1o recibiera juguetes. Y fue la mediana, la que ama la m\u00fasica y los patines, y es generosa y solidaria. Y fue el ni\u00f1o, el segundo de los ni\u00f1os, el que anhela ser torero y de regalo quiere capotes..<\/p>\n<p>Y fue Luis! A esperar la llegada de los Reyes Magos, los que cada 5 de enero llegan de Oriente a cada ciudad y a cada balc\u00f3n para llenarlos de duende y de fantas\u00eda. De la bella inocencia. De lo que de verdad importa. Y sonre\u00eda Luis con su sonrisa. Y era la sonrisa de los Reyes Magos: pureza y verdad e ilusi\u00f3n.<\/p>\n<p>Ojal\u00e1 la magia de los Reyes Magos viviera en el coraz\u00f3n de cada persona todo el a\u00f1o<br \/>Deseo de Dickens y mi deseo<br \/>Dedicado al 5 de enero: el d\u00eda m\u00e1s m\u00e1gico del a\u00f1o. <br \/>A Luis<br \/>A los ni\u00f1os, y a estos ni\u00f1os (muchos ni\u00f1os adolescentes): Mateo, Carlos, Alejandro, Hugo, Lourdes, Marta, Pablo, Alberto, Mar\u00eda, Manuela, Curro, Nicol\u00e0s, Iv\u00e0n, Iris, Valentina.. a cada peque\u00f1o<br \/>A Albriux<br \/>Al toreo<br \/>A la magia<br \/>A las personas generosas<br \/>A mis amigos Jm, Manuel, Rosario y Pau<br \/>A lo que de verdad importa<\/p>\n","protected":false},"excerpt":{"rendered":"<p>Por: Cristina Pad\u00edn.<\/p>\n","protected":false},"author":1025,"featured_media":35494,"comment_status":"open","ping_status":"open","sticky":false,"template":"","format":"standard","meta":{"tdm_status":"","tdm_grid_status":"","footnotes":""},"categories":[25],"tags":[],"_links":{"self":[{"href":"https:\/\/dralvarez.com.mx\/larevista\/wp-json\/wp\/v2\/posts\/20558"}],"collection":[{"href":"https:\/\/dralvarez.com.mx\/larevista\/wp-json\/wp\/v2\/posts"}],"about":[{"href":"https:\/\/dralvarez.com.mx\/larevista\/wp-json\/wp\/v2\/types\/post"}],"author":[{"embeddable":true,"href":"https:\/\/dralvarez.com.mx\/larevista\/wp-json\/wp\/v2\/users\/1025"}],"replies":[{"embeddable":true,"href":"https:\/\/dralvarez.com.mx\/larevista\/wp-json\/wp\/v2\/comments?post=20558"}],"version-history":[{"count":1,"href":"https:\/\/dralvarez.com.mx\/larevista\/wp-json\/wp\/v2\/posts\/20558\/revisions"}],"predecessor-version":[{"id":35493,"href":"https:\/\/dralvarez.com.mx\/larevista\/wp-json\/wp\/v2\/posts\/20558\/revisions\/35493"}],"wp:featuredmedia":[{"embeddable":true,"href":"https:\/\/dralvarez.com.mx\/larevista\/wp-json\/wp\/v2\/media\/35494"}],"wp:attachment":[{"href":"https:\/\/dralvarez.com.mx\/larevista\/wp-json\/wp\/v2\/media?parent=20558"}],"wp:term":[{"taxonomy":"category","embeddable":true,"href":"https:\/\/dralvarez.com.mx\/larevista\/wp-json\/wp\/v2\/categories?post=20558"},{"taxonomy":"post_tag","embeddable":true,"href":"https:\/\/dralvarez.com.mx\/larevista\/wp-json\/wp\/v2\/tags?post=20558"}],"curies":[{"name":"wp","href":"https:\/\/api.w.org\/{rel}","templated":true}]}}