{"id":20542,"date":"2022-01-06T00:00:00","date_gmt":"2022-01-06T06:00:00","guid":{"rendered":"https:\/\/dralvarez.com.mx\/larevista\/blog\/la-composicion-atipica-en-la-anunciacion-de-robert-campin"},"modified":"2024-02-23T11:37:20","modified_gmt":"2024-02-23T17:37:20","slug":"la-composicion-atipica-en-la-anunciacion-de-robert-campin","status":"publish","type":"post","link":"https:\/\/dralvarez.com.mx\/larevista\/opiniones\/la-composicion-atipica-en-la-anunciacion-de-robert-campin","title":{"rendered":"La composici\u00f3n at\u00edpica en la Anunciaci\u00f3n de Robert Campin"},"content":{"rendered":"<p><b>Por: A\u00edda Mar\u00eda L\u00f3pez Sosa.<\/b><\/p>\n<\/p>\n<p>Visitar<br \/>\nel Museo Metropolitano de Arte en Nueva York (MET), es  sumergirse en una ciudad de cerca de 200 mil<br \/>\nmetros cuadrados. Al emblem\u00e1tico edificio del siglo XIX enclavado en el Central<br \/>\nPark se agregan Los Claustros, especializados en arte medieval y donde se<br \/>\nencuentra el retablo en tres partes de \u201cLa Anunciaci\u00f3n\u201d, pintado por Robert<br \/>\nCampin (1375-1444), en una composici\u00f3n nunca antes vista. Se cree que fue bajo<br \/>\nencargo de un donante oriundo de Colonia, Alemania para demostrar su fe y el<br \/>\ndeseo de formar una familia. <\/p>\n<p>Mientras<br \/>\nque en 1428 la Doncella de Orleans, Juana de Arco, lideraba a los franceses<br \/>\ncontra los ingleses para darle fin a la Guerra de los Cien A\u00f1os, otro franc\u00e9s,<br \/>\nRobert Campin, pintaba en Tournai, entre 1422 y 1430, el momento de La<br \/>\nAnunciaci\u00f3n. En un tr\u00edptico elaborado sobre madera de roble escenific\u00f3 la celebraci\u00f3n<br \/>\ncristiana que hace alusi\u00f3n al momento en que el arc\u00e1ngel Gabriel comunic\u00f3 a<br \/>\nMar\u00eda que era la elegida para encarnar al Hijo de Dios. El tema fue<br \/>\nrepresentado en el arte cristiano de la Edad Media y el Renacimiento por una<br \/>\nvariedad de pintores, sin embargo, la de Campin llama la atenci\u00f3n no solo por<br \/>\nlas dimensiones del retablo, sino por la simbolog\u00eda y el contexto en el que se<br \/>\nenmarca, por lo que tambi\u00e9n se le conoce como: \u201cEl \u00e1ngel en una estancia<br \/>\nburguesa\u201d.<\/p>\n<p>En<br \/>\nla composici\u00f3n de la parte central de 64 x 63 cent\u00edmetros se<br \/>\naprecian varios planos, si bien no hay una perspectiva perfecta, es un buen<br \/>\nintento. En el primer plano est\u00e1 una mujer sentada en el piso de una sala de<br \/>\nestar de piedra, s\u00edmbolo de humildad, con una t\u00fanica roja que la cubre por<br \/>\ncompleto. Sin tocar lee el libro de las Sagradas Escrituras cubierto con una<br \/>\ngamuza por respeto -Gutenberg complet\u00f3 la primera Biblia hacia 1455-. Cabe<br \/>\ndestacar que ni ella, ni el arc\u00e1ngel Gabriel vestido con t\u00fanica blanca, tienen<br \/>\naureola, s\u00edmbolo de santidad. Sin embargo, las alas confirman que se trata del<br \/>\nmensajero celestial. <\/p>\n<p>La<br \/>\nbanca de madera a un costado de Mar\u00eda tiene leones tallados en cada una de las<br \/>\ncuatro esquinas del descansabrazos, s\u00edmbolo de la tribu de Jud\u00e1 en referencia al<br \/>\ntrono del rey Salom\u00f3n. A diferencia de los rostros pintados en los laterales,<br \/>\nlos de Gabriel y Mar\u00eda se ven menos reales y sus atuendos son m\u00e1s sinuosos. La<br \/>\nausencia de puertas y la ventana entreabierta de la estancia muestra el<br \/>\nrecogimiento en que viv\u00eda la madre de Cristo. <\/p>\n<p>La<br \/>\nmesa que separa a Mar\u00eda del arc\u00e1ngel tiene encima otro libro con gamuza, un<br \/>\njarr\u00f3n de cer\u00e1mica de donde sale una vara de lirio con dos flores y un bot\u00f3n al<br \/>\ncentro, s\u00edmbolo de pureza -al igual que la tolla blanca y la palangana-, que<br \/>\nbien podr\u00eda ser la pareja divina en espera del Ni\u00f1o Jes\u00fas. Asimismo Campin<br \/>\nrepresent\u00f3 al Esp\u00edritu Santo con el humo de la vela apagada. En la parte<br \/>\nsuperior izquierda se observan unos rayos de luz por donde se desliza el ni\u00f1o<br \/>\nasido a la cruz. La claridad que se filtra por las ventanas, evidencian que la<br \/>\nAnunciaci\u00f3n se efectu\u00f3 a la luz del d\u00eda. N\u00f3tese que el espacio es una estancia<br \/>\nburguesa con las comodidades de la \u00e9poca ya que, incluso, se encuentra una<br \/>\nchimenea para los d\u00eda fr\u00edos de Lieja, B\u00e9lgica. <\/p>\n<p>Por<br \/>\nprimera vez se contempla en una pintura de La Anunciaci\u00f3n a Jos\u00e9. En el ala<br \/>\nderecha se representa al carpintero con t\u00fanica caf\u00e9 construyendo una ratonera,<br \/>\npor lo que a la obra tambi\u00e9n se le conoce como: \u201cLa Anunciaci\u00f3n en la<br \/>\nratonera\u201d. Se desconoce la simbolog\u00eda, pero entre las especulaciones est\u00e1 que<br \/>\nJes\u00fas fue la trampa para el Diablo en alusi\u00f3n a San Agust\u00edn. Al fondo del<br \/>\ntaller de madera se mira por la ventana la plaza de la ciudad entre nieve. La<br \/>\nprecisi\u00f3n y los detalles del oficio y sus herramientas revelan la importancia<br \/>\nque ten\u00eda para el artista y el donante en cuanto a la dignificaci\u00f3n del trabajo<br \/>\nartesanal, ignorado por el mecenazgo de la iglesia y la aristocracia.<\/p>\n<p>En<br \/>\nel ala izquierda del tr\u00edptico est\u00e1 representado el donante arrodillado orando<br \/>\nen un jard\u00edn amurallado presuntamente en la primavera por lo florido. Se cree al<br \/>\ncasarse pidi\u00f3 que se incluyera en la obra a su piadosa esposa con un rosario de<br \/>\ncorales rojos entre las manos y al paciente cartero barbado de quien se desconoce<br \/>\nsu funci\u00f3n en el cuadro; quiz\u00e1 llevaba una noticia importante.<\/p>\n<p>El<br \/>\ntr\u00edptico es importante para el estilo g\u00f3tico tard\u00edo (n\u00f3tense las ventanas) y el<br \/>\nflamenco temprano (n\u00f3tense los detalles), derivado de la tradici\u00f3n medieval<br \/>\n(ausencia de perspectiva). Robert Campin nunca fech\u00f3 ni firm\u00f3 sus trabajos, lo<br \/>\nque ha repercutido en la identificaci\u00f3n de sus pinturas. En el caso del<br \/>\ntr\u00edptico se ha autenticado como una obra de su taller, aunque sin precisarse si<br \/>\n\u00e9l pint\u00f3 las tres partes o solo la central. <\/p>\n<p>A<br \/>\npesar de que en la composici\u00f3n se encuentran objetos familiares y cotidianos,<br \/>\nel \u00f3leo no deja de guardar un halo de misterio en cuanto a la conexi\u00f3n entre<br \/>\ncada una de las tres partes, despertando curiosidad y una serie de<br \/>\nespeculaciones en torno a la ubicaci\u00f3n, temporalidad y la relaci\u00f3n de Mar\u00eda con<br \/>\nJos\u00e9 y los anhelos del donante.<\/p><\/p>\n","protected":false},"excerpt":{"rendered":"<p>Por: A\u00edda Mar\u00eda L\u00f3pez Sosa.<\/p>\n","protected":false},"author":1152,"featured_media":35480,"comment_status":"open","ping_status":"open","sticky":false,"template":"","format":"standard","meta":{"tdm_status":"","tdm_grid_status":"","footnotes":""},"categories":[25],"tags":[],"_links":{"self":[{"href":"https:\/\/dralvarez.com.mx\/larevista\/wp-json\/wp\/v2\/posts\/20542"}],"collection":[{"href":"https:\/\/dralvarez.com.mx\/larevista\/wp-json\/wp\/v2\/posts"}],"about":[{"href":"https:\/\/dralvarez.com.mx\/larevista\/wp-json\/wp\/v2\/types\/post"}],"author":[{"embeddable":true,"href":"https:\/\/dralvarez.com.mx\/larevista\/wp-json\/wp\/v2\/users\/1152"}],"replies":[{"embeddable":true,"href":"https:\/\/dralvarez.com.mx\/larevista\/wp-json\/wp\/v2\/comments?post=20542"}],"version-history":[{"count":1,"href":"https:\/\/dralvarez.com.mx\/larevista\/wp-json\/wp\/v2\/posts\/20542\/revisions"}],"predecessor-version":[{"id":35479,"href":"https:\/\/dralvarez.com.mx\/larevista\/wp-json\/wp\/v2\/posts\/20542\/revisions\/35479"}],"wp:featuredmedia":[{"embeddable":true,"href":"https:\/\/dralvarez.com.mx\/larevista\/wp-json\/wp\/v2\/media\/35480"}],"wp:attachment":[{"href":"https:\/\/dralvarez.com.mx\/larevista\/wp-json\/wp\/v2\/media?parent=20542"}],"wp:term":[{"taxonomy":"category","embeddable":true,"href":"https:\/\/dralvarez.com.mx\/larevista\/wp-json\/wp\/v2\/categories?post=20542"},{"taxonomy":"post_tag","embeddable":true,"href":"https:\/\/dralvarez.com.mx\/larevista\/wp-json\/wp\/v2\/tags?post=20542"}],"curies":[{"name":"wp","href":"https:\/\/api.w.org\/{rel}","templated":true}]}}