{"id":20536,"date":"2022-01-05T00:00:00","date_gmt":"2022-01-05T06:00:00","guid":{"rendered":"https:\/\/dralvarez.com.mx\/larevista\/blog\/enero-del-2022-y-arrancamos-un-ano-mas"},"modified":"2024-02-23T11:37:12","modified_gmt":"2024-02-23T17:37:12","slug":"enero-del-2022-y-arrancamos-un-ano-mas","status":"publish","type":"post","link":"https:\/\/dralvarez.com.mx\/larevista\/opiniones\/enero-del-2022-y-arrancamos-un-ano-mas","title":{"rendered":"Enero del 2022 y arrancamos un a\u00f1o m\u00e1s"},"content":{"rendered":"<p><b><i>Pol\u00edtica, redes sociales y m\u00e1s<\/i>, por: Daniel Molina.&nbsp;<\/b><\/p>\n<\/p>\n<p><b>3 de enero del 2022 y arrancamos un a\u00f1o m\u00e1s.<\/b><\/p>\n<p>El tiempo da reflexi\u00f3n y estos momentos cuando termina un<br \/>\na\u00f1o y comienza otros, siempre sirven para mejorar. Ahora, no perder de vista<br \/>\nque mejorar en nosotros mismo nos ayudar\u00e1 a encontrar la anhelada busqueda<br \/>\ncom\u00fan de la felicidad. Ese estado del ser humano, donde puede hacerlo todo y<br \/>\nsentirse completo. Para los antiguos griegos la felicidad es la maxima virtud,<br \/>\naquella a la que todos los seremos humanos tenemos derecho a obtener cruzando<br \/>\nnuestros propios retos. Es cierto, la vida no es f\u00e1cil y seguramente algunas<br \/>\nveces nos pondr\u00e1 de rodillas, sin embargo, tenemos la oportunidad de vivir y<br \/>\nafrontar retos, esa es nuestra capacidad humana.<\/p>\n<p>Este a\u00f1o 2022, es una nueva oportunidad para ser felices a<br \/>\ntrav\u00e9s de nuestras metas, amor, compasi\u00f3n a quienes nos rodean. Esto siempre<br \/>\nrecordando que el ser feliz, es aquel que obra bien, para vivir bien.<\/p>\n<p>Mis mejores deseos, este a\u00f1o que empieza y todos los que<br \/>\nvenga.<\/p>\n<p><b>La primer columna en el a\u00f1o 2022.<\/b><\/p>\n<p>Escribir el primer domingo del a\u00f1o 2022 por la tarde de<br \/>\npol\u00edtica, redes sociales y m\u00e1s, se convierte en una pesadilla. El primer caf\u00e9<br \/>\ndel d\u00eda, escuchando los vecinos de mesa que en algunos tiempos se les<br \/>\ndeoniminada \u201cclub de tobi\u201d, hoy por los cambios sociales los ha obligado a<br \/>\nautollamarse \u201cmachos de closet\u201d. Estos cafeteros de domingo madrugador abordan<br \/>\ntemas variados.<\/p>\n<p>Redes sociales, la \u00faltima #ladychatarra nombrada a la<br \/>\nsenadora ex morenista y ahora panista Lilly T\u00e9llez por la donaci\u00f3n de una<br \/>\nambulancia usada. Antes de finalizar el a\u00f1o 2021 la ex comunicadora don\u00f3 una<br \/>\nambulancia a los pobladores de Ures, Sonora, buscando cumplir una promesa de<br \/>\nhace a\u00f1os.<\/p>\n<p>Las criticas a esta aportaci\u00f3n se hicieron escuchar en las<br \/>\nredes sociales, ya que la unidad no era nueva, as\u00ed que inmediatamente los<br \/>\nusuarios la llamaron #ladychatarra. Adem\u00e1s, agregaron que el veh\u00edculo era<br \/>\nproveniente de los Estados Unidos, con a\u00fan placas de ese pa\u00eds.<\/p>\n<p>Los temas contin\u00faan, que s\u00ed Ebrard, Monreal o Sheinbaum. Sin<br \/>\nembargo, quien fuera, pareciera que la \u201ccuarta transformaci\u00f3n\u201d, continuar\u00e1. La<br \/>\naceptaci\u00f3n en la poblaci\u00f3n del presidente Andr\u00e9s Manuel L\u00f3pez Obrador, sigue<br \/>\ncon altos \u00edndices; as\u00ed que la famosa revocaci\u00f3n de mandato ser\u00e1 parte una<br \/>\npublicidad a favor del gobierno actual.<\/p>\n<p>Regresando con los ya destapados Marcelo, Claudia, Ricardo y<br \/>\nlos creadores de cuentas paralelas en redes para empezar a crecer comunidades,<br \/>\nya trabajan con todo para futuras elecciones. Esperemos, que est\u00e1s pretenciones<br \/>\nno se crucen con la legalidad electoral y, al rato se cuestionen sus topes de<br \/>\ncampa\u00f1a.<\/p>\n<p>Y como siempre, no est\u00e1 dem\u00e1s en un caf\u00e9, el futbol. El<br \/>\nAtlas ser\u00e1 tema y reconocimiento por un buen tiempo despu\u00e9s de su recien<br \/>\ncampeonato. El Am\u00e9rica obligado a participar en la charla, as\u00ed como las chivas<br \/>\ny no por dejar de mencionar al Cruz Azul o Pumas.<\/p>\n<p>Hay que tener respecto al Atlante, que por no haber liga de<br \/>\nascenso continua abajo, pero sus seguidores siempre fieles.<\/p>\n<p>As\u00ed la primera columna.<\/p><\/p>\n","protected":false},"excerpt":{"rendered":"<p>Pol\u00edtica, redes sociales y m\u00e1s.<\/p>\n","protected":false},"author":1132,"featured_media":0,"comment_status":"open","ping_status":"open","sticky":false,"template":"","format":"standard","meta":{"tdm_status":"","tdm_grid_status":"","footnotes":""},"categories":[25],"tags":[],"_links":{"self":[{"href":"https:\/\/dralvarez.com.mx\/larevista\/wp-json\/wp\/v2\/posts\/20536"}],"collection":[{"href":"https:\/\/dralvarez.com.mx\/larevista\/wp-json\/wp\/v2\/posts"}],"about":[{"href":"https:\/\/dralvarez.com.mx\/larevista\/wp-json\/wp\/v2\/types\/post"}],"author":[{"embeddable":true,"href":"https:\/\/dralvarez.com.mx\/larevista\/wp-json\/wp\/v2\/users\/1132"}],"replies":[{"embeddable":true,"href":"https:\/\/dralvarez.com.mx\/larevista\/wp-json\/wp\/v2\/comments?post=20536"}],"version-history":[{"count":1,"href":"https:\/\/dralvarez.com.mx\/larevista\/wp-json\/wp\/v2\/posts\/20536\/revisions"}],"predecessor-version":[{"id":35476,"href":"https:\/\/dralvarez.com.mx\/larevista\/wp-json\/wp\/v2\/posts\/20536\/revisions\/35476"}],"wp:attachment":[{"href":"https:\/\/dralvarez.com.mx\/larevista\/wp-json\/wp\/v2\/media?parent=20536"}],"wp:term":[{"taxonomy":"category","embeddable":true,"href":"https:\/\/dralvarez.com.mx\/larevista\/wp-json\/wp\/v2\/categories?post=20536"},{"taxonomy":"post_tag","embeddable":true,"href":"https:\/\/dralvarez.com.mx\/larevista\/wp-json\/wp\/v2\/tags?post=20536"}],"curies":[{"name":"wp","href":"https:\/\/api.w.org\/{rel}","templated":true}]}}