{"id":20504,"date":"2022-01-05T00:00:00","date_gmt":"2022-01-05T06:00:00","guid":{"rendered":"https:\/\/dralvarez.com.mx\/larevista\/blog\/promesa-y-produccion-de-cafe-en-nuestro-pais"},"modified":"2024-02-23T11:36:23","modified_gmt":"2024-02-23T17:36:23","slug":"promesa-y-produccion-de-cafe-en-nuestro-pais","status":"publish","type":"post","link":"https:\/\/dralvarez.com.mx\/larevista\/opiniones\/promesa-y-produccion-de-cafe-en-nuestro-pais","title":{"rendered":"Promesa y producci\u00f3n  de caf\u00e9 en nuestro pa\u00eds"},"content":{"rendered":"<p><b><i>La Vida en Rosa<\/i>, por: Nidia S\u00e1nchez.<\/b><\/p>\n<\/p>\n<p>La realidad en nuestro pa\u00eds para los peque\u00f1os<br \/>\nproductores de caf\u00e9, que somos 550 mil, es decir, el 90 por ciento, hemos sido<br \/>\nun peque\u00f1o frente para las grandes compa\u00f1\u00edas que est\u00e1n como \u00fanicas<br \/>\nindustrializadoras. \u00bfC\u00f3mo competimos con una transnacional? Es como un embudo,<br \/>\nun oligopolio que controla.<\/p>\n<p>Cirio Ruiz Gonz\u00e1lez, presidente del Consejo Regional<br \/>\ndel Caf\u00e9 de Coatepec, se expresa as\u00ed del tema. Es ejidatario de Chavarrillo,<br \/>\nEmiliano Zapata, cerca de Xalapa (Veracruz), peque\u00f1o productor en una finca que<br \/>\nse transform\u00f3 a limonar debido a las plagas que han acechado a los cultivos.<\/p>\n<p>Analista y observador, franco en su palabra, expone<br \/>\nque desde la desaparici\u00f3n del Instituto Mexicano del Caf\u00e9 (Inmecaf\u00e9) se inici\u00f3<br \/>\nde manera agresiva la participaci\u00f3n del estado, se dijo que era la libre<br \/>\ncompetencia. <\/p>\n<p>M\u00e9xico no figura en la producci\u00f3n del caf\u00e9 a nivel<br \/>\nmundial, entre los mayores productores est\u00e1 Brasil con 60 millones de sacos,<br \/>\nM\u00e9xico apenas llega a 3.59 millones de sacos, y la mayor\u00eda de caf\u00e9 mexicano se<br \/>\nexporta a Estados Unidos.<\/p>\n<p>El gobierno ha dado mucha importancia al caf\u00e9 Robusta<br \/>\no canephora, especie originaria de \u00c1frica. En el mundo hay tres especies<br \/>\nimportantes. En M\u00e9xico se produce generalmente la especie ar\u00e1bica. Somos 550<br \/>\nmil familias que cultivamos el caf\u00e9, se estima que la mayor\u00eda pertenecen a<br \/>\npueblos originarios asentados en Chiapas, Veracruz, Oaxaca y Guerrero.<br \/>\nCultivamos caf\u00e9 no convencional al que se le ha tratado como gen\u00e9rico,<br \/>\nintentando degradarlo, queriendo decir que no se produce caf\u00e9 excelso. <\/p>\n<p>El tema de fondo es el caf\u00e9 Robusta, los fuertes<br \/>\nintereses y qui\u00e9n se queda con el mercado mexicano. De los 3.59 millones de<br \/>\nsacos que se estima que se van a producir en este ciclo, el consumo per c\u00e1pita<br \/>\nes de 1.6 kilos por habitante, esto significa que el consumo es de 3 millones<br \/>\nde sacos de los 3.59 \u00f3 4 millones que se dice que se produce, y alcanzar\u00eda para<br \/>\nque se consuma en nuestro pa\u00eds el caf\u00e9 mexicano que se exporta a precio muy<br \/>\nalto, en tanto que dos millones de sacos del arom\u00e1tico se importan.<\/p>\n<p>Costa Rica es un pa\u00eds que no deja entrar caf\u00e9 de menor<br \/>\ncalidad al que producen all\u00e1, en el caso de M\u00e9xico s\u00ed se permite, y no se<br \/>\ncontrola.<\/p>\n<p>En la aduana se recibe el caf\u00e9 que se importa para la<br \/>\nNestl\u00e9. El 85 por ciento del caf\u00e9 que se importa entra por el puerto de<br \/>\nVeracruz y se distribuye al pa\u00eds. No hay una ley que obligue a la calidad de la<br \/>\nespecie Robusta. <\/p>\n<p>El caf\u00e9 mexicano es biodiverso, y no gen\u00e9rico, a pesar<br \/>\nde que nos dicen pa\u00eds emergente. Los suaves colombianos son caf\u00e9 lavado que<br \/>\ntienen un proceso de despulpe y lavado.<\/p>\n<p>Nestl\u00e9 se ha encargado de decir que lo cortan<br \/>\nrevuelto, en un intento de desprestigio y con la intenci\u00f3n de pagarles menos.<br \/>\nUn caf\u00e9 revuelto se notar\u00eda en lo verde y seco, flotar\u00eda, pero no es cierto.<\/p>\n<p>Reci\u00e9n en noviembre se llev\u00f3 a cabo la Cumbre<br \/>\nLatinoamericana del Caf\u00e9 en Veracruz, que es un gran negocio. Se quieren quedar<br \/>\ncon el mercado mexicano. Ellos en laboratorios pueden crear los efectos de<br \/>\nsabores, le dan el color con pintura, az\u00facar, que son muy da\u00f1inos, y le agregan<br \/>\nm\u00e1s cafe\u00edna. <\/p>\n<p>Nestl\u00e9 tiene el mercado de alimentos a nivel mundial,<br \/>\npero en M\u00e9xico es el peor caso internacional, controlando la alimentaci\u00f3n,<br \/>\nporque el estado permite la adulteraci\u00f3n, la ley lo permite. No se les puede<br \/>\nsancionar porque sus mezclas no est\u00e1n fuera de la ley.<\/p>\n<p>En el mercado del caf\u00e9 ocupamos de referente a la<br \/>\nBolsa de Nueva York, ellos especulan, es un juego de apuestas, ganan con datos<br \/>\nmanipulados, son poderosos en el manejo de la informaci\u00f3n, tenemos que andar<br \/>\nescudri\u00f1ando los precios internacionales del caf\u00e9.<\/p>\n<p>Est\u00e1n contaminando la alimentaci\u00f3n con la tecnolog\u00eda<br \/>\naplicada al caf\u00e9 Robusta, quer\u00edan echar andar una planta de Nestl\u00e9 en la zona<br \/>\ndel puerto de Veracruz. Sabemos que en el camino Conejos-Totutla tienen una<br \/>\nplantaci\u00f3n de la especie Robusta propiedad de empresarios ligados a la Nestl\u00e9.<\/p>\n<p>El caf\u00e9 se cultiva de los 600 a los 1500 metros sobre<br \/>\nel nivel del mar, y en Veracruz quieren sembrar a menos de 800 metros del nivel<br \/>\ndel mar en condiciones de sol y con agroqu\u00edmicos, es un atentado a la ecolog\u00eda,<br \/>\nse intenta desplazar a las culturas originarias. <\/p>\n<p>Tenemos que andarnos defendiendo hasta del estado. Los<br \/>\npeque\u00f1os productores reciben apoyos en partes. La gente tiene que organizarse<br \/>\nque los apoyos sean directos a los productores, pero no nos debemos quedar ah\u00ed.\n<\/p>\n<p>Hay gente que est\u00e1 pagando bien los precios. Existe<br \/>\nriqueza en la biodiversidad frente a estas compa\u00f1\u00edas que sin raz\u00f3n han bajado<br \/>\nel precio. Desde los pueblos debemos estar informados de la cotizaci\u00f3n. Est\u00e1<br \/>\ncreciendo el n\u00famero de peque\u00f1os productores informados.<\/p>\n<p>Que los productores presionen a las compa\u00f1\u00edas y paguen<br \/>\nun precio justo.<\/p>\n<p>El presidente Andr\u00e9s Manuel L\u00f3pez Obrador se<br \/>\ncomprometi\u00f3 en el tiempo de su campa\u00f1a a cambio de los votos de los peque\u00f1os<br \/>\nproductores de caf\u00e9 de nuestro pa\u00eds, durante una reuni\u00f3n que se llev\u00f3 a cabo en<br \/>\nCuetzalan, Puebla, a revisar las pol\u00edticas p\u00fablicas, el consumo de caf\u00e9, y en<br \/>\nel caso de la Coordinara Nacional de Organizaciones Cafetaleras, examinar las<br \/>\nimportaciones, la calidad del caf\u00e9 e impulsar un esquema justo para el caf\u00e9<br \/>\nmexicano.<\/p>\n<p>En la actualidad lo m\u00e1s importante es la pol\u00edtica<br \/>\np\u00fablica, est\u00e1 bien dise\u00f1ada, pero no favorece a los productores de caf\u00e9.<\/p>\n<p>El tema de la calidad del caf\u00e9 tiene que transformarse<br \/>\nporque no solo depende del grano, la altura, el tama\u00f1o, se trata de desarrollo<br \/>\nsustentable.<\/p>\n<p>Quisiera ser campesino, afirma Cirio, quien estudi\u00f3<br \/>\nsociolog\u00eda, de ah\u00ed su inter\u00e9s por el comportamiento de la sociedad. Amante de<br \/>\nla tierra que es generosa, afirma que se puede vivir si respetamos el<br \/>\nequilibrio ecol\u00f3gico.<\/p>\n<p>No hay orden del estado en el caf\u00e9. Presentamos una<br \/>\npropuesta de ley para el caf\u00e9 en Oaxaca a trav\u00e9s de la senadora Susana Harp,<br \/>\nporque debe de haber un decreto en favor de los productores de caf\u00e9, una<br \/>\ninstituci\u00f3n que atienda el tema. <\/p>\n<p>Cirio, aguerrido defensor de los peque\u00f1os productores<br \/>\nde caf\u00e9, hizo un llamado a que revisen la informaci\u00f3n en la Comisi\u00f3n de<br \/>\nseguimiento de los precios del caf\u00e9 en Veracruz, que es un referente incluso<br \/>\npara otros estados, finaliz\u00f3 nuestro entrevistado.<\/p><\/p>\n","protected":false},"excerpt":{"rendered":"<p>La Vida en Rosa.<\/p>\n","protected":false},"author":1165,"featured_media":35450,"comment_status":"open","ping_status":"open","sticky":false,"template":"","format":"standard","meta":{"tdm_status":"","tdm_grid_status":"","footnotes":""},"categories":[25],"tags":[],"_links":{"self":[{"href":"https:\/\/dralvarez.com.mx\/larevista\/wp-json\/wp\/v2\/posts\/20504"}],"collection":[{"href":"https:\/\/dralvarez.com.mx\/larevista\/wp-json\/wp\/v2\/posts"}],"about":[{"href":"https:\/\/dralvarez.com.mx\/larevista\/wp-json\/wp\/v2\/types\/post"}],"author":[{"embeddable":true,"href":"https:\/\/dralvarez.com.mx\/larevista\/wp-json\/wp\/v2\/users\/1165"}],"replies":[{"embeddable":true,"href":"https:\/\/dralvarez.com.mx\/larevista\/wp-json\/wp\/v2\/comments?post=20504"}],"version-history":[{"count":1,"href":"https:\/\/dralvarez.com.mx\/larevista\/wp-json\/wp\/v2\/posts\/20504\/revisions"}],"predecessor-version":[{"id":35449,"href":"https:\/\/dralvarez.com.mx\/larevista\/wp-json\/wp\/v2\/posts\/20504\/revisions\/35449"}],"wp:featuredmedia":[{"embeddable":true,"href":"https:\/\/dralvarez.com.mx\/larevista\/wp-json\/wp\/v2\/media\/35450"}],"wp:attachment":[{"href":"https:\/\/dralvarez.com.mx\/larevista\/wp-json\/wp\/v2\/media?parent=20504"}],"wp:term":[{"taxonomy":"category","embeddable":true,"href":"https:\/\/dralvarez.com.mx\/larevista\/wp-json\/wp\/v2\/categories?post=20504"},{"taxonomy":"post_tag","embeddable":true,"href":"https:\/\/dralvarez.com.mx\/larevista\/wp-json\/wp\/v2\/tags?post=20504"}],"curies":[{"name":"wp","href":"https:\/\/api.w.org\/{rel}","templated":true}]}}