{"id":20496,"date":"2022-01-05T00:00:00","date_gmt":"2022-01-05T06:00:00","guid":{"rendered":"https:\/\/dralvarez.com.mx\/larevista\/blog\/el-circo-de-morena-y-la-consulta-que-se-perfila"},"modified":"2024-02-23T11:36:07","modified_gmt":"2024-02-23T17:36:07","slug":"el-circo-de-morena-y-la-consulta-que-se-perfila","status":"publish","type":"post","link":"https:\/\/dralvarez.com.mx\/larevista\/opiniones\/el-circo-de-morena-y-la-consulta-que-se-perfila","title":{"rendered":"El circo de Morena y la consulta que se perfila"},"content":{"rendered":"<p><b><i>Arsenal<\/i>, por: Francisco Garfias.<\/b><\/p>\n<\/p>\n<p>AMLO y sus morenos quieren destruir al INE, convertido<br \/>\nen el \u201cvillano favorito\u201d en tiempos de la 4T. En su ofensiva contra el \u00e1rbitro<br \/>\nelectoral, buscan llevarse entre las patas su autonom\u00eda. Poner consejeros<br \/>\nelectorales que se sometan a los dictados de Palacio Nacional. De otra forma no<br \/>\ntendr\u00eda sentido haber presentado una denuncia penal en la FGR contra los seis<br \/>\nconsejeros que votaron a favor de posponer la consulta de revocaci\u00f3n de mandato<br \/>\npor falta de financiamiento.<\/p>\n<p>Si la denuncia procede, la Fiscal\u00eda podr\u00eda pedir a la<br \/>\nC\u00e1mara de Diputados el desafuero de los seis: Lorenzo C\u00f3rdova, Ciro Murayama,<br \/>\nDania Ravel, Jaime Rivera, Jos\u00e9 Roberto Ruiz y Beatriz Claudia Zavala. El<br \/>\ndelito que les imputan es coalici\u00f3n de servidores p\u00fablicos.<\/p>\n<p>Los morenos no quieren la consulta para la revocaci\u00f3n<br \/>\nde mandato por p\u00e9rdida de confianza, como dice la Constituci\u00f3n. Lo que anhelan<br \/>\nes un espejito muy caro \u20143 mil 800 millones de pesos\u2014 que le diga al Presidente<br \/>\nque es el m\u00e1s popular. <\/p>\n<p>Las cosas, sin embargo, no le han salido a L\u00f3pez<br \/>\nObrador como \u00e9l quer\u00eda. Alg\u00fan exconsejero electoral me hizo notar que el<br \/>\nPresidente ya ve\u00eda a Claudio X. Gonz\u00e1lez, a Frena y a toda la oposici\u00f3n<br \/>\nrecolectando firmas para echarlo.<\/p>\n<p>No sucedi\u00f3. \u201cUna votaci\u00f3n baja, en abril, puede ser<br \/>\ndecepcionante. El circo de AMLO puede acabar con una consulta al pueblo con 5<br \/>\nmil casillas y ya\u201d, puntualiz\u00f3.<\/p>\n<p>El INE, por cierto, inform\u00f3 que acatar\u00e1 la resoluci\u00f3n<br \/>\nde la Comisi\u00f3n de Receso de la SCJN, que mandata continuar con el proceso de<br \/>\nrevocaci\u00f3n de mandato con el presupuesto existente. <\/p>\n<p>En un comunicado destaca que la resoluci\u00f3n de la<br \/>\nComisi\u00f3n de Receso del m\u00e1ximo tribunal \u2014integrada por Yasm\u00edn Esquivel y<br \/>\nMargarita R\u00edos-Farjat\u2014 es provisional y que el instituto se mantendr\u00e1 atento a<br \/>\nla resoluci\u00f3n de fondo que adopte el m\u00e1ximo tribunal.<\/p>\n<p>* AMLO ya tom\u00f3 partido en el conflicto que enfrenta al<br \/>\ngobernador de Veracruz, Cuitl\u00e1huac Garc\u00eda, con Ricardo Monreal y Dante Delgado,<br \/>\npor la detenci\u00f3n de Jos\u00e9 Manuel del R\u00edo Virgen, secretario t\u00e9cnico de la Junta<br \/>\nde Coordinaci\u00f3n Pol\u00edtica del Senado. Acusan al funcionario, de origen emecista,<br \/>\ndel asesinato de un excandidato a presidente municipal.<\/p>\n<p>Sin mucho pensarlo, y luego de admitir que a lo mejor<br \/>\nno es objetivo, dijo que Cuitl\u00e1huac es de los \u201cmejores gobernadores\u201d que ha<br \/>\ntenido Veracruz y que es \u201cincapaz de cometer una injusticia\u201d. \u00bfLo es? En el<br \/>\nSenado, por lo pronto, ya no se habla de desaparici\u00f3n de poderes en Veracruz<br \/>\npor el rompimiento del orden constitucional que le achacan a Cuitl\u00e1huac.<\/p>\n<p>Un grupo plural de senadores, encabezados por Monreal,<br \/>\nconvocaron a rueda de prensa para posicionarse frente al \u201cuso faccioso de las<br \/>\ninstituciones con fines de persecuci\u00f3n pol\u00edtica\u201d en la entidad. No permitieron<br \/>\npreguntas. Tampoco hubo una sola menci\u00f3n por su nombre al gobernador de la<br \/>\nentidad, Cuitl\u00e1huac Garc\u00eda. S\u00f3lo el anuncio de que ser\u00e1 creada una Comisi\u00f3n<br \/>\nEspecial Plural para determinar la existencia de probables abusos de autoridad<br \/>\ny violaciones al Estado de derecho en Veracruz. <\/p>\n<p>La comisi\u00f3n ser\u00e1 presidida por Dante Delgado. Los<br \/>\nsecretarios generales ser\u00e1n Julen Rementer\u00eda, coordinador de la bancada del<br \/>\nPAN, y el morenista Eduardo Ram\u00edrez, expresidente de la Mesa Directiva del<br \/>\nSenado. La integran tambi\u00e9n Beatriz Paredes, Miguel Mancera, Ra\u00fal Bola\u00f1os, y<br \/>\nSasil de Le\u00f3n. <\/p>\n<p>Una fuente de la Jucopo nos dijo que se opt\u00f3 por bajar<br \/>\nel tono y privilegiar los buenos oficios del secretario de Gobernaci\u00f3n, Ad\u00e1n<br \/>\nAugusto L\u00f3pez, para sacar de la c\u00e1rcel a Del R\u00edo Virgen.<\/p>\n<p>Monreal se entrevist\u00f3 el jueves con el titular de la<br \/>\nSegob apenas se enter\u00f3 de que Del R\u00edo Virgen, su mano derecha, pasar\u00e1<br \/>\nNochebuena y A\u00f1o Nuevo tras las rejas. Ese d\u00eda, un juez de control dict\u00f3<br \/>\nprisi\u00f3n preventiva en contra de Del R\u00edo Virgen por el asesinato de Ren\u00e9 Tovar,<br \/>\ncandidato del partido naranja a la presidencia municipal de Cazones, Veracruz.<\/p>\n<p>Monreal y Dante han denunciado reiteradamente el uso<br \/>\nindiscriminado, en Veracruz, del delito de \u201cultraje a la autoridad\u201d por parte<br \/>\ndel gobierno del estado. Los dos senadores fueron arropados por coordinadores<br \/>\nparlamentarios e integrantes de las distintas bancadas en el Senado.<\/p><\/p>\n","protected":false},"excerpt":{"rendered":"<p>Arsenal.<\/p>\n","protected":false},"author":1035,"featured_media":0,"comment_status":"open","ping_status":"open","sticky":false,"template":"","format":"standard","meta":{"tdm_status":"","tdm_grid_status":"","footnotes":""},"categories":[25],"tags":[],"_links":{"self":[{"href":"https:\/\/dralvarez.com.mx\/larevista\/wp-json\/wp\/v2\/posts\/20496"}],"collection":[{"href":"https:\/\/dralvarez.com.mx\/larevista\/wp-json\/wp\/v2\/posts"}],"about":[{"href":"https:\/\/dralvarez.com.mx\/larevista\/wp-json\/wp\/v2\/types\/post"}],"author":[{"embeddable":true,"href":"https:\/\/dralvarez.com.mx\/larevista\/wp-json\/wp\/v2\/users\/1035"}],"replies":[{"embeddable":true,"href":"https:\/\/dralvarez.com.mx\/larevista\/wp-json\/wp\/v2\/comments?post=20496"}],"version-history":[{"count":1,"href":"https:\/\/dralvarez.com.mx\/larevista\/wp-json\/wp\/v2\/posts\/20496\/revisions"}],"predecessor-version":[{"id":35442,"href":"https:\/\/dralvarez.com.mx\/larevista\/wp-json\/wp\/v2\/posts\/20496\/revisions\/35442"}],"wp:attachment":[{"href":"https:\/\/dralvarez.com.mx\/larevista\/wp-json\/wp\/v2\/media?parent=20496"}],"wp:term":[{"taxonomy":"category","embeddable":true,"href":"https:\/\/dralvarez.com.mx\/larevista\/wp-json\/wp\/v2\/categories?post=20496"},{"taxonomy":"post_tag","embeddable":true,"href":"https:\/\/dralvarez.com.mx\/larevista\/wp-json\/wp\/v2\/tags?post=20496"}],"curies":[{"name":"wp","href":"https:\/\/api.w.org\/{rel}","templated":true}]}}