{"id":20494,"date":"2022-01-05T00:00:00","date_gmt":"2022-01-05T06:00:00","guid":{"rendered":"https:\/\/dralvarez.com.mx\/larevista\/blog\/feliz-y-prospero-ano-nuevo"},"modified":"2024-02-23T11:36:04","modified_gmt":"2024-02-23T17:36:04","slug":"feliz-y-prospero-ano-nuevo","status":"publish","type":"post","link":"https:\/\/dralvarez.com.mx\/larevista\/opiniones\/feliz-y-prospero-ano-nuevo","title":{"rendered":"Feliz y pr\u00f3spero A\u00f1o Nuevo"},"content":{"rendered":"<p><b>Editorial La Revista Peninsular<\/b><\/p>\n<\/p>\n<p>Ha llegado el fin del 2021 y no quisiera dejar pasar<br \/>\nla ocasi\u00f3n sin agradecer una vez m\u00e1s a la audiencia de La Revista, as\u00ed como a<br \/>\nnuestros patrocinadores, colaboradores y seguidores, su confianza y<br \/>\npreferencia. Gracias a ustedes, concluimos otro a\u00f1o siendo el medio de<br \/>\ndiscusi\u00f3n pol\u00edtica m\u00e1s importante del sureste mexicano.<\/p>\n<p>Este fue un a\u00f1o complejo y con muchos retos ya que<br \/>\ntuvimos que asimilar la \u201cnueva normalidad\u201d que trajo consigo la pandemia del<br \/>\nCOVID-19. As\u00ed, comenzamos a retomar nuestras actividades gracias al acceso a<br \/>\nlas vacunas, pero procurando las medidas de seguridad sanitaria como el uso del<br \/>\ncubreboca y la sana distancia. En las \u00faltimas semanas, el surgimiento de la<br \/>\nvariante \u201comicr\u00f3n\u201d nos record\u00f3 que la pandemia a\u00fan no termina y que es<br \/>\nnecesario mantener la guardia en alto para poder responder ante posibles<br \/>\nriesgos y amenazas.<\/p>\n<p>Dado que la pandemia impact\u00f3 en pr\u00e1cticamente todos<br \/>\nlos aspectos de nuestra vida, tanto en lo local como en lo global, nos vimos en<br \/>\nla necesidad de replantear planes y expectativas. Sin intenci\u00f3n de minimizar<br \/>\nlas frustraciones y penas que se han vivido por el COVID-19 en el \u00faltimo par de<br \/>\na\u00f1os, merece la pena mencionar que esta contingencia nos ha permitido<br \/>\nreflexionar sobre nuestras prioridades para darnos cuenta que, por encima de<br \/>\ncualquier otra cosa, primero est\u00e1n la salud y el bienestar de familiares y<br \/>\nseres queridos.<\/p>\n<p>Este a\u00f1o vimos con dolor que pasaran a mejor vida<br \/>\npersonas a las cuales les ten\u00edamos amor y cari\u00f1o. Con sumo respeto, hago una<br \/>\noraci\u00f3n por quienes hoy ya no se encuentran con nosotros en cuerpo, s\u00f3lo en<br \/>\nmemoria. Mantengamos vivo su recuerdo siempre.<\/p>\n<p>Por otra parte, el 2022 promete ser un a\u00f1o con mucha<br \/>\nactividad, especialmente en la materia que compete a estas p\u00e1ginas: La<br \/>\npol\u00edtica.<\/p>\n<p>En lo nacional, este a\u00f1o tendremos elecciones en<br \/>\nHidalgo, Durango, Quintana Roo, Tamaulipas, Oaxaca y Aguascalientes. Esperemos<br \/>\nque estos comicios se desarrollen en un ambiente de paz y legalidad para que se<br \/>\ngaranticen sus fines democr\u00e1ticos.<\/p>\n<p>De igual manera, en los \u00e1mbitos nacional y local,<br \/>\nsurgir\u00e1n y caer\u00e1n aspirantes a los m\u00faltiples espacios de poder que se<br \/>\ndisputar\u00e1n en el 2024. Por supuesto, estaremos al pendiente de c\u00f3mo<br \/>\nevolucionar\u00e1 el panorama pol\u00edtico, en el estado y en todo el pa\u00eds, de cara a la<br \/>\npr\u00f3xima \u201cgran elecci\u00f3n\u201d.<\/p>\n<p>El panorama internacional tambi\u00e9n dar\u00e1 de qu\u00e9 hablar<br \/>\nen los pr\u00f3ximos meses. Temas como el cambio clim\u00e1tico, la migraci\u00f3n, la disputa<br \/>\necon\u00f3mica entre Estados Unidos y China, los intereses b\u00e9licos de Rusia y sus<br \/>\nconsecuencias en la econom\u00eda mundial y el terrorismo, por mencionar algunos,<br \/>\nestar\u00e1n presentes en los encabezados de la prensa internacional por el impacto<br \/>\nque tendr\u00e1n a nivel global.<\/p>\n<p>Desde La Revista, cubriremos toda noticia que surja en<br \/>\nla ciudad, el estado, el pa\u00eds y el mundo, para hacerles llegar informaci\u00f3n<br \/>\nveraz y objetiva, al igual que an\u00e1lisis oportunos y las opiniones de expertos<br \/>\nen su materia.<\/p>\n<p>Sin temor a parecer reiterativo pues nunca ser\u00e1<br \/>\nsuficiente, agradecemos enormemente a nuestra audiencia, patrocinadores y<br \/>\ncolaboradores por su confianza y sus aportaciones. El 2022 no pinta sencillo,<br \/>\npero estamos entusiasmados de hacer frente a sus retos pues sabemos que, con su<br \/>\napoyo, podremos superar cualquier obst\u00e1culo para seguir vigentes en este gran<br \/>\ncompromiso de informar.<\/p>\n<p><b>\u00a1Les<br \/>\ndeseamos un feliz y pr\u00f3spero A\u00f1o Nuevo!<\/b><\/p><\/p>\n","protected":false},"excerpt":{"rendered":"<p>Editorial La Revista Peninsular.<\/p>\n","protected":false},"author":1111,"featured_media":35441,"comment_status":"open","ping_status":"open","sticky":false,"template":"","format":"standard","meta":{"tdm_status":"","tdm_grid_status":"","footnotes":""},"categories":[25],"tags":[],"_links":{"self":[{"href":"https:\/\/dralvarez.com.mx\/larevista\/wp-json\/wp\/v2\/posts\/20494"}],"collection":[{"href":"https:\/\/dralvarez.com.mx\/larevista\/wp-json\/wp\/v2\/posts"}],"about":[{"href":"https:\/\/dralvarez.com.mx\/larevista\/wp-json\/wp\/v2\/types\/post"}],"author":[{"embeddable":true,"href":"https:\/\/dralvarez.com.mx\/larevista\/wp-json\/wp\/v2\/users\/1111"}],"replies":[{"embeddable":true,"href":"https:\/\/dralvarez.com.mx\/larevista\/wp-json\/wp\/v2\/comments?post=20494"}],"version-history":[{"count":1,"href":"https:\/\/dralvarez.com.mx\/larevista\/wp-json\/wp\/v2\/posts\/20494\/revisions"}],"predecessor-version":[{"id":35440,"href":"https:\/\/dralvarez.com.mx\/larevista\/wp-json\/wp\/v2\/posts\/20494\/revisions\/35440"}],"wp:featuredmedia":[{"embeddable":true,"href":"https:\/\/dralvarez.com.mx\/larevista\/wp-json\/wp\/v2\/media\/35441"}],"wp:attachment":[{"href":"https:\/\/dralvarez.com.mx\/larevista\/wp-json\/wp\/v2\/media?parent=20494"}],"wp:term":[{"taxonomy":"category","embeddable":true,"href":"https:\/\/dralvarez.com.mx\/larevista\/wp-json\/wp\/v2\/categories?post=20494"},{"taxonomy":"post_tag","embeddable":true,"href":"https:\/\/dralvarez.com.mx\/larevista\/wp-json\/wp\/v2\/tags?post=20494"}],"curies":[{"name":"wp","href":"https:\/\/api.w.org\/{rel}","templated":true}]}}