{"id":20492,"date":"2022-01-05T00:00:00","date_gmt":"2022-01-05T06:00:00","guid":{"rendered":"https:\/\/dralvarez.com.mx\/larevista\/blog\/organismos-autonomos-prueba-de-estres"},"modified":"2024-02-23T11:36:01","modified_gmt":"2024-02-23T17:36:01","slug":"organismos-autonomos-prueba-de-estres","status":"publish","type":"post","link":"https:\/\/dralvarez.com.mx\/larevista\/opiniones\/organismos-autonomos-prueba-de-estres","title":{"rendered":"Organismos aut\u00f3nomos:  Prueba de estr\u00e9s"},"content":{"rendered":"<p><b>Por: Pascal Beltr\u00e1n del R\u00edo.<\/b><\/p>\n<p>Mediante tres anuncios realizados en el lapso de menos de un mes, el presidente Andr\u00e9s Manuel L\u00f3pez Obrador ha hecho ver que someter\u00e1 a prueba la resistencia de tres pilares institucionales de la vida p\u00fablica de M\u00e9xico: el Banco de M\u00e9xico, el Inegi y el Instituto Federal Electoral.<\/p>\n<p>El 24 de noviembre dio a conocer que propondr\u00eda a la subsecretaria de Egresos de Hacienda, Victoria Rodr\u00edguez Ceja, como pr\u00f3xima gobernadora del Banco de M\u00e9xico.<\/p>\n<p>Luego, el pasado mi\u00e9rcoles 15, inform\u00f3 que nominar\u00eda a la exsubsecretaria de Econom\u00eda Graciela M\u00e1rquez para presidir el Instituto Nacional de Geograf\u00eda y Estad\u00edstica.<\/p>\n<p>Finalmente, el viernes \u00faltimo, acus\u00f3 a una mayor\u00eda de miembros del Consejo General del INE de parecer \u201cabogados huizacheros\u201d por practicar \u201cchicanadas, t\u00e1cticas dilatorias\u201d ante la eventual consulta de revocaci\u00f3n de mandato, por posponer la realizaci\u00f3n de la misma hasta contar con el otorgamiento de presupuesto suficiente.<\/p>\n<p>\u201cEl tema de fondo es que se va a poner el precedente hist\u00f3rico, lo quieran o no lo quieran, de que el pueblo va a ejercer su derecho a la revocaci\u00f3n del mandato\u201d, afirm\u00f3. Y agreg\u00f3 que el asunto no est\u00e1 decidido, pues \u201ctodav\u00eda queda la instancia del Tribunal Electoral y luego la Corte\u201d.<\/p>\n<p>Lo que es seguro es que se sabr\u00e1 si esas tres instituciones \u2013Banxico, Inegi e INE\u2013 soportaron la prueba de estr\u00e9s o sucumbieron bajo la presi\u00f3n del Ejecutivo para pasar por encima de su autonom\u00eda y hacerlas funcionar a su antojo. De por s\u00ed ya son se\u00f1ales ominosas las que se han dado. Veamos:<\/p>\n<p>Rodr\u00edguez Ceja asumir\u00e1 el cargo de gobernadora, luego de que el Presidente se rehus\u00f3 a renovar el mandato de Alejandro D\u00edaz de Le\u00f3n, cosa que se anunci\u00f3 poco despu\u00e9s de que la Junta de Gobierno de la instituci\u00f3n se negara a entregarle los remanentes de sus operaciones financieras que L\u00f3pez Obrador dec\u00eda que correspond\u00edan a su gobierno.<\/p>\n<p>Despu\u00e9s, reneg\u00f3 de la nominaci\u00f3n de Arturo Herrera, a quien retir\u00f3 de la Secretar\u00eda de Hacienda para que se preparara para suceder a D\u00edaz de Le\u00f3n. Existe la versi\u00f3n de que Herrera cay\u00f3 de la gracia presidencial cuando se neg\u00f3 a dosificar, como le hab\u00eda pedido su entonces jefe, las partidas federales destinadas a los estados en v\u00edsperas de las elecciones de junio.<\/p>\n<p>Veremos, a futuro, c\u00f3mo se comporta el Banco de M\u00e9xico en el manejo de la pol\u00edtica monetaria, ahora que su Junta de Gobierno est\u00e1 integrada por una mayor\u00eda de personas nominadas por el Presidente. El viernes, desde Tabasco, L\u00f3pez Obrador envi\u00f3 la se\u00f1al de que le importa mucho el tipo de cambio. Ser\u00eda lamentable que la instituci\u00f3n tomara decisiones para apuntalarlo como \u00e9l quiere y no se enfocara en su mandato central: el control de la inflaci\u00f3n.<\/p>\n<p>Pasemos ahora a ver qu\u00e9 sucede en el Inegi. Hab\u00eda buenas razones para que su presidente, Julio Santaella, repitiera en el cargo. O, cuando menos, no hab\u00eda motivos para que eso no ocurriera. Sin embargo, L\u00f3pez Obrador decidi\u00f3 que all\u00ed est\u00e9 su exsecretaria de Econom\u00eda, Graciela M\u00e1rquez.<\/p>\n<p>En 2008, cuando el presidente Calder\u00f3n hizo el mismo movimiento con Eduardo Sojo, los entonces opositores que hoy son gobierno denunciaron que eso pon\u00eda en jaque la autonom\u00eda. Lo cierto es que Sojo resisti\u00f3 presiones de los gobiernos de Felipe Calder\u00f3n y Enrique Pe\u00f1a Nieto, pero el oficialismo act\u00faa con hipocres\u00eda al avalar, hoy, el mismo tipo de nominaci\u00f3n que entonces rechaz\u00f3.<\/p>\n<p>Veremos si los importantes insumos informativos del Inegi no bajan de calidad o de frecuencia, porque hay muchas ocasiones en que lo que revela la instituci\u00f3n no es del gusto del gobierno en turno.<\/p>\n<p>Pronto sabremos c\u00f3mo se pronuncian el Tribunal Electoral y la Suprema Corte sobre la decisi\u00f3n de una mayor\u00eda de consejeros del INE de posponer \u2013no cancelar\u2013 la realizaci\u00f3n de la consulta de revocaci\u00f3n de mandato ante la insuficiencia presupuestal. Si aquellas instituciones aut\u00f3nomas ceden ante la presi\u00f3n y no convencen que act\u00faan con apego a la ley, las autonom\u00edas habr\u00e1n perdido la partida ante el autoritarismo.<\/p>\n<p>Ser\u00e1, como digo, una prueba de estr\u00e9s.<\/p>\n","protected":false},"excerpt":{"rendered":"<p>Por: Pascal Beltr\u00e1n del R\u00edo.<\/p>\n","protected":false},"author":1127,"featured_media":35439,"comment_status":"open","ping_status":"open","sticky":false,"template":"","format":"standard","meta":{"tdm_status":"","tdm_grid_status":"","footnotes":""},"categories":[25],"tags":[],"_links":{"self":[{"href":"https:\/\/dralvarez.com.mx\/larevista\/wp-json\/wp\/v2\/posts\/20492"}],"collection":[{"href":"https:\/\/dralvarez.com.mx\/larevista\/wp-json\/wp\/v2\/posts"}],"about":[{"href":"https:\/\/dralvarez.com.mx\/larevista\/wp-json\/wp\/v2\/types\/post"}],"author":[{"embeddable":true,"href":"https:\/\/dralvarez.com.mx\/larevista\/wp-json\/wp\/v2\/users\/1127"}],"replies":[{"embeddable":true,"href":"https:\/\/dralvarez.com.mx\/larevista\/wp-json\/wp\/v2\/comments?post=20492"}],"version-history":[{"count":1,"href":"https:\/\/dralvarez.com.mx\/larevista\/wp-json\/wp\/v2\/posts\/20492\/revisions"}],"predecessor-version":[{"id":35438,"href":"https:\/\/dralvarez.com.mx\/larevista\/wp-json\/wp\/v2\/posts\/20492\/revisions\/35438"}],"wp:featuredmedia":[{"embeddable":true,"href":"https:\/\/dralvarez.com.mx\/larevista\/wp-json\/wp\/v2\/media\/35439"}],"wp:attachment":[{"href":"https:\/\/dralvarez.com.mx\/larevista\/wp-json\/wp\/v2\/media?parent=20492"}],"wp:term":[{"taxonomy":"category","embeddable":true,"href":"https:\/\/dralvarez.com.mx\/larevista\/wp-json\/wp\/v2\/categories?post=20492"},{"taxonomy":"post_tag","embeddable":true,"href":"https:\/\/dralvarez.com.mx\/larevista\/wp-json\/wp\/v2\/tags?post=20492"}],"curies":[{"name":"wp","href":"https:\/\/api.w.org\/{rel}","templated":true}]}}