{"id":20480,"date":"2022-01-05T00:00:00","date_gmt":"2022-01-05T06:00:00","guid":{"rendered":"https:\/\/dralvarez.com.mx\/larevista\/blog\/enorme-bocanada-de-oxigeno-puro-2"},"modified":"2024-02-23T11:35:32","modified_gmt":"2024-02-23T17:35:32","slug":"enorme-bocanada-de-oxigeno-puro-2","status":"publish","type":"post","link":"https:\/\/dralvarez.com.mx\/larevista\/opiniones\/enorme-bocanada-de-oxigeno-puro-2","title":{"rendered":"Enorme bocanada de ox\u00edgeno puro"},"content":{"rendered":"<p><b>Por: Marco Antonio Cortez Navarrete.<\/b><\/p>\n<\/p>\n<p>Catarsis. As\u00ed defino el comportamiento de las y los<br \/>\nyucatecos, lo que hoy se observa y aprecia en las calles y colonias de M\u00e9rida y<br \/>\nestoy casi seguro que tambi\u00e9n sucede lo mismo entre los habitantes de los 105<br \/>\nmunicipios del interior del estado.<\/p>\n<p>La catarsis, es una palabra descrita en la definici\u00f3n<br \/>\nde tragedia en la po\u00e9tica de Arist\u00f3teles: purificaci\u00f3n emocional, corporal,<br \/>\nmental y espiritual.<\/p>\n<p>Esto es, exactamente, lo que est\u00e1 pasando en nuestra<br \/>\nsociedad y me atrevo a hacerlo extensivo al \u00e1mbito nacional.<\/p>\n<p>En estas fechas no importa el d\u00eda y la hora, calles,<br \/>\ncentros comerciales y todo tipo de comercios relacionados con la actividad<br \/>\necon\u00f3mica y productividad viven una din\u00e1mica muy especial debido a que en esta<br \/>\n\u00e9poca del a\u00f1o pareciera que vemos el final de un largo y oscuro t\u00fanel en cuyo<br \/>\ntrayecto caus\u00f3 mucho da\u00f1o y dolor.<\/p>\n<p>Miles de personas de todas las edades se fueron<br \/>\nprematuramente y una cantidad mucho mayor a\u00fan no logra superar el temor, la<br \/>\nansiedad y la depresi\u00f3n originados por el encierro.<\/p>\n<p>Solo recordar, porque as\u00ed tiene que ser, que 2020 pas\u00f3<br \/>\na la historia como uno de los peores a\u00f1os de la \u00e9poca moderna y este 2021 que<br \/>\nest\u00e1 a punto de terminar tambi\u00e9n gener\u00f3 m\u00faltiples afectaciones, en menor o<br \/>\nmayor grado, los ritmos y estilos de vida, la econom\u00eda y las finanzas se vieron<br \/>\nseriamente afectadas.<\/p>\n<p>Podr\u00edamos decir que de la crisis emergieron otros<br \/>\nnegocios como los relacionados con la industria farmac\u00e9utica, que se pelean el<br \/>\ncontrol del mercado con estrategias medi\u00e1ticas buscando colocar sus productos<br \/>\ncomo los m\u00e1s efectivos. El tema va desde las vacunas, medicamentos y hasta los<br \/>\nsanitizantes y cubrebocas, entre muchos m\u00e1s.<\/p>\n<p>El virus SARS-CoV-2 ha mutado una y otra vez hasta<br \/>\nllegar al grado de pensar en la posibilidad de potenciales fusiones de las<br \/>\nvariantes. El caso es que al parecer la ciudadan\u00eda ya entendi\u00f3 el valor que<br \/>\ntienen las medidas de seguridad e higiene dentro y fuera del hogar.<\/p>\n<p>No s\u00e9, pero lo que s\u00ed aplaudo es la aplicaci\u00f3n de una<br \/>\ntercera dosis de vacunas calificadas como &#8220;refuerzo&#8221;, recurriendo a<br \/>\nla misma estrategia usada para las primeras dosis. En Europa, en el llamado<br \/>\nviejo mundo o viejo continente a\u00fan son miles las personas que se resisten a<br \/>\nrecibir los biol\u00f3gicos, causando rebrotes y amenazando con vivir lo que hoy no<br \/>\nse aprecia en nuestro estado y pa\u00eds, afortunadamente.<\/p>\n<p>En Yucat\u00e1n, las vacunas contin\u00faan llegando y se<br \/>\naplican por ahora a las personas mayores y adolescentes. Seg\u00fan el gobierno<br \/>\ntodav\u00eda hay unas 200 mil personas que no han sido vacunadas y esperamos que<br \/>\npronto lo hagan.<\/p>\n<p>Las autoridades est\u00e1n haciendo su parte como tambi\u00e9n<br \/>\nlo hace la sociedad que ya entendi\u00f3 -reitero- la importancia de cumplir con<br \/>\ntodos los protocolos sanitarios. Es de llamar la atenci\u00f3n que desde el 11 de<br \/>\ndiciembre el n\u00famero de personas que han fallecido por Covid ha sido de uno al<br \/>\nd\u00eda, no es nada agradable, desde luego, pero representa un signo alentador.<\/p>\n<p>En ese mismo lapso el n\u00famero de contagios al d\u00eda es menor<br \/>\nde 20 y se dice que varios de ellos son porque las personas que se han<br \/>\ncontagiado a\u00fan no se vacunan.<\/p>\n<p>A nivel nacional e internacional el Covid-19 ha dejado<br \/>\ncifras para olvidar. En M\u00e9xico, hasta el momento de escribir este texto son 3,9<br \/>\nmillones de personas las que se han contagiado y de estas m\u00e1s de 297 mil<br \/>\nperdieron la batalla. En el mundo han sido v\u00edctimas de esta infecci\u00f3n 273<br \/>\nmillones de seres humanos de los cuales poco m\u00e1s de 5,3 millones han perdido la<br \/>\nvida.<\/p>\n<p>Estoy cierto que debido al programa de vacunaci\u00f3n y<br \/>\nlas medidas de higiene y seguridad, han permitido que hoy la ciudadan\u00eda salga a<br \/>\nlas calles y asistan a los locales conscientes de utilizar cubrebocas y guardar<br \/>\nla sana distancia en la medida de lo posible, ayudando en esta labor los<br \/>\ncontroles adoptados en pr\u00e1cticamente todos los sitios p\u00fablicos.<\/p>\n<p>Es as\u00ed como del encierro en 2020 y parte del 2021 hoy<br \/>\nla gente por fin se libera y da un enorme gran respiro, dejando de lado el<br \/>\ndolor la ansiedad y el estr\u00e9s para tratar de disfrutar de este periodo vacacional<br \/>\ndecembrino. El ser humano, dicta la naturaleza, tiene el pleno derecho de ser<br \/>\nfeliz a\u00fan con lo sucedido; la vida, con nosotros o sin nosotros, contin\u00faa.<\/p>\n<p><b>\u00a1Hasta<br \/>\nla pr\u00f3xima!<\/b><\/p><\/p>\n","protected":false},"excerpt":{"rendered":"<p>Por: Marco Antonio Cortez Navarrete.<\/p>\n","protected":false},"author":1124,"featured_media":35428,"comment_status":"open","ping_status":"open","sticky":false,"template":"","format":"standard","meta":{"tdm_status":"","tdm_grid_status":"","footnotes":""},"categories":[25],"tags":[],"_links":{"self":[{"href":"https:\/\/dralvarez.com.mx\/larevista\/wp-json\/wp\/v2\/posts\/20480"}],"collection":[{"href":"https:\/\/dralvarez.com.mx\/larevista\/wp-json\/wp\/v2\/posts"}],"about":[{"href":"https:\/\/dralvarez.com.mx\/larevista\/wp-json\/wp\/v2\/types\/post"}],"author":[{"embeddable":true,"href":"https:\/\/dralvarez.com.mx\/larevista\/wp-json\/wp\/v2\/users\/1124"}],"replies":[{"embeddable":true,"href":"https:\/\/dralvarez.com.mx\/larevista\/wp-json\/wp\/v2\/comments?post=20480"}],"version-history":[{"count":1,"href":"https:\/\/dralvarez.com.mx\/larevista\/wp-json\/wp\/v2\/posts\/20480\/revisions"}],"predecessor-version":[{"id":35427,"href":"https:\/\/dralvarez.com.mx\/larevista\/wp-json\/wp\/v2\/posts\/20480\/revisions\/35427"}],"wp:featuredmedia":[{"embeddable":true,"href":"https:\/\/dralvarez.com.mx\/larevista\/wp-json\/wp\/v2\/media\/35428"}],"wp:attachment":[{"href":"https:\/\/dralvarez.com.mx\/larevista\/wp-json\/wp\/v2\/media?parent=20480"}],"wp:term":[{"taxonomy":"category","embeddable":true,"href":"https:\/\/dralvarez.com.mx\/larevista\/wp-json\/wp\/v2\/categories?post=20480"},{"taxonomy":"post_tag","embeddable":true,"href":"https:\/\/dralvarez.com.mx\/larevista\/wp-json\/wp\/v2\/tags?post=20480"}],"curies":[{"name":"wp","href":"https:\/\/api.w.org\/{rel}","templated":true}]}}