{"id":20476,"date":"2022-01-05T00:00:00","date_gmt":"2022-01-05T06:00:00","guid":{"rendered":"https:\/\/dralvarez.com.mx\/larevista\/blog\/feliz-nochebuena-y-navidad"},"modified":"2024-02-23T11:35:25","modified_gmt":"2024-02-23T17:35:25","slug":"feliz-nochebuena-y-navidad","status":"publish","type":"post","link":"https:\/\/dralvarez.com.mx\/larevista\/opiniones\/feliz-nochebuena-y-navidad","title":{"rendered":"Feliz Nochebuena y Navidad"},"content":{"rendered":"<p><b>Editorial La Revista Peninsular<\/b><\/p>\n<\/p>\n<p>Llegaron las \u00faltimas semanas del a\u00f1o y con ellas las<br \/>\ncelebraciones de Nochebuena y Navidad. Estas fechas son muy especiales para<br \/>\ntodos nosotros pues, adem\u00e1s de las tradicionales fiestas que las acompa\u00f1an las<br \/>\ncuales nos dan la oportunidad de convivir en familia y con nuestros seres<br \/>\nqueridos, nos invitan a la reflexi\u00f3n y al agradecimiento.<\/p>\n<p>As\u00ed pues, en primer lugar, me gustar\u00eda aprovechar este<br \/>\nespacio para enviar a la gran audiencia de La Revista, as\u00ed como a nuestros<br \/>\npatrocinadores, colaboradores y seguidores, un afectuoso abrazo y mis m\u00e1s<br \/>\nsinceros deseos de que sus hogares est\u00e9n llenos de paz y armon\u00eda durante estas<br \/>\nfechas.<\/p>\n<p>Espero de todo coraz\u00f3n que puedan celebrar y disfrutar<br \/>\nla Nochebuena y la Navidad en compa\u00f1\u00eda de sus familiares, seres queridos y<br \/>\namigos.<\/p>\n<p>Recordemos que estos son tiempos de dar, pero no solo<br \/>\nen lo material pues tambi\u00e9n podemos darle a los dem\u00e1s nuestro tiempo, atenci\u00f3n<br \/>\ny cari\u00f1o. De igual manera, no debemos dar pensando en qu\u00e9 recibiremos a cambio<br \/>\no qu\u00e9 sacrificaremos, sino que debemos dar para hacer felices a los dem\u00e1s pues<br \/>\nen la felicidad del otro podremos encontrar la nuestra.<\/p>\n<p>En estos tiempos de competitividad excesiva,<br \/>\nindividualismo y falta de contacto por la dependencia a las tecnolog\u00edas, darnos<br \/>\na otras personas puede ser un regalo invaluable.<\/p>\n<p>Por \u00faltimo, pero no por eso menos importante,<br \/>\nagradezco enormemente a Dios por permitirme compartir con ustedes estos<br \/>\nmomentos. Los tiempos que estamos viviendo son un desaf\u00edo para cada uno de<br \/>\nnosotros, pero hay que enfrentarlos con fortaleza y, sobre todo, con mucha FE.<\/p>\n<p>Si me permiten, con mucho respeto, pido una oraci\u00f3n<br \/>\npor quienes han partido y ya no se encuentran con nosotros. Su recuerdo nos<br \/>\npermite sentirlos cerca\u2026<\/p>\n<p>\u00a1Les<br \/>\ndeseamos a ustedes y a los suyos que tengan <\/p>\n<p>una<br \/>\nmuy feliz Nochebuena y Navidad!<\/p>\n<p><b>Rodrigo<br \/>\nMen\u00e9ndez<\/b><\/p><\/p>\n","protected":false},"excerpt":{"rendered":"<p>Editorial La Revista Peninsular.<\/p>\n","protected":false},"author":1111,"featured_media":35424,"comment_status":"open","ping_status":"open","sticky":false,"template":"","format":"standard","meta":{"tdm_status":"","tdm_grid_status":"","footnotes":""},"categories":[25],"tags":[],"_links":{"self":[{"href":"https:\/\/dralvarez.com.mx\/larevista\/wp-json\/wp\/v2\/posts\/20476"}],"collection":[{"href":"https:\/\/dralvarez.com.mx\/larevista\/wp-json\/wp\/v2\/posts"}],"about":[{"href":"https:\/\/dralvarez.com.mx\/larevista\/wp-json\/wp\/v2\/types\/post"}],"author":[{"embeddable":true,"href":"https:\/\/dralvarez.com.mx\/larevista\/wp-json\/wp\/v2\/users\/1111"}],"replies":[{"embeddable":true,"href":"https:\/\/dralvarez.com.mx\/larevista\/wp-json\/wp\/v2\/comments?post=20476"}],"version-history":[{"count":1,"href":"https:\/\/dralvarez.com.mx\/larevista\/wp-json\/wp\/v2\/posts\/20476\/revisions"}],"predecessor-version":[{"id":35423,"href":"https:\/\/dralvarez.com.mx\/larevista\/wp-json\/wp\/v2\/posts\/20476\/revisions\/35423"}],"wp:featuredmedia":[{"embeddable":true,"href":"https:\/\/dralvarez.com.mx\/larevista\/wp-json\/wp\/v2\/media\/35424"}],"wp:attachment":[{"href":"https:\/\/dralvarez.com.mx\/larevista\/wp-json\/wp\/v2\/media?parent=20476"}],"wp:term":[{"taxonomy":"category","embeddable":true,"href":"https:\/\/dralvarez.com.mx\/larevista\/wp-json\/wp\/v2\/categories?post=20476"},{"taxonomy":"post_tag","embeddable":true,"href":"https:\/\/dralvarez.com.mx\/larevista\/wp-json\/wp\/v2\/tags?post=20476"}],"curies":[{"name":"wp","href":"https:\/\/api.w.org\/{rel}","templated":true}]}}