{"id":20472,"date":"2022-01-05T00:00:00","date_gmt":"2022-01-05T06:00:00","guid":{"rendered":"https:\/\/dralvarez.com.mx\/larevista\/blog\/que-paso-presidente-del-dicho-al-hecho"},"modified":"2024-02-23T11:35:17","modified_gmt":"2024-02-23T17:35:17","slug":"que-paso-presidente-del-dicho-al-hecho","status":"publish","type":"post","link":"https:\/\/dralvarez.com.mx\/larevista\/opiniones\/que-paso-presidente-del-dicho-al-hecho","title":{"rendered":"\u00bfQu\u00e9 Pas\u00f3 Presidente? Del Dicho al Hecho"},"content":{"rendered":"<p><b>Por: Jorge Valladares S\u00e1nchez.*<\/b><\/p>\n<p><b>En Facebook y en Youtube:&nbsp;Dr. Jorge Valladares.<\/b><\/p>\n<\/p>\n<p>\u00a1Ah!, c\u00f3mo le encantaba a mi mam\u00e1 decir que \u201cdel dicho al hecho, hay mucho trecho\u201d. Lo mismo para apaciguar nuestras esperanzas de que pap\u00e1 esta vez s\u00ed cumpliera sus ofrecimientos, para no confiarnos de un proveedor que con publicidad nos pudiera hacer descuidar el derecho a exigir lo pagado y para hacernos sentir bajo lupa al momento de comprometernos a algo con ella.<\/p>\n<p>Somos resultado de la educaci\u00f3n recibida en casa, muy fuertemente. Y, cada vez menos, pero podemos detectar puntos de comunalidad en lo que creemos y tendemos a hacer con mucha gente de nuestros rumbos y tiempos. Los dichos y lugares comunes son a\u00fan un buen recuento de ello.<\/p>\n<p>Todav\u00eda aplicamos esquemas aprendidos con nuestras figuras importantes en casa a las personas a las que les concedemos autoridad en la comunidad y el estado. Y es as\u00ed como perviven la idea de pap\u00e1 gobierno, del gobernante paternalista, del sistema todo poderoso, etc\u2026 incluso les podemos atribuir merecimientos y capacidades que probablemente s\u00ed aplicaban para mam\u00e1, pap\u00e1 y los abuelos\/as, casi sin ajustar nuestra disposici\u00f3n cuando comenten fallas y traiciones.<\/p>\n<p>Hace dos semanas, hice una s\u00edntesis de lo que Andr\u00e9s Manuel dijo que ha logrado en 3 a\u00f1os y lo que ofrece lograr en los siguientes tres. Esto en su peculiar manera de cumplir una obligaci\u00f3n que tiene por estar ocupando un cargo por el cual le pagamos, y le pagamos bien. Opino ahora sobre la amplitud del trecho entre lo hecho y lo que dijo este 1 de diciembre y hace 3 a\u00f1os.<\/p>\n<p>\u00bfPor qu\u00e9? Porque quiero, por que puedo y gracias a que La Revista amablemente abre este espacio para compartir. \u00bfPara qu\u00e9? Para invitarte a conversar sobre ello, desde mis roles de pap\u00e1, ciudadano y especialista. Creyendo que, sientas lo que sientas o pienses lo que pienses de esa persona, nos importa recibir lo correcto por lo que pagamos y que se usen adecuadamente los recursos de M\u00e9xico, en beneficio nuestro y de los\/as dem\u00e1s.<\/p>\n<p>Qu\u00e9 maravilla cada vez que personas que ven la realidad desde su ubicaci\u00f3n y perspectiva pueden conversar sobre un tema tan importante. Ir a los datos, expresar sus opiniones, escuchar y visualizar si hay acciones comunes sobre las cuales construir. A eso apuesto en estas notas. Tomar datos, entenderlos y compartir. Sin ofender, evitando generalizar, procurando complementar.<\/p>\n<p>Los 16 puntos en que agrupo su discurso pueden leerse del art\u00edculo publicado 2 ediciones atr\u00e1s. Como cualquier ciudadano, s\u00e9 de algunos temas y de otros no, as\u00ed que tengo que apegarme a los datos que circulan (poniendo las opiniones y posturas tan de lado como me sea posible). Afortunadamente en estas dos semanas han fluido diversos datos y an\u00e1lisis que me sirven, y uso para dar estas apreciaciones. Esto es lo que entiendo de los rubros generales m\u00e1s importantes mencionados por Andr\u00e9s Manuel.<\/p>\n<p>1.  En salud p\u00fablica las acciones tomadas han provocado un retroceso en cobertura, calidad y disponibilidad. Demasiadas muertes por negligencia. Los avances formativos a\u00fan no sabemos si efectivamente se reflejar\u00e1n en el servicio. Lo que me queda claro es que no ocurrir\u00e1, en este sexenio, lo que ofrece al decir que \u201ccualquier persona ser\u00e1 atendida con m\u00e9dicos, especialistas, estudios y medicamentos gratuitos\u201d.<br \/>2.  El apoyo directo a sectores espec\u00edficos de la poblaci\u00f3n ha tenido una noble y generalizada aportaci\u00f3n a estudiantes y personas adultas mayores, y circunstancial a otros sectores. Sin duda para quienes lo reciben debe ser algo muy positivo. Si es una forma de contrarrestar la pobreza, ha permitido varios millones m\u00e1s de pobres, un aumento de 3% en pobreza en dinero y en pobreza extrema.<br \/>3.  En lo educativo la cancelaci\u00f3n de la reforma lograda es celebrada por algunos sectores y lamentada por otros, pero a\u00fan no sabemos sus efectos. El manejo del sistema a distancia y el abrupto regreso a clases tuvieron m\u00faltiples errores documentados.<br \/>4.  La inseguridad y delincuencia est\u00e1 cada vez m\u00e1s grave y el estado no tiene control alguno de ello.<br \/>5.  La guardia nacional represent\u00f3 un retroceso a los avances en la capacidad de respuesta del estado y su crecimiento continuo en n\u00famero y encargos no ha reflejado mejoras respecto a lo pre existente y si es visto como un alto riesgo socio pol\u00edtico.<br \/>6.  Es claro que la recaudaci\u00f3n s\u00ed ha sido un \u00e9xito y que los grandes obras prioritarias para Andr\u00e9s Manuel tienen viabilidad financiera, asegurada por sus acciones. Se han capturado recursos de recuperaci\u00f3n de actos ilegales y de eliminar financiamiento a estructuras necesarias del estado, sin que quede a la vista que esos recursos han servido a mejor nuestra situaci\u00f3n. La deuda p\u00fablica aument\u00f3 en 2019 m\u00e1s que en los primeros a\u00f1os de las dos administraciones anteriores y para 2020 fue menor que en los segundos a\u00f1os de esos otros periodos, pero sigue creciendo y su comparativo con el PIB fue mucho mayor comparativamente.<br \/>7.  En los empleos hay datos de recuperaci\u00f3n, sin mejora a\u00fan y el mayor logro es la duplicaci\u00f3n del salario m\u00ednimo que no tuvo efecto negativo en la econom\u00eda general.<br \/>8.  En pol\u00edtica exterior hubo s\u00f3lo una menci\u00f3n menor y coincide con que no hay una ruta clara de la vinculaci\u00f3n internacional y desarrollo de las relaciones exteriores.<br \/>9.  En la pol\u00edtica interior hay un manejo incidental de una amplia variedad de situaciones. Se mantiene la simpat\u00eda que de inicio ten\u00eda Andr\u00e9s Manuel en la percepci\u00f3n p\u00fablica. La idea de que se gobierna para todos es contrariada por la larga lista de ataques a sectores diversos y la descalificaci\u00f3n a cualquier opini\u00f3n contraria al decir o hacer del poder ejecutivo. No hay dialogo. Se ha deteriorado marcadamente el respeto a la legalidad tanto en los procedimientos administrativos, como en las acciones para eliminar o disminuir el actuar de \u00f3rganos aut\u00f3nomos que eran un logro democr\u00e1tico y se ha hecho un uso distorsionado de mecanismos de participaci\u00f3n ciudadana y de la confianza ciudadana que se ha aplicado para legitimar o terminar acciones en nombre de un pueblo que no se manifiesta realmente, porque no hay modo de que lo haga.<br \/>10.  Y en la principal promesa y eslogan pol\u00edtico de Andr\u00e9s Manuel, fuera de los discursos no hay se\u00f1al alguna de que se haya reducido la corrupci\u00f3n, s\u00ed de que sigue aumentando y actos particulares que me dejan claro que estamos en un nivel superior y m\u00e1s c\u00ednico que en los administraciones recientes. Iniciando por la forma de adjudicar obras y distribuir los recursos.<\/p>\n<p>Pero eso es lo que yo veo y entiendo. \u00bfQu\u00e9 ves y c\u00f3mo lo entiendes? Hablaremos en otro momento de la polarizaci\u00f3n social, pero ahora me interesa nuestro potencial para mejorar. El trecho lo veo muy amplio. La esperanza que gener\u00f3 Andr\u00e9s Manuel en tres campa\u00f1as presidenciales dista mucho de las realidades que veo, a pesar de que la reaviva cada ma\u00f1ana y la enfatiz\u00f3 el 1 de septiembre.<\/p>\n<p>Cuauht\u00e9moc C\u00e1rdenas, una persona muy cercana a \u00e9l, y cuya opini\u00f3n entiendo que respetan \u00e9l y sus cercanos, as\u00ed como muchos que compartimos ideas y causas, declar\u00f3 que ve muchos rezagos y no hay propuestas sobre pobreza, inseguridad, crecimiento, deterioro ambiental o g\u00e9nero. No hay logros. No hay propuesta pol\u00edtica, y en su lugar hay un enfoque en la confrontaci\u00f3n; sin di\u00e1logo y sin soluciones. Lo \u00fanico que percibe claramente positivo es el aumento al salario m\u00ednimo y el intento de subsidiar carencias de sectores, que a pesar de su nobleza, es cuestionado como pol\u00edtica econ\u00f3mica por quienes saben.<\/p>\n<p>Me ilusiona s\u00ed, que Andr\u00e9s Manuel pudiera, en lo que falta, cumplir los compromisos que hizo o reiter\u00f3. Que ya salgamos de la crisis econ\u00f3mica; que todo con la gasolina y electricidad empiece a estar bien; que suceda que cualquier persona cuente con atenci\u00f3n, servicio y medicina de calidad sin costo y que la pandemia tenga el manejo adecuado en vacunaci\u00f3n, atenci\u00f3n y prevenci\u00f3n.<\/p>\n<p>Deseo se entreguen todos los apoyos que seguramente ya est\u00e1n programados, y ser\u00eda genial que eso sumara a un plan nacional de desarrollo y de forma estrat\u00e9gica apunte a la calidad de las escuelas, hospitales y al aut\u00e9ntico fortalecimiento regional.<\/p>\n<p>Me preocupan algunos temas en curso, que no veo c\u00f3mo evitar que se conviertan en un problema heredado para los siguientes a\u00f1os, como es el crecimiento del crimen organizado sin barrera alguna, la omni presencia del ej\u00e9rcito, el enorme control del estado sobre la econom\u00eda, la tolerancia a la ilegalidad, la polarizaci\u00f3n confrontativa y el desmantelamiento de instituciones que representan\/aban fortaleza ciudadana.<\/p>\n<p>Es una idea importante y una acci\u00f3n c\u00edvicamente muy poderosa el que m\u00e1s y m\u00e1s ciudadanos\/as se activen en dejar la confrontaci\u00f3n para los caf\u00e9s y el Facebook y que las reuniones y colaboraciones vayan en torno a lo que deseamos que pase y la forma de lograr que las autoridades cumplan a cabalidad las funciones por las que les pagamos y a las que est\u00e1n obligadas.<\/p>\n<p>Ir\u00e9 a m\u00e1s de esto en el siguiente art\u00edculo, pero por lo pronto hago menci\u00f3n de un excelente ejemplo que se ha estado construyendo desde hace a\u00f1os. El portal serendipia. digital, grupo de periodismo independiente. Publican que han dado seguimiento a los 100 compromisos que hizo Andr\u00e9s Manuel al tomar el cargo, que registran cada vez que hay discurso o datos relacionados con cada uno de esos compromisos.<\/p>\n<p>Al d\u00eda 1 de diciembre, con datos confirmados por ellos\/as, informan que ha cumplido 25, 56 los consideran en proceso, 2 no se han iniciado, 11 se han roto y 6 no tienen informaci\u00f3n como para verificar su cumplimiento. As\u00ed su \u201cAMLOmetro\u201d.<\/p>\n<p>Los cumplidos tienen que ver con cancelaciones (pensi\u00f3n a expresidentes, reforma educativa, fideicomisos, CISEN, Estado Mayor, fuero del presidente); reducciones (50% gasto en publicidad, sueldos de funcionarios, partidas de vestuario del presidente); creaciones (guardia nacional, 100 universidades p\u00fablicas, banco del bienestar y gu\u00eda moral -constituci\u00f3n dijo); apoyos (becas a estudiantes  de 3 niveles, adultos mayores, personas con discapacidad, j\u00f3venes); abrir los pinos, fijar precios de garant\u00eda, sembrar un mill\u00f3n de hect\u00e1reas, fusionar Diconsa y Liconsa, programa de vigilancia por sorteo, amnist\u00eda a presos pol\u00edticos y reformar las consultas ciudadanas en la constituci\u00f3n.<\/p>\n<p>Los incumplidos son: acciones no realizadas en la fecha ofrecida (refiner\u00eda, aeropuerto, revocaci\u00f3n); gastos (compr\u00f3 sistemas de c\u00f3mputo el primer a\u00f1o, remodelar oficinas); pol\u00edticas contrarias (no gastar m\u00e1s de lo que ingrese en hacienda, no permitir el fracking, no permitir proyectos que afecten al medio ambiente, respeto a la libertad de expresi\u00f3n y manifestaci\u00f3n de ideas).<\/p>\n<p>Mucho m\u00e1s all\u00e1 de lo que un funcionario dice y se desdice y al margen la efectividad de la oposici\u00f3n en evidenciar errores est\u00e1 la administraci\u00f3n de lo p\u00fablico, lo nuestro, y la forma en que podemos decirle a nuestros hijos lo que en conjunto estamos haciendo para el pa\u00eds que les vamos a dejar. Mucho m\u00e1s que opiniones y simpat\u00edas, urge lograr que podamos en comunidad asegurar que se aborden y solucionen los temas que nos afectan, importan y ocupan a diario.<\/p>\n<p>Por ello, la idea en estos dos art\u00edculos ha sido sintetizar lo que dijo Andr\u00e9s Manuel y lo que se puede decir desde vistas ciudadanas. Servir\u00eda mucho tu comentario al respecto. Servir\u00e1 si en una tercera entrega podemos ir al punto m\u00e1s importante: que queremos que diga, cuando hable como nuestro Presidente. Respetando que antes y despu\u00e9s de serlo pudo opinar lo que sea, como cualquiera tiene derecho. Pero mientras tenga ese puesto, a sus simpatizantes, a sus opositores, a sus fans y a sus detractores, como a todas las dem\u00e1s personas que lo contemplamos sin mayor filia ni fobia, nos debe cumplir: con las obligaciones que adquiri\u00f3 como Presidente, con las promesas que le llevaron al puesto y con las demandas que hoy le hagamos a nuestro mandatario, claro si es que logramos ponernos de acuerdo y ejercer ese mando.<\/p>\n<p>Lo dije cuando era servidor p\u00fablico y siempre lo he pensado, nada de aplausos, rechiflas o burlas. El trecho por recorrer, como sea que lo dimensionemos, lo tenemos que exigir, pues los aplausos confunden, las rechiflas distraen y las burlas contagian y\/o provocan. Todos tenemos otros datos, si los juntamos, podemos construir hechos, y eso necesitamos para que el trecho sea m\u00e1s estrecho, y a quien le pagamos trabaje m\u00e1s derecho.<\/p>\n<p><small>&#8212;&#8212;&#8212;&#8212;&#8212;&#8212;&#8212;&#8212;&#8212;&#8212;<\/small><br \/><b><small>*Jorge Valladares S\u00e1nchez<\/small><\/b><br \/><small>Pap\u00e1, Ciudadano, Consultor.<\/small><br \/><small>Representante en Yucat\u00e1n de Nosotrxs. <\/small><br \/><small>Coordinador Nacional de la Red C\u00edvica Mx, A.C.<\/small><br \/><small>Doctor en Ciencias Sociales.<\/small><br \/><small>Doctor en Derechos Humanos.<\/small><\/p>\n","protected":false},"excerpt":{"rendered":"<p>Por: Jorge Valladares S\u00e1nchez.*<\/p>\n","protected":false},"author":1112,"featured_media":0,"comment_status":"open","ping_status":"open","sticky":false,"template":"","format":"standard","meta":{"tdm_status":"","tdm_grid_status":"","footnotes":""},"categories":[25],"tags":[],"_links":{"self":[{"href":"https:\/\/dralvarez.com.mx\/larevista\/wp-json\/wp\/v2\/posts\/20472"}],"collection":[{"href":"https:\/\/dralvarez.com.mx\/larevista\/wp-json\/wp\/v2\/posts"}],"about":[{"href":"https:\/\/dralvarez.com.mx\/larevista\/wp-json\/wp\/v2\/types\/post"}],"author":[{"embeddable":true,"href":"https:\/\/dralvarez.com.mx\/larevista\/wp-json\/wp\/v2\/users\/1112"}],"replies":[{"embeddable":true,"href":"https:\/\/dralvarez.com.mx\/larevista\/wp-json\/wp\/v2\/comments?post=20472"}],"version-history":[{"count":1,"href":"https:\/\/dralvarez.com.mx\/larevista\/wp-json\/wp\/v2\/posts\/20472\/revisions"}],"predecessor-version":[{"id":35420,"href":"https:\/\/dralvarez.com.mx\/larevista\/wp-json\/wp\/v2\/posts\/20472\/revisions\/35420"}],"wp:attachment":[{"href":"https:\/\/dralvarez.com.mx\/larevista\/wp-json\/wp\/v2\/media?parent=20472"}],"wp:term":[{"taxonomy":"category","embeddable":true,"href":"https:\/\/dralvarez.com.mx\/larevista\/wp-json\/wp\/v2\/categories?post=20472"},{"taxonomy":"post_tag","embeddable":true,"href":"https:\/\/dralvarez.com.mx\/larevista\/wp-json\/wp\/v2\/tags?post=20472"}],"curies":[{"name":"wp","href":"https:\/\/api.w.org\/{rel}","templated":true}]}}