{"id":20448,"date":"2021-12-30T00:00:00","date_gmt":"2021-12-30T06:00:00","guid":{"rendered":"https:\/\/dralvarez.com.mx\/larevista\/blog\/de-raza-le-viene-al-galgo"},"modified":"2024-02-23T11:34:37","modified_gmt":"2024-02-23T17:34:37","slug":"de-raza-le-viene-al-galgo","status":"publish","type":"post","link":"https:\/\/dralvarez.com.mx\/larevista\/opiniones\/de-raza-le-viene-al-galgo","title":{"rendered":"De raza le viene al galgo"},"content":{"rendered":"<p>No pensaba escribirte hoy don Carlos Men\u00e9ndez porque imagino estar\u00e1s muy ocupado, he o\u00eddo que desde temprano les despiertan para rezar y cantar un chorro de salmos cosa que, la verdad, debe ser muy aburrido. No te imagino con bat\u00f3n blanco y aureola en la cabeza, jajaja. Bueno, cuando tengas tiempo me lees.<br \/>Resulta que encontr\u00e9 una fotograf\u00eda que viene al pelo para mi libro y creo ni t\u00fa la ten\u00edas: Tus bisabuelos, don Antonio y do\u00f1a Angelina reci\u00e9n desembarcados de aquella goleta que los trajo de fregada cuando hu\u00edan del gobierno cubano porque eran opositores del r\u00e9gimen. Entre la c\u00e1rcel de Santiago y Tixkokob prefirieron Tixko donde tuvieron a don Carlos R. que muy joven se convertir\u00eda en magn\u00edfico periodista y un dolor de \u2026 cabeza para el gobierno.<br \/>Y tambi\u00e9n tengo dos cartas manuscritas, una del Abuelo y otra de Carrillo Puerto que se juraban amor eterno; s\u00ed ya se, no digo que es el descubrimiento de Am\u00e9rica porque t\u00fa ya sabes de d\u00f3nde las obtuve, s\u00f3lo las conocen muy contadas personas as\u00ed que, bueno, espero les gusten a quienes me lean, quiz\u00e1 ser\u00e1n pocos porque tampoco estamos hablando de un best seller.<br \/>Estoy seguro que ya despert\u00e9 tu curiosidad, lo hago don Carlos porque pienso que est\u00e1s bien aburrido en el cielo, al menos te deber\u00edan mandar para distraerte ese periodicucho que dejaste de herencia, s\u00ed hablo de \u00a1Al Chile! Aunque seguro San Pedro lo rebota apenas vea a las gordotas que exhiben en la portada\u2026 No, ya s\u00e9, despreoc\u00fapate, de eso no habla mi libro.<br \/>Lo otro que te quer\u00eda contar es que, c\u00f3mo hay mucha gente generosa. No me vas a creer, pero cuando sub\u00ed a mi Face la carta que te env\u00ede me leyeron varias personas y tres de ellas se ofrecieron a ayudarme con la impresi\u00f3n del libro: una de plano me pregunt\u00f3 \u00bfDe cu\u00e1nto estamos hablando? Se lo agradec\u00ed don Carlos, y mucho, pero declin\u00e9 la oferta \u2026 bueno, hasta me sugirieron hacer una pre venta para reunir fondos y pagar la impresi\u00f3n.<br \/>No, no ando de chayote buscando apoyo, olvid\u00e9 que ese detalle de mis bolsillos rotos s\u00f3lo era para ti y lo sub\u00ed a las redes. Las personas, aunque nos queremos mucho, a veces nos decimos las cosas que nos duelen, y t\u00fa sabes que el junior nos cort\u00f3 la pensi\u00f3n a muchos y nos dej\u00f3 en la calle. S\u00ed, s\u00ed lo voy a contar, ni modo, se qu\u00e9 no estabas de acuerdo con eso pero tampoco hiciste nada para impedirlo. Por ciento, a ra\u00edz de ese \u201cdeslinde\u201d nos dejamos de ver, t\u00fa te fuiste a tu casa, te enfermaste y \u2026 fin de esta historia.<br \/>No te enojes jefe,  muchas cosas voy a callar por fidelidad, porque a ti de debo agradecimiento no \u00fanicamente porque me ense\u00f1arte a trabajar, sino porque me formaste con tu ejemplo; aunque pocas, te aprend\u00ed algunas virtudes y esas no las olvido, as\u00ed que trankis, no se me ir\u00e1 mucho la lengua, ni vayas a bajar del cielo para estar ca\u2026 llandome conforme avances en mi lectura Porque me vas a leer, \u00bfverdad?<br \/>Oye, tu amigo Vila ahora s\u00ed creo est\u00e1 fallando y tu peri\u00f3dico m\u00e1s. El primero no ha dado marcha atr\u00e1s en sus libertades de movilizaci\u00f3n y el Covid est\u00e1 haciendo de las suyas, ya se cuentan por ciento los contagios y a\u00fan as\u00ed seguimos en la calle como si nada, y tu peri\u00f3dico ni en cuenta, al menos deber\u00eda dar una foto de cualquier laboratorio con colas de decenas y decenas de veh\u00edculos y, si no tuviera compromisos oficiales, un peque\u00f1o reportaje de cu\u00e1ntos positivos se registran cada d\u00eda en M\u00e9rida, en laboratorios particulares, para advertir a los yucatecos.<br \/>Ya, callo mi boca, cu\u00eddate, no del Covid porque all\u00e1 no llega \u00bfo s\u00ed? Cu\u00eddate de los arc\u00e1ngeles que te deben estar vigilando y te rega\u00f1ar\u00e1n por estar leyendo mis pen \u2026 samientos. Saludos jefe, a ver cuanto te sigo poniendo al corriente de los chismes \u2026 algo as\u00ed como recordar tu Primera Columna, jejeje, bye.<\/p>\n","protected":false},"excerpt":{"rendered":"<p>De raza le viene al galgo<\/p>\n","protected":false},"author":1049,"featured_media":0,"comment_status":"open","ping_status":"open","sticky":false,"template":"","format":"standard","meta":{"tdm_status":"","tdm_grid_status":"","footnotes":""},"categories":[25],"tags":[],"_links":{"self":[{"href":"https:\/\/dralvarez.com.mx\/larevista\/wp-json\/wp\/v2\/posts\/20448"}],"collection":[{"href":"https:\/\/dralvarez.com.mx\/larevista\/wp-json\/wp\/v2\/posts"}],"about":[{"href":"https:\/\/dralvarez.com.mx\/larevista\/wp-json\/wp\/v2\/types\/post"}],"author":[{"embeddable":true,"href":"https:\/\/dralvarez.com.mx\/larevista\/wp-json\/wp\/v2\/users\/1049"}],"replies":[{"embeddable":true,"href":"https:\/\/dralvarez.com.mx\/larevista\/wp-json\/wp\/v2\/comments?post=20448"}],"version-history":[{"count":1,"href":"https:\/\/dralvarez.com.mx\/larevista\/wp-json\/wp\/v2\/posts\/20448\/revisions"}],"predecessor-version":[{"id":35402,"href":"https:\/\/dralvarez.com.mx\/larevista\/wp-json\/wp\/v2\/posts\/20448\/revisions\/35402"}],"wp:attachment":[{"href":"https:\/\/dralvarez.com.mx\/larevista\/wp-json\/wp\/v2\/media?parent=20448"}],"wp:term":[{"taxonomy":"category","embeddable":true,"href":"https:\/\/dralvarez.com.mx\/larevista\/wp-json\/wp\/v2\/categories?post=20448"},{"taxonomy":"post_tag","embeddable":true,"href":"https:\/\/dralvarez.com.mx\/larevista\/wp-json\/wp\/v2\/tags?post=20448"}],"curies":[{"name":"wp","href":"https:\/\/api.w.org\/{rel}","templated":true}]}}