{"id":20436,"date":"2021-12-27T00:00:00","date_gmt":"2021-12-27T06:00:00","guid":{"rendered":"https:\/\/dralvarez.com.mx\/larevista\/blog\/el-villancico-de-pablo"},"modified":"2024-02-23T11:33:54","modified_gmt":"2024-02-23T17:33:54","slug":"el-villancico-de-pablo","status":"publish","type":"post","link":"https:\/\/dralvarez.com.mx\/larevista\/opiniones\/el-villancico-de-pablo","title":{"rendered":"El villancico de Pablo&#8230;"},"content":{"rendered":"<p><b>Por: Cristina Pad\u00edn.<\/b><\/p>\n<p>Pablo quer\u00eda escribir un villancico para aquel concurso de composiciones que se convocaba en la plaza de toros. El toreo siempre est\u00e1 vinculado a la cultura y a todo tipo de actividades interesantes. El toreo es arte&#8230; El toreo es m\u00fasica, saberes, ole! El toreo es sentimiento. El a\u00f1o anterior Leo, amigo de Pablo, hab\u00eda ganado el certamen.<\/p>\n<p>Pablo era un chico muy particular y curioso.<\/p>\n<p>Le\u00eda mucho. En estas fechas a veces la muy cl\u00e1sica Canci\u00f3n de Navidad de Dickens desordenaba todas sus emociones, pero en otras ocasiones optaba por los cuentos de Paul Auster con tem\u00e1tica navide\u00f1a, m\u00e1s duros y curiosos, tambi\u00e9n le encantaban.. le gustaba Emilia Pardo Baz\u00e1n. Las cosas de Poe. Era taurino, lector, flamenco.<\/p>\n<p>Paseaba por la ciudad con mascarilla, era responsable y respetuoso, y patines..<\/p>\n<p>Escuch\u00f3 sonidos y silencios. Observ\u00f3 con los ojos del coraz\u00f3n, pues \u00fanicamente as\u00ed es como se observa bien. Mir\u00f3.. pens\u00f3.. Y compuso una pieza de ritmos antiguos, al gusto del abuelo. Un villancico donde habl\u00f3 de la alegr\u00eda de compartir. Es la Navidad! Es eso: ofrecer y compartir. Buscar la felicidad de los dem\u00e1s..<\/p>\n<p>No era un chico presuntuoso, en absoluto, pero llam\u00f3 a su obra El villancico de Pablo. En \u00e9l los peque\u00f1os con s\u00edndrome de Down eran los ni\u00f1os m\u00e1s queridos del pueblo, en las escuelas se regalaban libros y libros de toreo, la gente apreciaba a los ancianos.. ning\u00fan abuelo se quedaba solo, se respetaban muchos modos de pensar..<\/p>\n<p>Triunf\u00f3 el villancico! Gan\u00f3 Pablo.. Y ganaron la serenidad y las cosas con sentido. Y con sentimiento. Y con sentidi\u00f1o..<\/p>\n<p>Dedicado a Leo y a Pablo<br \/>A los villancicos, me fascinan desde ni\u00f1a<br \/>A cada peque\u00f1o con s\u00edndrome de Down<br \/>A los abuelos. Y a mi querida abuela, besos al cielo<br \/>A las personas que leen<br \/>Al toreo<br \/>A las Plazas de Toros que organizan cosas interesantes<br \/>A mi querido Luis<\/p>\n","protected":false},"excerpt":{"rendered":"<p>El villancico de Pablo&#8230;<\/p>\n","protected":false},"author":1025,"featured_media":35392,"comment_status":"open","ping_status":"open","sticky":false,"template":"","format":"standard","meta":{"tdm_status":"","tdm_grid_status":"","footnotes":""},"categories":[25],"tags":[],"_links":{"self":[{"href":"https:\/\/dralvarez.com.mx\/larevista\/wp-json\/wp\/v2\/posts\/20436"}],"collection":[{"href":"https:\/\/dralvarez.com.mx\/larevista\/wp-json\/wp\/v2\/posts"}],"about":[{"href":"https:\/\/dralvarez.com.mx\/larevista\/wp-json\/wp\/v2\/types\/post"}],"author":[{"embeddable":true,"href":"https:\/\/dralvarez.com.mx\/larevista\/wp-json\/wp\/v2\/users\/1025"}],"replies":[{"embeddable":true,"href":"https:\/\/dralvarez.com.mx\/larevista\/wp-json\/wp\/v2\/comments?post=20436"}],"version-history":[{"count":1,"href":"https:\/\/dralvarez.com.mx\/larevista\/wp-json\/wp\/v2\/posts\/20436\/revisions"}],"predecessor-version":[{"id":35391,"href":"https:\/\/dralvarez.com.mx\/larevista\/wp-json\/wp\/v2\/posts\/20436\/revisions\/35391"}],"wp:featuredmedia":[{"embeddable":true,"href":"https:\/\/dralvarez.com.mx\/larevista\/wp-json\/wp\/v2\/media\/35392"}],"wp:attachment":[{"href":"https:\/\/dralvarez.com.mx\/larevista\/wp-json\/wp\/v2\/media?parent=20436"}],"wp:term":[{"taxonomy":"category","embeddable":true,"href":"https:\/\/dralvarez.com.mx\/larevista\/wp-json\/wp\/v2\/categories?post=20436"},{"taxonomy":"post_tag","embeddable":true,"href":"https:\/\/dralvarez.com.mx\/larevista\/wp-json\/wp\/v2\/tags?post=20436"}],"curies":[{"name":"wp","href":"https:\/\/api.w.org\/{rel}","templated":true}]}}