{"id":20400,"date":"2021-12-23T00:00:00","date_gmt":"2021-12-23T06:00:00","guid":{"rendered":"https:\/\/dralvarez.com.mx\/larevista\/blog\/el-invierno"},"modified":"2024-02-23T11:30:39","modified_gmt":"2024-02-23T17:30:39","slug":"el-invierno","status":"publish","type":"post","link":"https:\/\/dralvarez.com.mx\/larevista\/opiniones\/el-invierno","title":{"rendered":"El Invierno&#8230;"},"content":{"rendered":"<p><b>Por: Cristina Pad\u00edn.<\/b><\/p>\n<p>El Invierno era feliz en su casa de hielo. Del mismo modo que eran felices sus primos el Oto\u00f1o, la Primavera y el Verano. Aquel d\u00eda, 21 de diciembre, llegaba el reinado del majestuoso y plateado Invierno. <\/p>\n<p>Apareci\u00f3 una ma\u00f1ana de sol y luz. Tonos en rosa y lila para el primer saludo. Cubrir\u00eda de fr\u00edo y de helada muchas jornadas a lo largo de su momento.. pero llegaba con calma. El Invierno sabe a casta\u00f1as, Navidad y botas.<\/p>\n<p>Eran los tiempos de la chimenea. De lectura en casa y de bebidas calentitas con naranja y almendra. De bufandas y de tardes que se acuestan pronto. El Invierno invita a la calma, a la reflexi\u00f3n..<\/p>\n<p>Tan importante la reflexi\u00f3n en estos tiempos en los que mucha gente apenas piensa..<\/p>\n<p>Dedicado al invierno, una estaci\u00f3n interesante, aunque las m\u00edas son verano y primavera<br \/>A mi Luis<br \/>A los tiempos navide\u00f1os<br \/>A Isabel<br \/>A Manuel<br \/>A las personas que leen<br \/>A los libros<br \/>A las personas que saben pensar y que saben comprender<\/p>\n","protected":false},"excerpt":{"rendered":"<p>Por: Cristina Pad\u00edn.<\/p>\n","protected":false},"author":1025,"featured_media":35356,"comment_status":"open","ping_status":"open","sticky":false,"template":"","format":"standard","meta":{"tdm_status":"","tdm_grid_status":"","footnotes":""},"categories":[25],"tags":[],"_links":{"self":[{"href":"https:\/\/dralvarez.com.mx\/larevista\/wp-json\/wp\/v2\/posts\/20400"}],"collection":[{"href":"https:\/\/dralvarez.com.mx\/larevista\/wp-json\/wp\/v2\/posts"}],"about":[{"href":"https:\/\/dralvarez.com.mx\/larevista\/wp-json\/wp\/v2\/types\/post"}],"author":[{"embeddable":true,"href":"https:\/\/dralvarez.com.mx\/larevista\/wp-json\/wp\/v2\/users\/1025"}],"replies":[{"embeddable":true,"href":"https:\/\/dralvarez.com.mx\/larevista\/wp-json\/wp\/v2\/comments?post=20400"}],"version-history":[{"count":1,"href":"https:\/\/dralvarez.com.mx\/larevista\/wp-json\/wp\/v2\/posts\/20400\/revisions"}],"predecessor-version":[{"id":35355,"href":"https:\/\/dralvarez.com.mx\/larevista\/wp-json\/wp\/v2\/posts\/20400\/revisions\/35355"}],"wp:featuredmedia":[{"embeddable":true,"href":"https:\/\/dralvarez.com.mx\/larevista\/wp-json\/wp\/v2\/media\/35356"}],"wp:attachment":[{"href":"https:\/\/dralvarez.com.mx\/larevista\/wp-json\/wp\/v2\/media?parent=20400"}],"wp:term":[{"taxonomy":"category","embeddable":true,"href":"https:\/\/dralvarez.com.mx\/larevista\/wp-json\/wp\/v2\/categories?post=20400"},{"taxonomy":"post_tag","embeddable":true,"href":"https:\/\/dralvarez.com.mx\/larevista\/wp-json\/wp\/v2\/tags?post=20400"}],"curies":[{"name":"wp","href":"https:\/\/api.w.org\/{rel}","templated":true}]}}