{"id":20394,"date":"2021-12-23T00:00:00","date_gmt":"2021-12-23T06:00:00","guid":{"rendered":"https:\/\/dralvarez.com.mx\/larevista\/blog\/en-la-defensa-del-toreo-y-de-lo-nuestro"},"modified":"2024-02-23T11:30:17","modified_gmt":"2024-02-23T17:30:17","slug":"en-la-defensa-del-toreo-y-de-lo-nuestro","status":"publish","type":"post","link":"https:\/\/dralvarez.com.mx\/larevista\/opiniones\/en-la-defensa-del-toreo-y-de-lo-nuestro","title":{"rendered":"En la defensa del toreo y de lo nuestro&#8230;"},"content":{"rendered":"<p><b>Por: Cristina Pad\u00edn.<\/b><\/p>\n<p>Elev\u00f3 de miel la mirada hacia los ojos puros de santa \u00c1ngela de la Cruz. Desde aquel cuadro que presid\u00eda la entrada de aquella casa la bondad de la que hab\u00eda sido un \u00e1ngel para Sevilla lo contemplaba todo. Y sonri\u00f3 \u00e9l como sonr\u00eden los que regalan sonrisas de verdad: con pureza y con alma&#8230;<\/p>\n<p>Y rez\u00f3. Casi Navidad en la calle, casi Navidad en la piel, casi Navidad en el coraz\u00f3n.. casi Navidad en la semana..<\/p>\n<p>Y sigui\u00f3 su camino. En la defensa de lo que es importante. En la defensa de lo que nos une y de lo que embellece y aporta. En su camino de sinceridad y entrega. Y, en su caminata de una ma\u00f1ana de diciembre plateada y neblinosa, se acerc\u00f3 hasta la Plaza de Toros. C\u00f3mo le gustaba so\u00f1ar all\u00ed! Y respirar, y sentir..<\/p>\n<p>Y tambi\u00e9n rez\u00f3.. rez\u00f3 para que al toreo siempre le fuera bien. Arte con siglos de historia, pasi\u00f3n y entrega, Ronda y Sevilla, Belmonte y Joselito, Manolete y Silveti. El toreo une, acaricia, ense\u00f1a, ofrece. El toreo es la expresi\u00f3n de mil sentimientos, esencia y valor. Y como tal tenemos que defenderlo y ense\u00f1arlo.<\/p>\n<p>Y un conocido pas\u00f3 por la calle y se dijeron feliz Navidad. Porque es lo que toca, es la \u00e9poca. En la defensa de lo que es!<\/p>\n<p>Dedicado al toreo<br \/>A cada persona dedicada al toreo<br \/>A la Navidad. Es Navidad! Con todas las letras<br \/>A santa \u00c1ngela de la Cruz<br \/>A Luis<br \/>A las personas que saben defender lo que importa<br \/>A mi amiga Rosario <\/p>\n","protected":false},"excerpt":{"rendered":"<p>Por: Cristina Pad\u00edn.<\/p>\n","protected":false},"author":1025,"featured_media":35350,"comment_status":"open","ping_status":"open","sticky":false,"template":"","format":"standard","meta":{"tdm_status":"","tdm_grid_status":"","footnotes":""},"categories":[25],"tags":[],"_links":{"self":[{"href":"https:\/\/dralvarez.com.mx\/larevista\/wp-json\/wp\/v2\/posts\/20394"}],"collection":[{"href":"https:\/\/dralvarez.com.mx\/larevista\/wp-json\/wp\/v2\/posts"}],"about":[{"href":"https:\/\/dralvarez.com.mx\/larevista\/wp-json\/wp\/v2\/types\/post"}],"author":[{"embeddable":true,"href":"https:\/\/dralvarez.com.mx\/larevista\/wp-json\/wp\/v2\/users\/1025"}],"replies":[{"embeddable":true,"href":"https:\/\/dralvarez.com.mx\/larevista\/wp-json\/wp\/v2\/comments?post=20394"}],"version-history":[{"count":1,"href":"https:\/\/dralvarez.com.mx\/larevista\/wp-json\/wp\/v2\/posts\/20394\/revisions"}],"predecessor-version":[{"id":35349,"href":"https:\/\/dralvarez.com.mx\/larevista\/wp-json\/wp\/v2\/posts\/20394\/revisions\/35349"}],"wp:featuredmedia":[{"embeddable":true,"href":"https:\/\/dralvarez.com.mx\/larevista\/wp-json\/wp\/v2\/media\/35350"}],"wp:attachment":[{"href":"https:\/\/dralvarez.com.mx\/larevista\/wp-json\/wp\/v2\/media?parent=20394"}],"wp:term":[{"taxonomy":"category","embeddable":true,"href":"https:\/\/dralvarez.com.mx\/larevista\/wp-json\/wp\/v2\/categories?post=20394"},{"taxonomy":"post_tag","embeddable":true,"href":"https:\/\/dralvarez.com.mx\/larevista\/wp-json\/wp\/v2\/tags?post=20394"}],"curies":[{"name":"wp","href":"https:\/\/api.w.org\/{rel}","templated":true}]}}