{"id":20370,"date":"2021-12-19T00:00:00","date_gmt":"2021-12-19T06:00:00","guid":{"rendered":"https:\/\/dralvarez.com.mx\/larevista\/blog\/los-juguetes"},"modified":"2024-02-23T11:28:45","modified_gmt":"2024-02-23T17:28:45","slug":"los-juguetes","status":"publish","type":"post","link":"https:\/\/dralvarez.com.mx\/larevista\/opiniones\/los-juguetes","title":{"rendered":"Los juguetes&#8230;"},"content":{"rendered":"<p><b>Por: Cristina Pad\u00edn.<\/b><\/p>\n<p>Estaban muchos. Y la campa\u00f1a finalizaba el viernes. Los ve\u00edan all\u00ed, tras los ventanales, en la gran mesa que se hab\u00eda habilitado para ellos. Junto a la chimenea. A la vera del nacimiento y del \u00e1rbol navide\u00f1o. Eran juguetes que donaban las personas que quer\u00edan hacerlo, para ayudar a los Reyes Magos en tiempos dif\u00edciles. <\/p>\n<p>Sonata, pueblo al lado del mar, era un lugar solidario y generoso. El anciano torero que tan feliz viv\u00eda all\u00ed, siempre hablando de Curro Romero y de Rafael de Paula, hab\u00eda donado capotes, libros, tambi\u00e9n puzzles y canicas. Los ni\u00f1os de sexto de Primaria, con sus pagas, hab\u00edan comprado una bicicleta. La se\u00f1ora Mar\u00eda regal\u00f3 mu\u00f1ecas..<\/p>\n<p>Todos entregaban algo. El que ten\u00eda mucho, el que ten\u00eda menos, y el que apenas ten\u00eda nada, como la se\u00f1ora Mar\u00eda, que llevaba m\u00e1s de un mes sin comprar su querido chocolate para ahorrar para las mu\u00f1ecas..<\/p>\n<p>Dijeron que se hab\u00edan organizado Yaqueb y sus s\u00fabditos para ir a robar los juguetes.. pero eso no ocurri\u00f3. Tanto Yaqueb como los que iban con \u00e9l amanecieron misteriosamente con un pie roto.. Cosas que ocurren!<\/p>\n<p>Por la tarde se metieron todos los obsequios en un cami\u00f3n y se llevaron al sitio que se hab\u00eda acordado. Dicen que los Reyes Magos lloraron de emoci\u00f3n al ver tantas cosas. Y, esas l\u00e1grimas, se convirtieron en caramelos que cayeron al suelo.<\/p>\n<p>En cafeter\u00eda Paco, donde desayuno muchas veces, pusieron en marcha esta bella iniciativa, hoy impresionaba ver tantos juguetes. Ole por Cafeter\u00eda Paco<br \/>A cada iniciativa generosa<br \/>Al toreo y a Curro Romero, Rafael de Paula, curristas y paulistas<br \/>A las personas generosas. Colaborando con el Banco de Alimentos me encontr\u00e9 a varias \u201cse\u00f1oras Mar\u00eda\u201d, emocionan<br \/>A mis amigas Isabel y Ana, hoy han salido vuestras postales<br \/>A mi querido Luis<br \/>A los Reyes Magos<br \/>Sonata y Yaqueb salen en mi cuento de Navidad<br \/>Como, por desgracia, siempre hay monstruos que se aprovechan de la bondad ajena quise romperles un pie en esta historia<\/p>\n","protected":false},"excerpt":{"rendered":"<p>Por: Cristina Pad\u00edn.<\/p>\n","protected":false},"author":1025,"featured_media":35326,"comment_status":"open","ping_status":"open","sticky":false,"template":"","format":"standard","meta":{"tdm_status":"","tdm_grid_status":"","footnotes":""},"categories":[25],"tags":[],"_links":{"self":[{"href":"https:\/\/dralvarez.com.mx\/larevista\/wp-json\/wp\/v2\/posts\/20370"}],"collection":[{"href":"https:\/\/dralvarez.com.mx\/larevista\/wp-json\/wp\/v2\/posts"}],"about":[{"href":"https:\/\/dralvarez.com.mx\/larevista\/wp-json\/wp\/v2\/types\/post"}],"author":[{"embeddable":true,"href":"https:\/\/dralvarez.com.mx\/larevista\/wp-json\/wp\/v2\/users\/1025"}],"replies":[{"embeddable":true,"href":"https:\/\/dralvarez.com.mx\/larevista\/wp-json\/wp\/v2\/comments?post=20370"}],"version-history":[{"count":1,"href":"https:\/\/dralvarez.com.mx\/larevista\/wp-json\/wp\/v2\/posts\/20370\/revisions"}],"predecessor-version":[{"id":35325,"href":"https:\/\/dralvarez.com.mx\/larevista\/wp-json\/wp\/v2\/posts\/20370\/revisions\/35325"}],"wp:featuredmedia":[{"embeddable":true,"href":"https:\/\/dralvarez.com.mx\/larevista\/wp-json\/wp\/v2\/media\/35326"}],"wp:attachment":[{"href":"https:\/\/dralvarez.com.mx\/larevista\/wp-json\/wp\/v2\/media?parent=20370"}],"wp:term":[{"taxonomy":"category","embeddable":true,"href":"https:\/\/dralvarez.com.mx\/larevista\/wp-json\/wp\/v2\/categories?post=20370"},{"taxonomy":"post_tag","embeddable":true,"href":"https:\/\/dralvarez.com.mx\/larevista\/wp-json\/wp\/v2\/tags?post=20370"}],"curies":[{"name":"wp","href":"https:\/\/api.w.org\/{rel}","templated":true}]}}