{"id":20346,"date":"2021-12-14T00:00:00","date_gmt":"2021-12-14T06:00:00","guid":{"rendered":"https:\/\/dralvarez.com.mx\/larevista\/blog\/santa-lucia-2"},"modified":"2024-02-23T11:27:14","modified_gmt":"2024-02-23T17:27:14","slug":"santa-lucia-2","status":"publish","type":"post","link":"https:\/\/dralvarez.com.mx\/larevista\/opiniones\/santa-lucia-2","title":{"rendered":"\u00a1Santa Luc\u00eda!"},"content":{"rendered":"<p><b>Por: Cristina Pad\u00edn.<\/b><\/p>\n<p>El 13 de diciembre lleg\u00f3, del mismo modo que hab\u00eda llegado el 12. Amaneci\u00f3 en rosa, naranja y oro, sereno y bello. En casa era el primer a\u00f1o sin la abuelita gallega, los ni\u00f1os sent\u00edan con tristeza su ausencia, aunque sab\u00edan que estaba en el cielo. <\/p>\n<p>La abuela siempre les dec\u00eda que santa Luc\u00eda \u201csaca en la noche y mete en el d\u00eda\u201d.. y as\u00ed es. Aunque no crecieran todav\u00eda las ma\u00f1anas s\u00ed lo har\u00edan las tardes desde ese momento. Cada d\u00eda se ganar\u00eda un poquito m\u00e1s de luz..<\/p>\n<p>La mam\u00e1 propuso una actividad.. pedir a santa Luc\u00eda un deseo relacionado con su esencia..<\/p>\n<p>C, la mayor, se acord\u00f3 de su compa\u00f1era con problemas de vista, y rez\u00f3 a la santa para que la ayudara. P, el mediano, quiso que la gente leyera y se empapara de cultura, as\u00ed no estar\u00eda ciega, as\u00ed sabr\u00eda ver lo bueno y lo malo, as\u00ed disfrutar\u00eda mil cosas.<\/p>\n<p>M, el peque\u00f1o, pidi\u00f3 a santa Luc\u00eda que las tardes crecieran deprisa para que pudiera jugar en el parque con los amigos. <\/p>\n<p>Despu\u00e9s todos merendaron, y se fueron al cementerio a dejar flores blancas y amarillas a la abuelita..<\/p>\n<p>Mi abuela siempre dec\u00eda eso sobre santa Luc\u00eda, a m\u00ed me encanta esta fecha<br \/>A mi abuela y a las abuelas: luz de la vida<br \/>A mi amiga Luc\u00eda<br \/>A la luz que nos regala la cultura<br \/>A mi querido Luis<br \/>A las cosas bien hechas<br \/>A las tardes largas, que tanto me enamoran<br \/>A Manuel, Bel\u00e9n, Pablo, Marta<\/p>\n","protected":false},"excerpt":{"rendered":"<p>Por: Cristina Pad\u00edn.<\/p>\n","protected":false},"author":1025,"featured_media":35302,"comment_status":"open","ping_status":"open","sticky":false,"template":"","format":"standard","meta":{"tdm_status":"","tdm_grid_status":"","footnotes":""},"categories":[25],"tags":[],"_links":{"self":[{"href":"https:\/\/dralvarez.com.mx\/larevista\/wp-json\/wp\/v2\/posts\/20346"}],"collection":[{"href":"https:\/\/dralvarez.com.mx\/larevista\/wp-json\/wp\/v2\/posts"}],"about":[{"href":"https:\/\/dralvarez.com.mx\/larevista\/wp-json\/wp\/v2\/types\/post"}],"author":[{"embeddable":true,"href":"https:\/\/dralvarez.com.mx\/larevista\/wp-json\/wp\/v2\/users\/1025"}],"replies":[{"embeddable":true,"href":"https:\/\/dralvarez.com.mx\/larevista\/wp-json\/wp\/v2\/comments?post=20346"}],"version-history":[{"count":1,"href":"https:\/\/dralvarez.com.mx\/larevista\/wp-json\/wp\/v2\/posts\/20346\/revisions"}],"predecessor-version":[{"id":35301,"href":"https:\/\/dralvarez.com.mx\/larevista\/wp-json\/wp\/v2\/posts\/20346\/revisions\/35301"}],"wp:featuredmedia":[{"embeddable":true,"href":"https:\/\/dralvarez.com.mx\/larevista\/wp-json\/wp\/v2\/media\/35302"}],"wp:attachment":[{"href":"https:\/\/dralvarez.com.mx\/larevista\/wp-json\/wp\/v2\/media?parent=20346"}],"wp:term":[{"taxonomy":"category","embeddable":true,"href":"https:\/\/dralvarez.com.mx\/larevista\/wp-json\/wp\/v2\/categories?post=20346"},{"taxonomy":"post_tag","embeddable":true,"href":"https:\/\/dralvarez.com.mx\/larevista\/wp-json\/wp\/v2\/tags?post=20346"}],"curies":[{"name":"wp","href":"https:\/\/api.w.org\/{rel}","templated":true}]}}