{"id":20326,"date":"2021-12-12T00:00:00","date_gmt":"2021-12-12T06:00:00","guid":{"rendered":"https:\/\/dralvarez.com.mx\/larevista\/blog\/vacunas-clave-para-la-reactivacion-economica-y-la-generacion-de-empleos"},"modified":"2024-02-23T11:26:39","modified_gmt":"2024-02-23T17:26:39","slug":"vacunas-clave-para-la-reactivacion-economica-y-la-generacion-de-empleos","status":"publish","type":"post","link":"https:\/\/dralvarez.com.mx\/larevista\/opiniones\/vacunas-clave-para-la-reactivacion-economica-y-la-generacion-de-empleos","title":{"rendered":"Vacunas, clave para la reactivaci\u00f3n  econ\u00f3mica y la generaci\u00f3n de empleos"},"content":{"rendered":"<p><b>Por: Marco A. Cortez Navarrete.&nbsp;<\/b><\/p>\n<\/p>\n<p>Toda vez que el p\u00e1nico, el miedo, el temor y las dudas<br \/>\nsobre la reciente variante \u00d3micron del COVID-19 parecen disiparse al darse a<br \/>\nconocer que, contrario a lo que se supon\u00eda representaba en t\u00e9rminos de<br \/>\npeligrosidad, la OMS y otros organismos sanitarios de prestigio internacional<br \/>\nhan dejado entrever que esta variante sudafricana es m\u00e1s contagiosa pero no por<br \/>\nello m\u00e1s peligrosa que las dem\u00e1s mutaciones detectadas.<\/p>\n<p>En este sentido, las autoridades sanitarias insisten<br \/>\nque los riesgos mayores contin\u00faan, especialmente en los pa\u00edses donde el<br \/>\nporcentaje de vacunados es a\u00fan m\u00ednimo y sus poblaciones est\u00e1n m\u00e1s expuestas a<br \/>\nlos contagios y desde luego a los riesgos de no sobrevivir a la enfermedad.<\/p>\n<p>Hace algunos d\u00edas vimos c\u00f3mo Joe Biden, presidente de<br \/>\nEEUU, se someti\u00f3 a la tercera dosis de la vacuna definida \u201cde refuerzo\u201d e inst\u00f3<br \/>\na todo el mundo, dejando en claro que el virus no ser\u00e1 sometido por completo<br \/>\nhasta que todos los seres humanos est\u00e9n vacunados, dejando entrever as\u00ed su<br \/>\napoyo con donaciones millonarias de vacunas a pa\u00edses pobres que necesitan con<br \/>\nurgencia inocular a sus poblaciones.<\/p>\n<p>Aqu\u00ed, en M\u00e9xico, el arribo de vacunas del extranjero<br \/>\ncontin\u00faa. Recientemente, la misma embajada de EEUU inform\u00f3 del arribo de nuevo<br \/>\nlote del biol\u00f3gico y lo m\u00e1s importante a\u00fan para los mexicanos es que ya arranc\u00f3<br \/>\nla aplicaci\u00f3n de la dosis de refuerzo para los adultos mayores a quienes se les<br \/>\naplicar\u00e1 AstraZeneca sin importar cu\u00e1l les fue aplicada con anterioridad. Este<br \/>\nprograma, como se sabe, ya inici\u00f3 en varios estados entre ellos, Yucat\u00e1n.<\/p>\n<p>Lo anterior, no hay duda, es una excelente noticia<br \/>\nsobre todo porque hemos visto que los recientes indicadores en la entidad<br \/>\nmuestran una notable disminuci\u00f3n de contagios y sobre todo, decesos, lo cual no<br \/>\nquiere decir de ninguna manera que cantemos victoria porque est\u00e1 dicho ya, y<br \/>\nmil veces, que el COVID-19, as\u00ed como la influenza, aquella que tambi\u00e9n fue<br \/>\npandemia en 2009, lleg\u00f3 para quedarse y por lo tanto la raza humana tendr\u00e1 que<br \/>\nconvivir con este organismo que busca por cualquier medio mantener su presencia<br \/>\nentre nosotros.<\/p>\n<p>Esta semana el Gobierno de Yucat\u00e1n anunci\u00f3 que de<br \/>\nmanera paralela a la vacunaci\u00f3n de refuerzo a los adultos mayores se aplican<br \/>\ntambi\u00e9n las vacunas contra COVID-19 a j\u00f3venes de 15 a 17 a\u00f1os, lo cual es una<br \/>\nbuena noticia tomando en cuenta que este es un muy numeroso segmento de<br \/>\npoblaci\u00f3n; aqu\u00ed se utiliza la vacuna Pfizer considerada entre las de mayor<br \/>\ncalidad y prestigio en el mundo.<\/p>\n<p>A los adultos mayores, en 38 comunidades del interior<br \/>\ndel estado de Yucat\u00e1n, donde inici\u00f3 esta etapa de refuerzo se les inyecta la<br \/>\nvacuna de AstraZeneca, tambi\u00e9n muy bien calificada y que, al parecer, es la que<br \/>\nya envasa en suelo mexicano, espec\u00edficamente en los Laboratorios Birmex.<\/p>\n<p>Y as\u00ed como Biden sali\u00f3 a cuadro en Tv y en redes<br \/>\nsociales cuando se le aplic\u00f3 su dosis de refuerzo, en M\u00e9xico, en la conferencia<br \/>\nma\u00f1anera de L\u00f3pez Obrador desfilaron varios colaboradores de primer orden para<br \/>\nrecibir su vacuna de refuerzo entre el mandatario mexicano y el mism\u00edsimo Jorge<br \/>\nAlcocer Varela, secretario de Salud, quien en la C\u00e1mara de Senadores dijo que<br \/>\n\u00e9l no aplicar\u00eda por el momento la vacuna a sus nietos.<\/p>\n<p>Lo cierto es que al parecer el Gobierno de M\u00e9xico ya<br \/>\nentendi\u00f3 que son las vacunas y m\u00e1s vacunas las m\u00e1s importantes para enfrentar a<br \/>\nesta temible pandemia cuyas variantes, al darse a conocer, hacen temblar al mundo<br \/>\nen todos sentidos, desde lo emocional en los seres humanos hasta en las bolsas<br \/>\nde valores y precios del petr\u00f3leo.<\/p>\n<p>El 7 de diciembre pasado, el Gobierno del Estado de<br \/>\nYucat\u00e1n recibi\u00f3 un lote de m\u00e1s de 31 mil 500 vacunas y en el mismo bolet\u00edn<br \/>\nrecord\u00f3 que son casi 3 millones de biol\u00f3gicos los que se han aplicado a los<br \/>\nhabitantes del estado. Esto significa, en t\u00e9rminos muy breves y categ\u00f3ricos, el<br \/>\ninter\u00e9s de las autoridades por, reactivar la econom\u00eda, recuperar y generar<br \/>\nempleos para que el estado contin\u00fae siendo el principal polo de desarrollo en el<br \/>\nsureste mexicano.<\/p>\n<p>Y el gobierno, junto con la sociedad; es decir todos<br \/>\nlos sectores productivos han entendido el inter\u00e9s del ejecutivo para que<br \/>\nnuestra entidad siga adelante en lo econ\u00f3mico, en lo social, en lo cultural, en<br \/>\nlo deportivo y desde luego en lo econ\u00f3mico, base esencial para el crecimiento<br \/>\nde cualquier naci\u00f3n.<\/p>\n<p>Finalmente debemos aprender la lecci\u00f3n que nos dej\u00f3<br \/>\n2020 y entender que todo, absolutamente todo por lo que luchamos y alcanzamos,<br \/>\nsolo es un pr\u00e9stamo temporal. \u00bfQu\u00e9 quiero decir con esto? Que dejemos de ser<br \/>\ndepredadores del mundo que nos da de comer y para vivir. Dejemos de vernos con<br \/>\nodio, envidias y rencores porque todos tengamos o no, somos exactamente<br \/>\niguales.<\/p>\n<p>Les env\u00edo un fuerte abrazo de todo coraz\u00f3n y les deseo<br \/>\ndos, solo dos cosas, que siempre he dicho: Mucha Salud y Mucho Trabajo.<\/p>\n<p><b>Hasta<br \/>\nla pr\u00f3xima.<\/b><\/p><\/p>\n","protected":false},"excerpt":{"rendered":"<p>Por: Marco A. Cortez Navarrete.<\/p>\n","protected":false},"author":1124,"featured_media":35284,"comment_status":"open","ping_status":"open","sticky":false,"template":"","format":"standard","meta":{"tdm_status":"","tdm_grid_status":"","footnotes":""},"categories":[25],"tags":[],"_links":{"self":[{"href":"https:\/\/dralvarez.com.mx\/larevista\/wp-json\/wp\/v2\/posts\/20326"}],"collection":[{"href":"https:\/\/dralvarez.com.mx\/larevista\/wp-json\/wp\/v2\/posts"}],"about":[{"href":"https:\/\/dralvarez.com.mx\/larevista\/wp-json\/wp\/v2\/types\/post"}],"author":[{"embeddable":true,"href":"https:\/\/dralvarez.com.mx\/larevista\/wp-json\/wp\/v2\/users\/1124"}],"replies":[{"embeddable":true,"href":"https:\/\/dralvarez.com.mx\/larevista\/wp-json\/wp\/v2\/comments?post=20326"}],"version-history":[{"count":1,"href":"https:\/\/dralvarez.com.mx\/larevista\/wp-json\/wp\/v2\/posts\/20326\/revisions"}],"predecessor-version":[{"id":35283,"href":"https:\/\/dralvarez.com.mx\/larevista\/wp-json\/wp\/v2\/posts\/20326\/revisions\/35283"}],"wp:featuredmedia":[{"embeddable":true,"href":"https:\/\/dralvarez.com.mx\/larevista\/wp-json\/wp\/v2\/media\/35284"}],"wp:attachment":[{"href":"https:\/\/dralvarez.com.mx\/larevista\/wp-json\/wp\/v2\/media?parent=20326"}],"wp:term":[{"taxonomy":"category","embeddable":true,"href":"https:\/\/dralvarez.com.mx\/larevista\/wp-json\/wp\/v2\/categories?post=20326"},{"taxonomy":"post_tag","embeddable":true,"href":"https:\/\/dralvarez.com.mx\/larevista\/wp-json\/wp\/v2\/tags?post=20326"}],"curies":[{"name":"wp","href":"https:\/\/api.w.org\/{rel}","templated":true}]}}