{"id":20322,"date":"2021-12-12T00:00:00","date_gmt":"2021-12-12T06:00:00","guid":{"rendered":"https:\/\/dralvarez.com.mx\/larevista\/blog\/por-si-el-covid-19-no-es-suficiente-ahora-suenan-los-tambores-de-guerra"},"modified":"2024-02-23T11:26:29","modified_gmt":"2024-02-23T17:26:29","slug":"por-si-el-covid-19-no-es-suficiente-ahora-suenan-los-tambores-de-guerra","status":"publish","type":"post","link":"https:\/\/dralvarez.com.mx\/larevista\/opiniones\/por-si-el-covid-19-no-es-suficiente-ahora-suenan-los-tambores-de-guerra","title":{"rendered":"Por si el Covid-19 no es suficiente,  ahora suenan los tambores de guerra"},"content":{"rendered":"<\/p>\n<p><b>Editorial La Revista Peninsular <\/b><\/p>\n<\/p>\n<p>Durante la semana, distintos pa\u00edses de la comunidad internacional externaron su preocupaci\u00f3n luego de que se diera a conocer que Rusia ha movilizado miles de tropas a su frontera con Ucrania. El presidente de los Estados Unidos de Am\u00e9rica, Joe Biden, entabl\u00f3 una pl\u00e1tica con el mandatario ruso, Vladimir Putin, para mitigar tensiones y advertir que habr\u00eda severas consecuencias en caso de una invasi\u00f3n, a lo cual el segundo respondi\u00f3 que su gobierno no ten\u00eda intenci\u00f3n de irrumpir en territorio ucraniano. No obstante, persiste el temor por un conflicto armado entre ambas naciones dados sus antecedentes b\u00e9licos y la poca claridad de los objetivos del Kremlin.<\/p>\n<p>En abril de este a\u00f1o se present\u00f3 una situaci\u00f3n similar pues Rusia moviliz\u00f3 tropas a la frontera con Ucrania, pero a finales de dicho mes las retir\u00f3 y aleg\u00f3 que se trat\u00f3 de un ejercicio militar de gran escala. Hoy se estima que hay m\u00e1s de 100,000 militares rusos (130,000 seg\u00fan datos del gobierno de Ucrania) estacionados cerca del territorio ucraniano.<\/p>\n<p>De acuerdo con la informaci\u00f3n que ha trascendido, Rusia no tiene una infraestructura suficiente para sostener una invasi\u00f3n por el momento, pero a finales del pr\u00f3ximo a\u00f1o ya contar\u00eda con las condiciones necesarias para una empresa de tal magnitud. Si bien, la Federaci\u00f3n de Rusia ha descartado tener intenciones de este tipo, en el Concierto de las Naciones persiste una preocupaci\u00f3n por dicho escenario ya que a\u00fan no se olvida la invasi\u00f3n a Ucrania del 2014.<\/p>\n<p>En aquel a\u00f1o, Rusia invadi\u00f3 y anex\u00f3 Crimea despu\u00e9s de la revoluci\u00f3n ucraniana del Euromaid\u00e1n, la cual culmin\u00f3 con la destituci\u00f3n del presidente ucraniano V\u00edktor Yanuk\u00f3vich por su postura pro-Rusia. Desde entonces, existe un conflicto b\u00e9lico que ha cobrado m\u00e1s de 14,000 vidas.<\/p>\n<p>Los conflictos de Ucrania se deben principalmente a su posici\u00f3n geogr\u00e1fica ya que est\u00e1 ubicado entre Rusia y la Uni\u00f3n Europea, lo cual propicia que ambos compitan por ser quien tiene mayor influencia en dicho pa\u00eds.<\/p>\n<p>Por un lado, el gobierno ruso alega que Ucrania es parte de su esfera de influencia pues entre ambas naciones existen fuertes lazos culturales, \u00e9tnicos y ling\u00fc\u00edsticos por el antecedente sovi\u00e9tico de este \u00faltimo. Por el otro lado, los pa\u00edses occidentales tienen inter\u00e9s en dicho pa\u00eds pues lo consideran un \u00fatil amortiguador entre Rusia y el Occidente, adem\u00e1s de que apelan a la tendencia de la sociedad ucraniana, demostrada con la revoluci\u00f3n del Euromaid\u00e1n, a rechazar las expresiones pro-Rusia.<\/p>\n<p>El martes de esta semana, el presidente Joe Biden entabl\u00f3 una videollamada con el presidente Vladimir Putin para expresarle su preocupaci\u00f3n por la movilizaci\u00f3n de tropas y hacer un llamado a desescalar el conflicto. Adem\u00e1s, el mandatario estadounidense reafirm\u00f3 la independencia de Ucrania y amenaz\u00f3 con severas sanciones econ\u00f3micas en caso de una invasi\u00f3n.<\/p>\n<p>Es importante se\u00f1alar que Estados Unidos ha actuado desde su posici\u00f3n como miembro de la Organizaci\u00f3n del Tratado del Atl\u00e1ntico Norte (OTAN) pues ha procurado incluir a los dem\u00e1s miembros de esta organizaci\u00f3n en las decisiones que toma. La OTAN es una alianza militar intergubernamental entre 30 pa\u00edses (28 europeos y 2 norteamericanos) con la que se conforma un sistema de seguridad colectivo en el cual los miembros aceptan defenderse mutuamente ante ataques de terceros. Ucrania no es miembro de esta organizaci\u00f3n entonces no hay obligaci\u00f3n para defenderlo con las armas, pero forma parte de sus programas de alianzas por lo cual se justifica el inter\u00e9s por su soberan\u00eda.<\/p>\n<p>Joe Biden descart\u00f3 que entre las sanciones a imponer se contemple una intervenci\u00f3n militar directa con tropas americanas y omiti\u00f3 especificar cu\u00e1les s\u00ed podr\u00edan ser las medidas a tomar; sin embargo, funcionarios estadounidenses han comentado algunas posibles opciones. Entre estas, figuran el incremento de apoyo militar a Ucrania, vetar a Rusia del sistema internacional financiero y cancelar el proyecto Nord Stream 2 (ducto de gas construido entre Alemania y Rusia).<\/p>\n<p>Ante los se\u00f1alamientos, el gobierno ruso sostuvo que no ten\u00eda inter\u00e9s en invadir Ucrania y que el movimiento de sus tropas se deb\u00eda a una estrategia defensiva. Tambi\u00e9n se\u00f1al\u00f3 que el gobierno ucraniano era el responsable de las provocaciones y reproch\u00f3 que la OTAN lleva a cabo esfuerzos para apoderarse del territorio ucraniano y aumentar su potencial militar en las fronteras con Rusia. Por esto, la administraci\u00f3n de Vladimir Putin exigi\u00f3 garant\u00edas respecto al desistimiento de la expansi\u00f3n de la OTAN en su \u00e1rea de influencia y el apoyo armamentista a pa\u00edses que comparten frontera con su territorio.<\/p>\n<p>Debido a la postura del Kremlin, hay analistas los cuales consideran que el movimiento de tropas rusas no responde a un fin b\u00e9lico, sino a una maniobra para ejercer presi\u00f3n sobre los pa\u00edses de Occidente y as\u00ed lograr las garant\u00edas expuestas previamente. Se estima que a finales de enero del pr\u00f3ximo a\u00f1o habr\u00e1 m\u00e1s claridad en cuanto a los objetivos del gobierno ruso.<\/p>\n<p>Sin duda, este es un tema del cual debemos estar al tanto pues podr\u00eda tener importantes consecuencias en el mundo. Un conflicto armado de estas caracter\u00edsticas tiene el potencial de causar una guerra de gran magnitud si se involucran los aliados de las partes y tambi\u00e9n puede generar, junto con las sanciones econ\u00f3micas, efectos negativos en la econom\u00eda global, particularmente en el sector energ\u00e9tico. Esperemos este conflicto se resuelva sin que se dispare otra bala y que, mediante la diplomacia, las naciones puedan llegar a un acuerdo fundado en la paz.<\/p><\/p>\n","protected":false},"excerpt":{"rendered":"<p>Editorial La Revista Peninsular<\/p>\n","protected":false},"author":1111,"featured_media":35280,"comment_status":"open","ping_status":"open","sticky":false,"template":"","format":"standard","meta":{"tdm_status":"","tdm_grid_status":"","footnotes":""},"categories":[25],"tags":[],"_links":{"self":[{"href":"https:\/\/dralvarez.com.mx\/larevista\/wp-json\/wp\/v2\/posts\/20322"}],"collection":[{"href":"https:\/\/dralvarez.com.mx\/larevista\/wp-json\/wp\/v2\/posts"}],"about":[{"href":"https:\/\/dralvarez.com.mx\/larevista\/wp-json\/wp\/v2\/types\/post"}],"author":[{"embeddable":true,"href":"https:\/\/dralvarez.com.mx\/larevista\/wp-json\/wp\/v2\/users\/1111"}],"replies":[{"embeddable":true,"href":"https:\/\/dralvarez.com.mx\/larevista\/wp-json\/wp\/v2\/comments?post=20322"}],"version-history":[{"count":1,"href":"https:\/\/dralvarez.com.mx\/larevista\/wp-json\/wp\/v2\/posts\/20322\/revisions"}],"predecessor-version":[{"id":35279,"href":"https:\/\/dralvarez.com.mx\/larevista\/wp-json\/wp\/v2\/posts\/20322\/revisions\/35279"}],"wp:featuredmedia":[{"embeddable":true,"href":"https:\/\/dralvarez.com.mx\/larevista\/wp-json\/wp\/v2\/media\/35280"}],"wp:attachment":[{"href":"https:\/\/dralvarez.com.mx\/larevista\/wp-json\/wp\/v2\/media?parent=20322"}],"wp:term":[{"taxonomy":"category","embeddable":true,"href":"https:\/\/dralvarez.com.mx\/larevista\/wp-json\/wp\/v2\/categories?post=20322"},{"taxonomy":"post_tag","embeddable":true,"href":"https:\/\/dralvarez.com.mx\/larevista\/wp-json\/wp\/v2\/tags?post=20322"}],"curies":[{"name":"wp","href":"https:\/\/api.w.org\/{rel}","templated":true}]}}