{"id":20320,"date":"2021-12-12T00:00:00","date_gmt":"2021-12-12T06:00:00","guid":{"rendered":"https:\/\/dralvarez.com.mx\/larevista\/blog\/los-que-no-y-los-que-si"},"modified":"2024-02-23T11:26:18","modified_gmt":"2024-02-23T17:26:18","slug":"los-que-no-y-los-que-si","status":"publish","type":"post","link":"https:\/\/dralvarez.com.mx\/larevista\/opiniones\/los-que-no-y-los-que-si","title":{"rendered":"Los que No y los que S\u00ed&#8230;"},"content":{"rendered":"<p><b>Por: Cristina Pad\u00edn.&nbsp;<\/b><\/p>\n<p>Despu\u00e9s les conocer\u00edan de esa manera.. y surgir\u00edan leyendas con unos y otros como protagonistas. Sucedi\u00f3 en Sonata, pueblo de cuento, en un diciembre de nieve y de fr\u00edo. Un mes con aroma a canela y a mazap\u00e1n, a turr\u00f3n y a emoci\u00f3n.<\/p>\n<p>Los que NO se presentaron a las siete de la tarde. Diciendo todos exactamente lo mismo, como si la creatividad no lograra anidar en los corazones de aquellos seres. Llegaron en bloque, como un agresivo terremoto, con furia y arrogancia.<\/p>\n<p>Los que S\u00cd natural(mente) no acudieron all\u00ed a las siete aquella tarde. Unos fueron al cine y otros al teatro; alguno estaba en el campo caminando y otros jugaban al f\u00fatbol. Los amantes del vino bebieron vino, unas ni\u00f1as comieron chocolate, un ni\u00f1o casta\u00f1as..<\/p>\n<p>El mensaje que hab\u00edan recibido dec\u00eda que recibir\u00edan como premio unos libros taurinos  todos aquellos que llegaran hablando sobre toreo a las siete de la tarde de la semana previa a Nochevieja. Una fant\u00e1stica idea de un genio aficionado a la Fiesta.<\/p>\n<p>Los que NO, como suele ser habitual en ellos, simplemente leyeron las primeras palabras. Su vagancia y su incultura les imped\u00eda ir m\u00e1s lejos. Y por eso no hicieron las cosas bien. Total.. poco importaba.. no sabr\u00edan apreciar los libros taurinos!!!<\/p>\n<p>Qu\u00e9 importante es leer!<br \/>Sonata es un pueblo que sale en mis cuentos navide\u00f1os<br \/>Dedicado al toreo<br \/>A los que leen..<br \/>A mi querido Luis<br \/>A la cultura<br \/>A mi amiga Rosario<br \/>A Albriux<br \/>A los genios con gran afici\u00f3n taurina<\/p>\n","protected":false},"excerpt":{"rendered":"<p>Por: Cristina Pad\u00edn.<\/p>\n","protected":false},"author":1025,"featured_media":35278,"comment_status":"open","ping_status":"open","sticky":false,"template":"","format":"standard","meta":{"tdm_status":"","tdm_grid_status":"","footnotes":""},"categories":[25],"tags":[],"_links":{"self":[{"href":"https:\/\/dralvarez.com.mx\/larevista\/wp-json\/wp\/v2\/posts\/20320"}],"collection":[{"href":"https:\/\/dralvarez.com.mx\/larevista\/wp-json\/wp\/v2\/posts"}],"about":[{"href":"https:\/\/dralvarez.com.mx\/larevista\/wp-json\/wp\/v2\/types\/post"}],"author":[{"embeddable":true,"href":"https:\/\/dralvarez.com.mx\/larevista\/wp-json\/wp\/v2\/users\/1025"}],"replies":[{"embeddable":true,"href":"https:\/\/dralvarez.com.mx\/larevista\/wp-json\/wp\/v2\/comments?post=20320"}],"version-history":[{"count":1,"href":"https:\/\/dralvarez.com.mx\/larevista\/wp-json\/wp\/v2\/posts\/20320\/revisions"}],"predecessor-version":[{"id":35277,"href":"https:\/\/dralvarez.com.mx\/larevista\/wp-json\/wp\/v2\/posts\/20320\/revisions\/35277"}],"wp:featuredmedia":[{"embeddable":true,"href":"https:\/\/dralvarez.com.mx\/larevista\/wp-json\/wp\/v2\/media\/35278"}],"wp:attachment":[{"href":"https:\/\/dralvarez.com.mx\/larevista\/wp-json\/wp\/v2\/media?parent=20320"}],"wp:term":[{"taxonomy":"category","embeddable":true,"href":"https:\/\/dralvarez.com.mx\/larevista\/wp-json\/wp\/v2\/categories?post=20320"},{"taxonomy":"post_tag","embeddable":true,"href":"https:\/\/dralvarez.com.mx\/larevista\/wp-json\/wp\/v2\/tags?post=20320"}],"curies":[{"name":"wp","href":"https:\/\/api.w.org\/{rel}","templated":true}]}}