{"id":20298,"date":"2021-12-12T00:00:00","date_gmt":"2021-12-12T06:00:00","guid":{"rendered":"https:\/\/dralvarez.com.mx\/larevista\/blog\/culto-a-la-popularidad"},"modified":"2024-02-23T11:25:21","modified_gmt":"2024-02-23T17:25:21","slug":"culto-a-la-popularidad","status":"publish","type":"post","link":"https:\/\/dralvarez.com.mx\/larevista\/opiniones\/culto-a-la-popularidad","title":{"rendered":"Culto a la popularidad"},"content":{"rendered":"<p><b>Por: Pascal Beltr\u00e1n del R\u00edo.&nbsp;<\/b><\/p>\n<\/p>\n<p>El fil\u00f3sofo y economista brit\u00e1nico Jeremy Bentham<br \/>\n(1748-1832) sosten\u00eda que la opini\u00f3n p\u00fablica era un control \u00fatil sobre la<br \/>\nautoridad de los gobernantes y que, por tanto, los actos de \u00e9stos deb\u00edan<br \/>\nrecibir la m\u00e1xima publicidad posible. \u201cEs la \u00fanica manera de evitar que se<br \/>\nvuelvan perniciosos\u201d, dec\u00eda.<\/p>\n<p>Lo que no pudo advertir el llamado padre del<br \/>\nutilitarismo \u2013la corriente de pensamiento que eval\u00faa toda acci\u00f3n en funci\u00f3n de<br \/>\nla felicidad o pesar que produce\u2013 es que esa publicidad se convertir\u00eda en el<br \/>\ncentro de atenci\u00f3n de los gobernantes.<\/p>\n<p>Para el presidente L\u00f3pez Obrador, la constante<br \/>\nb\u00fasqueda de la popularidad parece ser la meta misma del ejercicio del poder,<br \/>\nincluso m\u00e1s que un medio para lograr fines.<\/p>\n<p>Por eso a menudo esgrime frases como \u201cla gente nos<br \/>\napoya\u201d para justificar una toma de decisi\u00f3n. Es decir, para \u00e9l la prueba de que<br \/>\nlas acciones de su gobierno son buenas es que la mayor\u00eda de la gente lo avale<br \/>\nen lo personal. Y, en efecto, el mandatario lleva varios meses situado por<br \/>\nencima de una aprobaci\u00f3n de 60 por ciento en las encuestas.<\/p>\n<p>Pero los sondeos de popularidad no son suficientes<br \/>\npara el tabasque\u00f1o, quien forj\u00f3 su carrera pol\u00edtica en el contacto con la<br \/>\ngente. Necesita que lo vean, que lo toquen, que le aplaudan. Requiere de<br \/>\nhacerse sentir.<\/p>\n<p>De ah\u00ed, las ma\u00f1aneras diarias, transmitidas en vivo a<br \/>\ntodo el pa\u00eds. La aparici\u00f3n p\u00fablica convertida en acto de gobierno.<\/p>\n<p>De ah\u00ed, tambi\u00e9n, las encuestas y consultas para<br \/>\njustificar decisiones ya tomadas.<\/p>\n<p>Y, por supuesto, los m\u00edtines, en los que el Presidente<br \/>\nse deja arropar por la multitud.<\/p>\n<p>En ese sentido, nada ha sido m\u00e1s penoso para L\u00f3pez<br \/>\nObrador que el confinamiento generado por la pandemia. Durante a\u00f1o y medio, se<br \/>\nha visto obligado a limitar sus encuentros con la gente.<\/p>\n<p>Cinco de sus \u201cinformes trimestrales\u201d \u2013un pretexto para<br \/>\nencabezar actos masivos en el Z\u00f3calo capitalino\u2013 se vio forzado a presentarlos,<br \/>\ncon escasa concurrencia, entre los muros del Palacio Nacional.<\/p>\n<p>A principios de octubre, en gira por Puebla y<br \/>\nTlaxcala, L\u00f3pez Obrador hab\u00eda adelantado que volver\u00eda a convocar actos p\u00fablicos<br \/>\nmasivos. Y dijo que el primero de ellos ser\u00eda en el Z\u00f3calo, el 20 de noviembre,<br \/>\nfecha que, d\u00edas despu\u00e9s, fue cambiada por el 1 de diciembre.<\/p>\n<p>Luego de que, en esa misma gira, damnificados por el<br \/>\nhurac\u00e1n Grace dieron portazo en el acto que \u00e9l presid\u00eda en Huauchinango, en la<br \/>\nSierra Norte de Puebla, L\u00f3pez Obrador explic\u00f3 que eso hab\u00eda pasado porque la<br \/>\ngente ten\u00eda muchas ganas de verlo.<\/p>\n<p>As\u00ed que ma\u00f1ana mi\u00e9rcoles pondr\u00e1 fin a la sequ\u00eda de<br \/>\nba\u00f1os de pueblo que ha padecido desde 18 meses. El problema es que eso ocurrir\u00e1<br \/>\nen medio de la aparici\u00f3n de \u00f3micron, una nueva variante del coronavirus, que ha<br \/>\nllevado a distintos pa\u00edses \u2013no a M\u00e9xico\u2013 a reimponer medidas de confinamiento y<br \/>\ncontrol de fronteras.<\/p>\n<p>Paralelamente, el Presidente promueve la convocatoria<br \/>\na una consulta para decidir si se le remueve del cargo. Claro, \u00e9l y sus<br \/>\npartidarios no le llaman revocaci\u00f3n del mandato, como dice la Constituci\u00f3n,<br \/>\nsino ratificaci\u00f3n del mandato.<\/p>\n<p>Y aunque ning\u00fan grupo representativo est\u00e9 promoviendo<br \/>\nque salgan del poder L\u00f3pez Obrador o alguno de los 10 gobernadores cuya<br \/>\npermanencia tambi\u00e9n podr\u00eda ser motivo de una consulta similar, el Ejecutivo<br \/>\nest\u00e1 empe\u00f1ado en que se gasten 4 mil millones de pesos para que sus seguidores<br \/>\n\u2013los \u00fanicos que saldr\u00edan a votar\u2013 le digan que s\u00ed quieren que se quede hasta<br \/>\n2024.<\/p>\n<p>De hecho, una de las funciones de la Secretar\u00eda de<br \/>\nGobernaci\u00f3n es asegurar que todos los estados que gobierna Morena aporten la<br \/>\ncuota de firmas que legalmente les corresponde para que la consulta se convoque<br \/>\ny se pueda llevar a cabo el pr\u00f3ximo 10 de abril.<\/p>\n<p>\u201cQuiero pasar a la historia como un buen presidente de<br \/>\nM\u00e9xico\u201d, dijo L\u00f3pez Obrador en el mitin de celebraci\u00f3n de su triunfo electoral<br \/>\nen julio de 2018.<\/p>\n<p>Quiz\u00e1 olvida que el reconocimiento hist\u00f3rico suele<br \/>\nestar reservado a la eficacia de los gobernantes m\u00e1s que a su popularidad.<\/p><\/p>\n","protected":false},"excerpt":{"rendered":"<p>Por: Pascal Beltr\u00e1n del R\u00edo.<\/p>\n","protected":false},"author":1127,"featured_media":35260,"comment_status":"open","ping_status":"open","sticky":false,"template":"","format":"standard","meta":{"tdm_status":"","tdm_grid_status":"","footnotes":""},"categories":[25],"tags":[],"_links":{"self":[{"href":"https:\/\/dralvarez.com.mx\/larevista\/wp-json\/wp\/v2\/posts\/20298"}],"collection":[{"href":"https:\/\/dralvarez.com.mx\/larevista\/wp-json\/wp\/v2\/posts"}],"about":[{"href":"https:\/\/dralvarez.com.mx\/larevista\/wp-json\/wp\/v2\/types\/post"}],"author":[{"embeddable":true,"href":"https:\/\/dralvarez.com.mx\/larevista\/wp-json\/wp\/v2\/users\/1127"}],"replies":[{"embeddable":true,"href":"https:\/\/dralvarez.com.mx\/larevista\/wp-json\/wp\/v2\/comments?post=20298"}],"version-history":[{"count":1,"href":"https:\/\/dralvarez.com.mx\/larevista\/wp-json\/wp\/v2\/posts\/20298\/revisions"}],"predecessor-version":[{"id":35259,"href":"https:\/\/dralvarez.com.mx\/larevista\/wp-json\/wp\/v2\/posts\/20298\/revisions\/35259"}],"wp:featuredmedia":[{"embeddable":true,"href":"https:\/\/dralvarez.com.mx\/larevista\/wp-json\/wp\/v2\/media\/35260"}],"wp:attachment":[{"href":"https:\/\/dralvarez.com.mx\/larevista\/wp-json\/wp\/v2\/media?parent=20298"}],"wp:term":[{"taxonomy":"category","embeddable":true,"href":"https:\/\/dralvarez.com.mx\/larevista\/wp-json\/wp\/v2\/categories?post=20298"},{"taxonomy":"post_tag","embeddable":true,"href":"https:\/\/dralvarez.com.mx\/larevista\/wp-json\/wp\/v2\/tags?post=20298"}],"curies":[{"name":"wp","href":"https:\/\/api.w.org\/{rel}","templated":true}]}}