{"id":20288,"date":"2021-12-09T00:00:00","date_gmt":"2021-12-09T06:00:00","guid":{"rendered":"https:\/\/dralvarez.com.mx\/larevista\/blog\/vacunas-claves-para-la-reactivacion-economica-y-la-generacion-de-empleos"},"modified":"2024-02-23T11:24:59","modified_gmt":"2024-02-23T17:24:59","slug":"vacunas-claves-para-la-reactivacion-economica-y-la-generacion-de-empleos","status":"publish","type":"post","link":"https:\/\/dralvarez.com.mx\/larevista\/opiniones\/vacunas-claves-para-la-reactivacion-economica-y-la-generacion-de-empleos","title":{"rendered":"Vacunas, claves para la reactivaci\u00f3n econ\u00f3mica y la generaci\u00f3n de empleos"},"content":{"rendered":"<p><b>Por: Marco A. Cortez Navarrete.<\/b><\/p>\n<p>Toda vez que el p\u00e1nico, el miedo, el temor y las dudas sobre la reciente variante \u00d3micron del COVID-19 parecen disiparse al darse a conocer que, contrario a lo que se supon\u00eda representaba en t\u00e9rminos de peligrosidad, la OMS y otros organismos sanitarios de prestigio internacional han dejado entrever que esta variante sudafricana es m\u00e1s contagiosa pero no por ello m\u00e1s peligrosa que las dem\u00e1s mutaciones detectadas.<\/p>\n<p>En este sentido, las autoridades sanitarias insisten que los riesgos mayores contin\u00faan, especialmente en los pa\u00edses donde el porcentaje de vacunados es a\u00fan m\u00ednimo y sus poblaciones est\u00e1n m\u00e1s expuestas a los contagios y desde luego a los riesgos de no sobrevivir a la enfermedad.<\/p>\n<p>Hace algunos d\u00edas vimos como Joe Biden, presidente de EEUU, se someti\u00f3 a la tercera dosis de la vacuna definida \u201cde refuerzo\u201d e inst\u00f3 a todo el mundo, dejando en claro que el virus no ser\u00e1 sometido por completo hasta que todos los seres humanos est\u00e9n vacunados, dejando entrever as\u00ed su apoyo con donaciones millonarias de vacunas a pa\u00edses pobres que necesitan con urgencia inocular a sus poblaciones.<\/p>\n<p>Aqu\u00ed, en M\u00e9xico, el arribo de vacunas del extranjero contin\u00faa. Recientemente, la misma embajada de EEUU inform\u00f3 del arribo de nuevo lote de biol\u00f3gicos y lo m\u00e1s importante a\u00fan para los mexicanos es que ya arranc\u00f3 la aplicaci\u00f3n de la dosis de refuerzo para los adultos mayores a quienes se les aplicar\u00e1 AstraZeneca sin importar cu\u00e1l les fue aplicada con anterioridad. Este programa, como se sabe, ya inici\u00f3 en varios estados entre ellos, Yucat\u00e1n. <\/p>\n<p>Lo anterior, no hay duda, es una excelente noticia sobre todo porque hemos visto que los recientes indicadores en la entidad muestran una notable disminuci\u00f3n de contagios y sobre todo decesos lo cual no quiere decir de ninguna manera que cantemos victoria porque est\u00e1 dicho ya, y mil veces, que el COVID-19, as\u00ed como la influenza, aquella que tambi\u00e9n fue pandemia en 2009, lleg\u00f3 para quedarse y por lo tanto la raza humana tendr\u00e1 que convivir con este organismo que busca por cualquier medio mantener su presencia entre nosotros.<\/p>\n<p>Ayer el Gobierno de Yucat\u00e1n anunci\u00f3 que de manera paralela a la vacunaci\u00f3n de refuerzo a los adultos mayores se aplican tambi\u00e9n las vacunas contra COVID-19 a j\u00f3venes de 15 a 17 a\u00f1os, lo cual es una buena noticia tomando en cuenta que este es un muy numeroso segmento de poblaci\u00f3n; aqu\u00ed se utiliza la vacuna Pfizer considera entre las de mayor calidad y prestigio en el mundo. <\/p>\n<p>A los adultos mayores, en 38 comunidades del interior del estado de Yucat\u00e1n, donde inici\u00f3 esta etapa de refuerzo se les inyecta la vacuna de AstraZeneca, tambi\u00e9n muy bien calificada y que, al parecer, es la que ya envasa en suelo mexicano, espec\u00edficamente en los Laboratorios Birmex.<\/p>\n<p>Y as\u00ed como Biden sali\u00f3 a cuadro en Tv y en redes sociales cuando se le aplic\u00f3 su dosis de refuerzo,<br \/>aqu\u00ed en M\u00e9xico, en la conferencia ma\u00f1anera de L\u00f3pez Obrador desfilaron varios colaboradores de primer orden para recibir su vacuna de refuerzo entre el mandatario mexicano y el mism\u00edsimo Jorge Alcocer Varela, secretario de Salud, quien en la C\u00e1mara de Senadores dijo que \u00e9l no aplicar\u00eda por el momento la vacuna a sus nietos.<\/p>\n<p>Lo cierto es que al parecer el<br \/>Gobierno de M\u00e9xico ya entendi\u00f3 que son las vacunas y m\u00e1s vacunas las m\u00e1s importantes para enfrentar a esta temible pandemia cuyas variantes, al darse a conocer, hacen temblar al<br \/>mundo en todos sentidos, desde lo emocional en los seres humanos hasta en las bolsas de valores y precios del petr\u00f3leo. <\/p>\n<p>El d\u00eda 7 podo. el Gobierno del Estado de Yucat\u00e1n recibi\u00f3 un lote de m\u00e1s de 31 mil 500 vacunas y en el mismo bolet\u00edn record\u00f3 que son casi 3 millones de biol\u00f3gicos los que se han aplicado a los habitantes del estado. Esto significa, en t\u00e9rminos muy breves y categ\u00f3ricos, el inter\u00e9s de la autoridades por, reactivar la econom\u00eda, recuperar y generar empleos para que el estado contin\u00fae siendo el principal polo de desarrollo en el sureste mexicano. <\/p>\n<p>Y el gobierno, junto con la sociedad; es decir todos los sectores productivos han entendido el inter\u00e9s del ejecutivo para que nuestra entidad siga adelante en lo econ\u00f3mico, en lo social, en lo cultural, en lo deportivo y desde luego en lo econ\u00f3mico, base esencial para el crecimiento de cualquier naci\u00f3n. <\/p>\n<p>Finalmente debemos aprender la lecci\u00f3n que nos dej\u00f3 2020 y entender que todo, absolutamente todo por lo que luchamos y alcanzamos, solo es un pr\u00e9stamo temporal. \u00bfQu\u00e9 quiero decir con esto?. Que dejemos de ser depredadores del mundo que nos da de comer y para vivir. Dejemos de vernos con odio, envidias y rencores porque todos tengamos o no, somos exactamente iguales. <\/p>\n<p>Les env\u00edo un fuerte abrazo de todo coraz\u00f3n y les deseo dos, solo dos cosas, que siempre he dicho: Mucha Salud y Mucho Trabajo.<\/p>\n<p>Hasta la pr\u00f3xima<\/p>\n","protected":false},"excerpt":{"rendered":"<p>Por: Marco A. Cortez Navarrete.<\/p>\n","protected":false},"author":1124,"featured_media":35251,"comment_status":"open","ping_status":"open","sticky":false,"template":"","format":"standard","meta":{"tdm_status":"","tdm_grid_status":"","footnotes":""},"categories":[25],"tags":[],"_links":{"self":[{"href":"https:\/\/dralvarez.com.mx\/larevista\/wp-json\/wp\/v2\/posts\/20288"}],"collection":[{"href":"https:\/\/dralvarez.com.mx\/larevista\/wp-json\/wp\/v2\/posts"}],"about":[{"href":"https:\/\/dralvarez.com.mx\/larevista\/wp-json\/wp\/v2\/types\/post"}],"author":[{"embeddable":true,"href":"https:\/\/dralvarez.com.mx\/larevista\/wp-json\/wp\/v2\/users\/1124"}],"replies":[{"embeddable":true,"href":"https:\/\/dralvarez.com.mx\/larevista\/wp-json\/wp\/v2\/comments?post=20288"}],"version-history":[{"count":1,"href":"https:\/\/dralvarez.com.mx\/larevista\/wp-json\/wp\/v2\/posts\/20288\/revisions"}],"predecessor-version":[{"id":35250,"href":"https:\/\/dralvarez.com.mx\/larevista\/wp-json\/wp\/v2\/posts\/20288\/revisions\/35250"}],"wp:featuredmedia":[{"embeddable":true,"href":"https:\/\/dralvarez.com.mx\/larevista\/wp-json\/wp\/v2\/media\/35251"}],"wp:attachment":[{"href":"https:\/\/dralvarez.com.mx\/larevista\/wp-json\/wp\/v2\/media?parent=20288"}],"wp:term":[{"taxonomy":"category","embeddable":true,"href":"https:\/\/dralvarez.com.mx\/larevista\/wp-json\/wp\/v2\/categories?post=20288"},{"taxonomy":"post_tag","embeddable":true,"href":"https:\/\/dralvarez.com.mx\/larevista\/wp-json\/wp\/v2\/tags?post=20288"}],"curies":[{"name":"wp","href":"https:\/\/api.w.org\/{rel}","templated":true}]}}