{"id":20286,"date":"2021-12-09T00:00:00","date_gmt":"2021-12-09T06:00:00","guid":{"rendered":"https:\/\/dralvarez.com.mx\/larevista\/blog\/dia-de-la-inmaculada-concepcion"},"modified":"2024-02-23T11:24:49","modified_gmt":"2024-02-23T17:24:49","slug":"dia-de-la-inmaculada-concepcion","status":"publish","type":"post","link":"https:\/\/dralvarez.com.mx\/larevista\/opiniones\/dia-de-la-inmaculada-concepcion","title":{"rendered":"D\u00eda de la Inmaculada Concepci\u00f3n&#8230;"},"content":{"rendered":"<p><b>Por: Cristina Pad\u00edn.<\/b><\/p>\n<p>La vida era muy distinta a la de antes. Y mantuvieron la costumbre que hab\u00eda nacido en 2020. El 8 de diciembre crearon un inmenso grupo de whatsapp y cada miembro de la familia envi\u00f3 fotograf\u00edas de sus belenes y de sus abetos. Se engalana el hogar ese d\u00eda.. y tambi\u00e9n se mandaron notas de sonido con villancicos diversos. <\/p>\n<p>Participaban las familias, todo tipo de familias. <\/p>\n<p>Y desde Sevilla P envi\u00f3 una hermosa y dulce imagen de la Virgen Mar\u00eda en el portal; y desde Santiago una de las t\u00edas mand\u00f3 una postal navide\u00f1a que ella misma elabor\u00f3, roja y plateada; y desde Ronda lleg\u00f3 una canci\u00f3n navide\u00f1a al piano; y C comparti\u00f3 un poema taurino de su autor\u00eda; y N hizo lo mismo con su nacimiento..<\/p>\n<p>Y fue una jornada perfecta! Se brind\u00f3. Se felicit\u00f3 a Inmaculada\u2019s y Conchita\u2019s. Algunos comieron turr\u00f3n. <\/p>\n<p>Un d\u00eda de ole! Tradicional, espa\u00f1ol, lleno de esperanza, lleno de ilusi\u00f3n, pre-navide\u00f1o y hogare\u00f1o\u2026 alegre!<\/p>\n<p>No perdamos nunca lo que importa!!<\/p>\n<p>A cada Inmaculada y Conchita<br \/>A los nacimientos (me fascinan)<br \/>Es una reinterpretaci\u00f3n de un cuento de 2020, la vida sigue diferente<br \/>A las familias<br \/>A mi Sevilla y a mi Ronda<br \/>A los protagonistas de la historia<br \/>A mi querido Luis<br \/>A mi amiga Rosario (te mando un beso mientras acabo de montar el nacimiento h escribo cuentos navide\u00f1os, t\u00fa sales en uno)<br \/>A las personas que disfrutan enviando postales de Navidad<br \/>A mi amiga Ana<\/p>\n","protected":false},"excerpt":{"rendered":"<p>Por: Cristina Pad\u00edn.<\/p>\n","protected":false},"author":1025,"featured_media":35249,"comment_status":"open","ping_status":"open","sticky":false,"template":"","format":"standard","meta":{"tdm_status":"","tdm_grid_status":"","footnotes":""},"categories":[25],"tags":[],"_links":{"self":[{"href":"https:\/\/dralvarez.com.mx\/larevista\/wp-json\/wp\/v2\/posts\/20286"}],"collection":[{"href":"https:\/\/dralvarez.com.mx\/larevista\/wp-json\/wp\/v2\/posts"}],"about":[{"href":"https:\/\/dralvarez.com.mx\/larevista\/wp-json\/wp\/v2\/types\/post"}],"author":[{"embeddable":true,"href":"https:\/\/dralvarez.com.mx\/larevista\/wp-json\/wp\/v2\/users\/1025"}],"replies":[{"embeddable":true,"href":"https:\/\/dralvarez.com.mx\/larevista\/wp-json\/wp\/v2\/comments?post=20286"}],"version-history":[{"count":1,"href":"https:\/\/dralvarez.com.mx\/larevista\/wp-json\/wp\/v2\/posts\/20286\/revisions"}],"predecessor-version":[{"id":35248,"href":"https:\/\/dralvarez.com.mx\/larevista\/wp-json\/wp\/v2\/posts\/20286\/revisions\/35248"}],"wp:featuredmedia":[{"embeddable":true,"href":"https:\/\/dralvarez.com.mx\/larevista\/wp-json\/wp\/v2\/media\/35249"}],"wp:attachment":[{"href":"https:\/\/dralvarez.com.mx\/larevista\/wp-json\/wp\/v2\/media?parent=20286"}],"wp:term":[{"taxonomy":"category","embeddable":true,"href":"https:\/\/dralvarez.com.mx\/larevista\/wp-json\/wp\/v2\/categories?post=20286"},{"taxonomy":"post_tag","embeddable":true,"href":"https:\/\/dralvarez.com.mx\/larevista\/wp-json\/wp\/v2\/tags?post=20286"}],"curies":[{"name":"wp","href":"https:\/\/api.w.org\/{rel}","templated":true}]}}