{"id":20280,"date":"2021-12-07T00:00:00","date_gmt":"2021-12-07T06:00:00","guid":{"rendered":"https:\/\/dralvarez.com.mx\/larevista\/blog\/aquel-ser-egoista"},"modified":"2024-02-23T11:24:31","modified_gmt":"2024-02-23T17:24:31","slug":"aquel-ser-egoista","status":"publish","type":"post","link":"https:\/\/dralvarez.com.mx\/larevista\/opiniones\/aquel-ser-egoista","title":{"rendered":"Aquel ser ego\u00edsta&#8230;"},"content":{"rendered":"<p><b>Por: Cristina Pad\u00edn.<\/b><\/p>\n<p>Ego\u00edsta y profundamente inculto. As\u00ed era el tipo que viv\u00eda en aquel castillo. Yaqueb. En verdad \u00e9l pose\u00eda una muy favorable opini\u00f3n de s\u00ed mismo. Como todo aquel que vale muy poco \u00e9l consideraba que val\u00eda mucho.. era la arrogancia a un hombre pegada..<\/p>\n<p>Habitaba en un castillo que durante mucho tiempo hab\u00edan habitado unos ancianos. A ellos les encantaban los ni\u00f1os y siempre hab\u00eda peque\u00f1os jugando en los jardines. Y adolescentes escuchando m\u00fasica o bes\u00e1ndose..<\/p>\n<p>Yaqueb nunca quiso que los ni\u00f1os entraran en su terreno y levant\u00f3 muros muy altos.. Lo que hab\u00eda sido un castillo alegre y bello en vida de los abuelitos se transform\u00f3 en un sitio l\u00fagubre, cargado de sentimientos muy negativos, oscuro.<\/p>\n<p>Una tarde una ni\u00f1a llamada Mar\u00eda perdi\u00f3 un libro. Se trataba de Momo. Le encantaba! Lo hab\u00eda dejado en uno de los bancos que rodeaban el castillo, bancos tambi\u00e8n propiedad de Yaqueb. Todos los peque\u00f1os se asustaron..<\/p>\n<p>Los de m\u00e1s edad en verdad se alegraron. Era tan bonita la historia de Momo que sin duda Yaqueb, tras leerla, se enternecer\u00eda y les dejar\u00eda jugar en los jardines. No fue as\u00ed, naturalmente. Yaqueb quem\u00f3 el libro. Los seres como Yaqueb no aman los libros..<\/p>\n<p>La clase aplaudi\u00f3. Pablo hab\u00eda captado muy bien la idea. Les hab\u00eda pedido escribir, algo que ped\u00eda muchas veces, un cuento similar a uno muy conocido. Como homenaje. El chico hab\u00eda escogido El gigante ego\u00edsta. Le maravillaba..<\/p>\n<p>Y la clase le felicit\u00f3. Era un d\u00eda especial y pronto saldr\u00edan de excursi\u00f3n. Iban a visitar una ganader\u00eda de toro bravo.<\/p>\n<p>De peque\u00f1a yo lloraba leyendo ese cuento de Oscar Wilde. Mi homenaje es una historia m\u00e1s dura<br \/>Yaqueb es personaje de mis cuentos navide\u00f1os, es lo que hay que combatir: la incultura<br \/>A Luis<br \/>A Pablo, en verdad a varios Pablo\u2019s<br \/>A los profesores<br \/>A Mar\u00eda y a su mam\u00e1: profesora<br \/>A los ganaderos de toro bravo<br \/>A mis amigos: Jm, Luis, Jos\u00e9<br \/>A Momo, libro que me hechiz\u00f3<br \/>Y a los libros<\/p>\n","protected":false},"excerpt":{"rendered":"<p>Por: Cristina Pad\u00edn.<\/p>\n","protected":false},"author":1025,"featured_media":35243,"comment_status":"open","ping_status":"open","sticky":false,"template":"","format":"standard","meta":{"tdm_status":"","tdm_grid_status":"","footnotes":""},"categories":[25],"tags":[],"_links":{"self":[{"href":"https:\/\/dralvarez.com.mx\/larevista\/wp-json\/wp\/v2\/posts\/20280"}],"collection":[{"href":"https:\/\/dralvarez.com.mx\/larevista\/wp-json\/wp\/v2\/posts"}],"about":[{"href":"https:\/\/dralvarez.com.mx\/larevista\/wp-json\/wp\/v2\/types\/post"}],"author":[{"embeddable":true,"href":"https:\/\/dralvarez.com.mx\/larevista\/wp-json\/wp\/v2\/users\/1025"}],"replies":[{"embeddable":true,"href":"https:\/\/dralvarez.com.mx\/larevista\/wp-json\/wp\/v2\/comments?post=20280"}],"version-history":[{"count":1,"href":"https:\/\/dralvarez.com.mx\/larevista\/wp-json\/wp\/v2\/posts\/20280\/revisions"}],"predecessor-version":[{"id":35242,"href":"https:\/\/dralvarez.com.mx\/larevista\/wp-json\/wp\/v2\/posts\/20280\/revisions\/35242"}],"wp:featuredmedia":[{"embeddable":true,"href":"https:\/\/dralvarez.com.mx\/larevista\/wp-json\/wp\/v2\/media\/35243"}],"wp:attachment":[{"href":"https:\/\/dralvarez.com.mx\/larevista\/wp-json\/wp\/v2\/media?parent=20280"}],"wp:term":[{"taxonomy":"category","embeddable":true,"href":"https:\/\/dralvarez.com.mx\/larevista\/wp-json\/wp\/v2\/categories?post=20280"},{"taxonomy":"post_tag","embeddable":true,"href":"https:\/\/dralvarez.com.mx\/larevista\/wp-json\/wp\/v2\/tags?post=20280"}],"curies":[{"name":"wp","href":"https:\/\/api.w.org\/{rel}","templated":true}]}}