{"id":20272,"date":"2021-12-07T00:00:00","date_gmt":"2021-12-07T06:00:00","guid":{"rendered":"https:\/\/dralvarez.com.mx\/larevista\/blog\/la-vi-bailando-flamenco-un-6-de-diciembre"},"modified":"2024-02-23T11:24:01","modified_gmt":"2024-02-23T17:24:01","slug":"la-vi-bailando-flamenco-un-6-de-diciembre","status":"publish","type":"post","link":"https:\/\/dralvarez.com.mx\/larevista\/opiniones\/la-vi-bailando-flamenco-un-6-de-diciembre","title":{"rendered":"\u00a1La vi bailando flamenco un 6 de diciembre!"},"content":{"rendered":"<p><b>Por: Cristina Pad\u00edn.<\/b><\/p>\n<p>Era el d\u00eda que celebramos, con respeto y esperanza, todos los espa\u00f1oles. Era 6 de diciembre en Espa\u00f1a, y en el resto del mundo. Ol\u00eda en Espa\u00f1a a d\u00edas fr\u00edos, ilusi\u00f3n en las sonrisas, casta\u00f1as y canela, Navidad y tradici\u00f3n. <\/p>\n<p>La vi bailando flamenco porque en efecto era lo que estaba haciendo. Y lo bailaba porque lo sent\u00eda, y porque era heredera de un largo legado de historia y arte y cultura. Lo bailaba porque era fuerte, porque era alma, porque era libre. Porque era volante de pasi\u00f3n y sentimiento..<\/p>\n<p>La vi bailando flamenco porque lo estaba bailando. Porque le\u00eda a Lorca y admiraba a Camar\u00f3n, porque era taurina y noble. Porque era madre y tambi\u00e9n hija. Sincera y vital. Viva y flamenca. Y cumpl\u00eda a\u00f1os, en esa jornada tan especial. <\/p>\n<p>La vi bailando flamenco.. y pens\u00e9 que su nombre ser\u00eda uno fuerte y sonoro, puro. Y podr\u00eda ser Victoria o Roc\u00edo o Triana. Pero en verdad era Manuela, el nombre que en s\u00ed mismo es una guitarra, un vestido rojo, un fragmento de poes\u00eda.. <\/p>\n<p>La vi.. y le dese\u00e9 feliz d\u00eda!<\/p>\n<p>Compuse el cuento con el estribillo de un tema de Andr\u00e9s Su\u00e1rez<br \/>A mi amiga Manuela, feliz cumplea\u00f1os<br \/>A mi amigo Manuel, que no est\u00e1 de cumplea\u00f1os<br \/>A mi querido Luis<br \/>A SinterKlaas, que me ha dejado regalos<br \/>Al toreo<br \/>A Juli<br \/>Al flamenco<br \/>A Victoria y a Roc\u00edo (no conozco a nadie con el nombre de Triana)<br \/>A la verdad y al arte<\/p>\n","protected":false},"excerpt":{"rendered":"<p>Por: Cristina Pad\u00edn.<\/p>\n","protected":false},"author":1025,"featured_media":35236,"comment_status":"open","ping_status":"open","sticky":false,"template":"","format":"standard","meta":{"tdm_status":"","tdm_grid_status":"","footnotes":""},"categories":[25],"tags":[],"_links":{"self":[{"href":"https:\/\/dralvarez.com.mx\/larevista\/wp-json\/wp\/v2\/posts\/20272"}],"collection":[{"href":"https:\/\/dralvarez.com.mx\/larevista\/wp-json\/wp\/v2\/posts"}],"about":[{"href":"https:\/\/dralvarez.com.mx\/larevista\/wp-json\/wp\/v2\/types\/post"}],"author":[{"embeddable":true,"href":"https:\/\/dralvarez.com.mx\/larevista\/wp-json\/wp\/v2\/users\/1025"}],"replies":[{"embeddable":true,"href":"https:\/\/dralvarez.com.mx\/larevista\/wp-json\/wp\/v2\/comments?post=20272"}],"version-history":[{"count":1,"href":"https:\/\/dralvarez.com.mx\/larevista\/wp-json\/wp\/v2\/posts\/20272\/revisions"}],"predecessor-version":[{"id":35235,"href":"https:\/\/dralvarez.com.mx\/larevista\/wp-json\/wp\/v2\/posts\/20272\/revisions\/35235"}],"wp:featuredmedia":[{"embeddable":true,"href":"https:\/\/dralvarez.com.mx\/larevista\/wp-json\/wp\/v2\/media\/35236"}],"wp:attachment":[{"href":"https:\/\/dralvarez.com.mx\/larevista\/wp-json\/wp\/v2\/media?parent=20272"}],"wp:term":[{"taxonomy":"category","embeddable":true,"href":"https:\/\/dralvarez.com.mx\/larevista\/wp-json\/wp\/v2\/categories?post=20272"},{"taxonomy":"post_tag","embeddable":true,"href":"https:\/\/dralvarez.com.mx\/larevista\/wp-json\/wp\/v2\/tags?post=20272"}],"curies":[{"name":"wp","href":"https:\/\/api.w.org\/{rel}","templated":true}]}}