{"id":20258,"date":"2021-12-06T00:00:00","date_gmt":"2021-12-06T06:00:00","guid":{"rendered":"https:\/\/dralvarez.com.mx\/larevista\/blog\/sinterklaas-y-el-nino-que-era-fuerte"},"modified":"2024-02-23T11:23:30","modified_gmt":"2024-02-23T17:23:30","slug":"sinterklaas-y-el-nino-que-era-fuerte","status":"publish","type":"post","link":"https:\/\/dralvarez.com.mx\/larevista\/opiniones\/sinterklaas-y-el-nino-que-era-fuerte","title":{"rendered":"SinterKlaas&#8230; y el ni\u00f1o que era fuerte&#8230;"},"content":{"rendered":"<p><b>Por: Cristina Pad\u00edn.<\/b><\/p>\n<p>Y hab\u00edan vivido varios a\u00f1os en Amsterdam y les encantaba mantener costumbres holandesas. La noche del 5 al 6 de diciembre llegaba de Espa\u00f1a SinterKlaas. Acompa\u00f1ado por su ayudante Pedro. Para repartir regalos de Navidad..<\/p>\n<p>A casa de aquella familia llegaba tambi\u00e9n, porque hab\u00eda vivido varios a\u00f1os en el pa\u00eds y el m\u00e1gico personaje contaba con ella. Y en la escuela aquella ma\u00f1ana el ni\u00f1o que era fuerte relat\u00f3 esa historia. Sus hermanos y \u00e9l recibir\u00edan regalos el domingo.<\/p>\n<p>Y los de siempre dijeron que no. Insultaron. <br \/>Hicieron lo de siempre: berrear para no decir nada!<\/p>\n<p>Y el ni\u00f1o que era fuerte no permiti\u00f3 que su voz, extra\u00f1a voz, quedara sepultada entre tanta palabra grosera. Repiti\u00f3 la historia y mostr\u00f3 fotograf\u00edas. De SinterKlaas, un ser similar a Papa Noel, llegando a Holanda en barco. S\u00ed llegar\u00eda el 5 de diciembre!<\/p>\n<p>El ni\u00f1o que era fuerte era tambi\u00e9n capaz de seguir las clases. Hablaba mal y le costaba andar, por una discapacidad, pero pod\u00eda hacerlo todo. Con m\u00e1s tiempo. Le\u00eda mucho, tocaba la guitarra, adoraba el toreo y acud\u00eda a muchos tentaderos.. jugaba al ajedrez.<\/p>\n<p>Y se defend\u00eda de lo que consideraba absurdo. Aquellos que tan alto hablaban no sab\u00edan lo que dec\u00edan. SinterKlaas llegar\u00eda el domingo\u2026<\/p>\n<p>En efecto llegar\u00eda el Rey de la Navidad en Holanda. De hecho en su caja de fantas\u00eda y regalos ten\u00eda ya las letras de chocolate para la familia y\u2026 Sssshhhh.. es sorpresa!!<\/p>\n<p>SinterKlaas llega el domingo a los hogares holandeses, y en el m\u00edo tambi\u00e9n deja algo, por haber nacido y vivido all\u00ed<br \/>Un cuento en el que quise combinar el D\u00eda de la Discapacidad con esa tradici\u00f3n holandesa<br \/>A cada persona con una discapacidad: ejemplo de lucha y superaci\u00f3n<br \/>A Holanda<br \/>A la magia navide\u00f1a<br \/>A mi querido Luis<br \/>A las personas fuertes, y a las que no lo son, ojal\u00e1 encuentren la fuerza para serlo<br \/>A las personas sensibles<br \/>Y a estos d\u00edas de ilusiones<\/p>\n","protected":false},"excerpt":{"rendered":"<p>Por: Cristina Pad\u00edn.<\/p>\n","protected":false},"author":1025,"featured_media":35224,"comment_status":"open","ping_status":"open","sticky":false,"template":"","format":"standard","meta":{"tdm_status":"","tdm_grid_status":"","footnotes":""},"categories":[25],"tags":[],"_links":{"self":[{"href":"https:\/\/dralvarez.com.mx\/larevista\/wp-json\/wp\/v2\/posts\/20258"}],"collection":[{"href":"https:\/\/dralvarez.com.mx\/larevista\/wp-json\/wp\/v2\/posts"}],"about":[{"href":"https:\/\/dralvarez.com.mx\/larevista\/wp-json\/wp\/v2\/types\/post"}],"author":[{"embeddable":true,"href":"https:\/\/dralvarez.com.mx\/larevista\/wp-json\/wp\/v2\/users\/1025"}],"replies":[{"embeddable":true,"href":"https:\/\/dralvarez.com.mx\/larevista\/wp-json\/wp\/v2\/comments?post=20258"}],"version-history":[{"count":1,"href":"https:\/\/dralvarez.com.mx\/larevista\/wp-json\/wp\/v2\/posts\/20258\/revisions"}],"predecessor-version":[{"id":35223,"href":"https:\/\/dralvarez.com.mx\/larevista\/wp-json\/wp\/v2\/posts\/20258\/revisions\/35223"}],"wp:featuredmedia":[{"embeddable":true,"href":"https:\/\/dralvarez.com.mx\/larevista\/wp-json\/wp\/v2\/media\/35224"}],"wp:attachment":[{"href":"https:\/\/dralvarez.com.mx\/larevista\/wp-json\/wp\/v2\/media?parent=20258"}],"wp:term":[{"taxonomy":"category","embeddable":true,"href":"https:\/\/dralvarez.com.mx\/larevista\/wp-json\/wp\/v2\/categories?post=20258"},{"taxonomy":"post_tag","embeddable":true,"href":"https:\/\/dralvarez.com.mx\/larevista\/wp-json\/wp\/v2\/tags?post=20258"}],"curies":[{"name":"wp","href":"https:\/\/api.w.org\/{rel}","templated":true}]}}