{"id":20250,"date":"2021-12-06T00:00:00","date_gmt":"2021-12-06T06:00:00","guid":{"rendered":"https:\/\/dralvarez.com.mx\/larevista\/blog\/chocolate-y-diciembre"},"modified":"2024-02-23T11:22:54","modified_gmt":"2024-02-23T17:22:54","slug":"chocolate-y-diciembre","status":"publish","type":"post","link":"https:\/\/dralvarez.com.mx\/larevista\/opiniones\/chocolate-y-diciembre","title":{"rendered":"Chocolate y diciembre&#8230;"},"content":{"rendered":"<p><b>Por: Cristina Pad\u00edn.&nbsp;<\/b><\/p>\n<p>Le encantaba el chocolate&#8230; de todos los tipos. El oscuro, el blanco, el que llevaba almendras o sal.. Contaba que de joven, de ni\u00f1a, las ocasiones de comerlo no eran tantas.. siempre le hab\u00eda encantado.. Pero era caro, y su familia humilde. Ahora ya cumpl\u00eda cien a\u00f1os, un siglo de vida y experiencias.. Cumpl\u00eda el 2 de diciembre.. como muchas personas excelentes.. como el t\u00edo Andr\u00e9s..<\/p>\n<p>Festejaban su gran d\u00eda en su hogar, en familia.. no hay nada mejor! Pose\u00eda adem\u00e1s ella, gracias a Dios, memoria para recordar y para agradecer. Era divina la abuelita gallega. Alegre y bondadosa, era la generosidad real.. fant\u00e1stica. Una mujer deliciosa que cos\u00eda, bordaba, le\u00eda novelas, ve\u00eda videos de toros. En las plazas hab\u00eda aplaudido a Manzanares y a Jos\u00e9 Tom\u00e0s..<\/p>\n<p>Le llevaron chocolate con leche y frambuesa.. y chocolate negro con sal.. y chocolate con crema de cacahuete.. y un coro flamenco. Y un \u00e1lbum de fotograf\u00edas&#8230; Ya casi era Navidad.. fue un cumplea\u00f1os perfecto!! frambuesa.. y chocolate negro con sal.. y chocolate con crema de cacahuete.. y un coro. Y un \u00e1lbum de fotograf\u00edas&#8230; Ya casi era Navidad.. fue un cumplea\u00f1os perfecto! <\/p>\n<p>El otro d\u00eda estuve viendo una obra de teatro en la que hablaban del chocolate, yo adoro el negro, y se me ocurri\u00f3 la historia<br \/>A mi padre, feliz cumplea\u00f1os hasta el cielo<br \/>Dedicado a las abuelas gallegas y a la m\u00eda<br \/>A Belem, felicidad<br \/>A mi Luis<br \/>Al toreo<br \/>A Jos\u00e9 Tom\u00e1s, tomasistas, Manzanares y manzanaristas<br \/>A las tradiciones<br \/>A diciembre<\/p>\n","protected":false},"excerpt":{"rendered":"<p>Por: Cristina Pad\u00edn.<\/p>\n","protected":false},"author":1025,"featured_media":35216,"comment_status":"open","ping_status":"open","sticky":false,"template":"","format":"standard","meta":{"tdm_status":"","tdm_grid_status":"","footnotes":""},"categories":[25],"tags":[],"_links":{"self":[{"href":"https:\/\/dralvarez.com.mx\/larevista\/wp-json\/wp\/v2\/posts\/20250"}],"collection":[{"href":"https:\/\/dralvarez.com.mx\/larevista\/wp-json\/wp\/v2\/posts"}],"about":[{"href":"https:\/\/dralvarez.com.mx\/larevista\/wp-json\/wp\/v2\/types\/post"}],"author":[{"embeddable":true,"href":"https:\/\/dralvarez.com.mx\/larevista\/wp-json\/wp\/v2\/users\/1025"}],"replies":[{"embeddable":true,"href":"https:\/\/dralvarez.com.mx\/larevista\/wp-json\/wp\/v2\/comments?post=20250"}],"version-history":[{"count":1,"href":"https:\/\/dralvarez.com.mx\/larevista\/wp-json\/wp\/v2\/posts\/20250\/revisions"}],"predecessor-version":[{"id":35215,"href":"https:\/\/dralvarez.com.mx\/larevista\/wp-json\/wp\/v2\/posts\/20250\/revisions\/35215"}],"wp:featuredmedia":[{"embeddable":true,"href":"https:\/\/dralvarez.com.mx\/larevista\/wp-json\/wp\/v2\/media\/35216"}],"wp:attachment":[{"href":"https:\/\/dralvarez.com.mx\/larevista\/wp-json\/wp\/v2\/media?parent=20250"}],"wp:term":[{"taxonomy":"category","embeddable":true,"href":"https:\/\/dralvarez.com.mx\/larevista\/wp-json\/wp\/v2\/categories?post=20250"},{"taxonomy":"post_tag","embeddable":true,"href":"https:\/\/dralvarez.com.mx\/larevista\/wp-json\/wp\/v2\/tags?post=20250"}],"curies":[{"name":"wp","href":"https:\/\/api.w.org\/{rel}","templated":true}]}}