{"id":20236,"date":"2021-11-30T00:00:00","date_gmt":"2021-11-30T06:00:00","guid":{"rendered":"https:\/\/dralvarez.com.mx\/larevista\/blog\/noviembre-acaba-con-san-andres"},"modified":"2024-02-23T11:22:15","modified_gmt":"2024-02-23T17:22:15","slug":"noviembre-acaba-con-san-andres","status":"publish","type":"post","link":"https:\/\/dralvarez.com.mx\/larevista\/opiniones\/noviembre-acaba-con-san-andres","title":{"rendered":"Noviembre acaba con san Andr\u00e9s&#8230;"},"content":{"rendered":"<p><b>Por: Cristina Pad\u00edn.<\/b><\/p>\n<p>&#8230;y con casta\u00f1as asadas, la nariz helada y calcetines gordos en los pies. El ni\u00f1o que quiere ser torero siempre les contaba a los dem\u00e1s ni\u00f1os maravillas sobre el und\u00e9cimo mes del a\u00f1o. Y ellos le dec\u00edan que es m\u00e1s bello abril, con los volantes y la alegr\u00eda; o mayo, con helados en los parques y toros en las plazas; o agosto: piscina y playa. <\/p>\n<p>El ni\u00f1o que quiere ser torero afirmaba que un mes que inicia en la melancol\u00eda de Santos y acaba con san Andr\u00e9s por fuerza es un mes bonito..<\/p>\n<p>El ni\u00f1o que quiere ser torero no vive en Sevilla y tampoco en M\u00e1laga. Vive en Galicia, y lee y estudia y piensa.. y lee y estudia y piensa sobre toreo. Y cuenta a los dem\u00e1s sobre el fr\u00edo que llega en la ma\u00f1ana que a\u00fan es noche, y sobre la caza, y sobre los turrones retornando a las tiendas. Y, s\u00ed, ya todos empiezan a querer a noviembre..<\/p>\n<p>Hoy su t\u00edo Andr\u00e9s hace una peque\u00f1a fiesta. El ni\u00f1o que quiere ser torero, que conoce esfuerzo y sacrificio, invita a amigos. Ver\u00e1n v\u00eddeos de toreo, comer\u00e1n pasteles..<\/p>\n<p>Se dormir\u00e1 noviembre, con el aroma de la Navidad..<\/p>\n<p>Dedicado a san Andr\u00e9s. A mi padre, que hoy festeja su d\u00eda en el cielo, y a cada Andr\u00e9s<br \/>A noviembre.. con el tiempo aprend\u00ed a amar a este mes tan melanc\u00f3lico<br \/>A cada ni\u00f1o que quiere ser torero. A mi amigo El\u00edas<br \/>A Sevilla y a M\u00e1laga, ciudades que amo<br \/>A mi Galicia del alma<br \/>A las personas que leen y piensan<br \/>A mi Luis<br \/>Y al toreo<\/p>\n","protected":false},"excerpt":{"rendered":"<p>Por: Cristina Pad\u00edn.<\/p>\n","protected":false},"author":1025,"featured_media":35205,"comment_status":"open","ping_status":"open","sticky":false,"template":"","format":"standard","meta":{"tdm_status":"","tdm_grid_status":"","footnotes":""},"categories":[25],"tags":[],"_links":{"self":[{"href":"https:\/\/dralvarez.com.mx\/larevista\/wp-json\/wp\/v2\/posts\/20236"}],"collection":[{"href":"https:\/\/dralvarez.com.mx\/larevista\/wp-json\/wp\/v2\/posts"}],"about":[{"href":"https:\/\/dralvarez.com.mx\/larevista\/wp-json\/wp\/v2\/types\/post"}],"author":[{"embeddable":true,"href":"https:\/\/dralvarez.com.mx\/larevista\/wp-json\/wp\/v2\/users\/1025"}],"replies":[{"embeddable":true,"href":"https:\/\/dralvarez.com.mx\/larevista\/wp-json\/wp\/v2\/comments?post=20236"}],"version-history":[{"count":1,"href":"https:\/\/dralvarez.com.mx\/larevista\/wp-json\/wp\/v2\/posts\/20236\/revisions"}],"predecessor-version":[{"id":35204,"href":"https:\/\/dralvarez.com.mx\/larevista\/wp-json\/wp\/v2\/posts\/20236\/revisions\/35204"}],"wp:featuredmedia":[{"embeddable":true,"href":"https:\/\/dralvarez.com.mx\/larevista\/wp-json\/wp\/v2\/media\/35205"}],"wp:attachment":[{"href":"https:\/\/dralvarez.com.mx\/larevista\/wp-json\/wp\/v2\/media?parent=20236"}],"wp:term":[{"taxonomy":"category","embeddable":true,"href":"https:\/\/dralvarez.com.mx\/larevista\/wp-json\/wp\/v2\/categories?post=20236"},{"taxonomy":"post_tag","embeddable":true,"href":"https:\/\/dralvarez.com.mx\/larevista\/wp-json\/wp\/v2\/tags?post=20236"}],"curies":[{"name":"wp","href":"https:\/\/api.w.org\/{rel}","templated":true}]}}