{"id":20226,"date":"2021-11-30T00:00:00","date_gmt":"2021-11-30T06:00:00","guid":{"rendered":"https:\/\/dralvarez.com.mx\/larevista\/blog\/las-historias-pequenas-son-las-grandes"},"modified":"2024-02-23T11:21:50","modified_gmt":"2024-02-23T17:21:50","slug":"las-historias-pequenas-son-las-grandes","status":"publish","type":"post","link":"https:\/\/dralvarez.com.mx\/larevista\/opiniones\/las-historias-pequenas-son-las-grandes","title":{"rendered":"\u00a1Las historias peque\u00f1as.. son las grandes!"},"content":{"rendered":"<p><b>Por: Cristina Pad\u00edn.<\/b><\/p>\n<p>Se juntaron en un lugar plateado y azul. Tan bello: se llamaba Bueu. Con tantas vocales. Muchos nombres gallegos llevan muchas vocales, suenan bonito, suenan a agua o a monta\u00f1a, a tradici\u00f3n. Se juntaron all\u00ed y all\u00ed las recogi\u00f3 el barco. El mar de finales de noviembre, el mar de marinero ya est\u00e1 llegando Navidad, permanec\u00eda en calma, sereno y sensato, con sentidi\u00f1o. <\/p>\n<p>Llegaron pronto a la isla. <\/p>\n<p>A la isla de Ons. Es majestuosa, y sencilla. Impresionante, y humilde. Hermos\u00edsima, y rural. Parece el dibujo de un cuento, una postal que hable de rutas literarias, un gran fragmento de historia, es agresiva y salada, pura y profunda, m\u00e1gica y m\u00edstica. La isla de Ons es playas de ensue\u00f1o, un faro, unos caminos, su propio sonido, un tesoro. Es un alboroto de sensaciones..<\/p>\n<p>Desembarcaron. Las dem\u00e1s ya las estaban esperando. Hac\u00eda fr\u00edo, y el sol avanzaba entre una neblina h\u00fameda. Eran las historias peque\u00f1as. Esas que tenemos cada uno, las que no son enormes gestas pero son importantes gestos. Un perd\u00f3n, un logro el el trabajo, un beso, una victoria. Justo a eso iban: a rendir homenaje a una victoria. A la victoria de Victoria. <\/p>\n<p>Victoria, anciana gallega, supo vivir como quiso, y donde quiso. Vivi\u00f3 en Ons, en esa isla, hasta que se muri\u00f3. Trabajadora infatigable, como las viejas gallegas, \u00fanica, due\u00f1a de sus palabras y de su ritmo. Mujer sin miedo, no le ten\u00eda miedo al miedo y jam\u00e1s le dej\u00f3 entrar en su cabeza. Amiga del mar, del silencio, de los inviernos en soledad.<\/p>\n<p>Ese vivir a su manera fue la victoria de Victoria. Una historia peque\u00f1a.. que es muy grande. Descanse en paz, se\u00f1ora!<\/p>\n<p>Dedicado a Victoria y a sus seres queridos<br \/>La isla forma parte de mi hermana y de m\u00ed, conocimos a Victoria el verano de 2016<br \/>A la isla de Ons: algo \u00fanico. Recomendable<br \/>A las peque\u00f1as historias.. son grandes<br \/>A cada victoria<br \/>A mi querida Vicky Mart\u00edn-Berrocal<br \/>A mi Luis<br \/>A Carlos, iremos a ese faro<br \/>A Manuel<br \/>Y a lo que importa<\/p>\n","protected":false},"excerpt":{"rendered":"<p>Por: Cristina Pad\u00edn.<\/p>\n","protected":false},"author":1025,"featured_media":35195,"comment_status":"open","ping_status":"open","sticky":false,"template":"","format":"standard","meta":{"tdm_status":"","tdm_grid_status":"","footnotes":""},"categories":[25],"tags":[],"_links":{"self":[{"href":"https:\/\/dralvarez.com.mx\/larevista\/wp-json\/wp\/v2\/posts\/20226"}],"collection":[{"href":"https:\/\/dralvarez.com.mx\/larevista\/wp-json\/wp\/v2\/posts"}],"about":[{"href":"https:\/\/dralvarez.com.mx\/larevista\/wp-json\/wp\/v2\/types\/post"}],"author":[{"embeddable":true,"href":"https:\/\/dralvarez.com.mx\/larevista\/wp-json\/wp\/v2\/users\/1025"}],"replies":[{"embeddable":true,"href":"https:\/\/dralvarez.com.mx\/larevista\/wp-json\/wp\/v2\/comments?post=20226"}],"version-history":[{"count":1,"href":"https:\/\/dralvarez.com.mx\/larevista\/wp-json\/wp\/v2\/posts\/20226\/revisions"}],"predecessor-version":[{"id":35194,"href":"https:\/\/dralvarez.com.mx\/larevista\/wp-json\/wp\/v2\/posts\/20226\/revisions\/35194"}],"wp:featuredmedia":[{"embeddable":true,"href":"https:\/\/dralvarez.com.mx\/larevista\/wp-json\/wp\/v2\/media\/35195"}],"wp:attachment":[{"href":"https:\/\/dralvarez.com.mx\/larevista\/wp-json\/wp\/v2\/media?parent=20226"}],"wp:term":[{"taxonomy":"category","embeddable":true,"href":"https:\/\/dralvarez.com.mx\/larevista\/wp-json\/wp\/v2\/categories?post=20226"},{"taxonomy":"post_tag","embeddable":true,"href":"https:\/\/dralvarez.com.mx\/larevista\/wp-json\/wp\/v2\/tags?post=20226"}],"curies":[{"name":"wp","href":"https:\/\/api.w.org\/{rel}","templated":true}]}}