{"id":20210,"date":"2021-11-30T00:00:00","date_gmt":"2021-11-30T06:00:00","guid":{"rendered":"https:\/\/dralvarez.com.mx\/larevista\/blog\/dia-naranja-tan-cerquita-del-rojo-y-tan-lejos-del-amarillo"},"modified":"2024-02-23T11:21:23","modified_gmt":"2024-02-23T17:21:23","slug":"dia-naranja-tan-cerquita-del-rojo-y-tan-lejos-del-amarillo","status":"publish","type":"post","link":"https:\/\/dralvarez.com.mx\/larevista\/opiniones\/dia-naranja-tan-cerquita-del-rojo-y-tan-lejos-del-amarillo","title":{"rendered":"D\u00eda Naranja: Tan Cerquita del Rojo y Tan Lejos del Amarillo"},"content":{"rendered":"<p><b>Por: Jorge Valladares S\u00e1nchez.* <\/b><\/p>\n<p><b>dr.jorge.valladares@gmail.com<\/b><br \/><b>@DrJValladares en Twitter<\/b><br \/><b>@dr.jorge.valladares en Facebook<\/b><br \/><b>Dr. Jorge Valladares en Youtube<\/b><\/p>\n<p>Uno de los efectos de vivir en esta era de plena disponibilidad de medios y dispositivos para la comunicaci\u00f3n digital es que cualquier tema y casi cualquier dato puede ser accesible, al grado de que, ahora, de lo que con frecuencia tenemos que protegernos es de la saturaci\u00f3n. Aunque claro hay saturaciones que agradan y otras que abruman.<\/p>\n<p>Y es que saturar puede entenderse como colmar (exceder de lleno), saciar (cubrir completamente la necesidad) o llegar al m\u00e1ximo, donde ya no sea posible notar, permitir o hacer m\u00e1s. La vida, la gente y el sentir es tan diverso, que deber\u00eda ser natural la inclusi\u00f3n, la tolerancia, la receptividad, la creatividad, la variedad, la flexibilidad\u2026 Pero, \u00a1ahhh!, nuestra personalidad, costumbres y din\u00e1micas sociales, hacen de las suyas y nos llevan a tener que recordar y dialogar al respecto.<\/p>\n<p>En este d\u00eda 25, y en especial de noviembre, hay una abundancia en las redes electr\u00f3nicas de im\u00e1genes, mensajes y referencias contra la violencia de g\u00e9nero, lo que para algunas personas representa un logro positivo, una necesidad, una causa, un deber\u2026 para otras, pocas afortunadamente, una saturaci\u00f3n inc\u00f3moda, y para el resto una tendencia, una facilitaci\u00f3n de la publicaci\u00f3n del d\u00eda, un distractor o una invitaci\u00f3n a tambi\u00e9n decir algo, pensando que llegar\u00e1 a la atenci\u00f3n y vendr\u00e1n los \u201clike\u201d al subirse al \u201ctrending\u201d.<\/p>\n<p>Como probablemente hoy ya todo\/a lector sepa, se identifica a esta fecha con el color naranja, al grado de ser simplificado como \u201cD\u00eda Naranja\u201d, confundido por suficientes (como el D\u00eda de la Mujer) con una celebraci\u00f3n, cuando en realidad su fondo refiere al D\u00eda Internacional para la Eliminaci\u00f3n de la Violencia contra la Mujer, o mejor dicho, violencias contra las mujeres. Como campa\u00f1a, el D\u00eda Naranja, se atribuye a una iniciativa de, el entonces Secretario General de la ONU, Ban Ki-moon, que bajo el lema \u201c\u00daNETE\u201d y un distintivo de este color, llamaba a poner fin a esas diversas formas de violencia que tantas y tantas mujeres enfrentan y \u201cconcientizar\u201d a la sociedad. Si bien la fecha se conmemora hace cuatro d\u00e9cadas y la realizaci\u00f3n de acciones continuas para el mismo fin se inici\u00f3 desde organismo civiles.<\/p>\n<p>Llegamos a la anualidad 13 de ese llamado, que la CNDH nos dice va dirigida a activistas, defensoras y defensores de derechos humanos, medios de comunicaci\u00f3n, gobiernos, organismos p\u00fablicos, y a todo el sistema de Naciones Unidas para vestir y\/o usar un distintivo naranja, iluminar y\/o adornar edificios y difundir en redes (electr\u00f3nicas) el d\u00eda, su objetivo y datos sobre el impacto de esas formas de violencia.<\/p>\n<p>Si esa era la intenci\u00f3n, vamos bien. Tengo el placer de interactuar con gente de diversos sectores y ocupaciones; m\u00e1s en unos ambientes que en otros, esas cinco acciones ocurren bastante seg\u00fan me indica face y whats, y un poco twitter e Instagram; tiktok no. Los marcos alusivos proliferan y se usan con orgullo, y las fotos de conjunto se han hecho cada vez m\u00e1s espectaculares. Las invitaciones a manifestaciones p\u00fablicas siguen afortunadamente presentes, pero no aumentan tanto, como tampoco va tan acelerado el informe de acciones realizadas personal o colectivamente por quien publica, pero hay, y se reconoce m\u00e1s. Las declaraciones de hartazgo, est\u00edmulo a luchar m\u00e1s fuerte y cr\u00edtica dura hacia lo que se deja de hacer desde la autoridad, e incluso la sociedad, han crecido a ritmo medio, comparativamente.<\/p>\n<p>Mi pregunta, como pap\u00e1, ciudadano, metod\u00f3logo y psic\u00f3logo del diablo es: \u00bfesas 5 eran las acciones adecuadas a las que convocar para lograr el objetivo, que Ban retom\u00f3, pero desde hace siglos necesitamos lograr? En tema aparte, el color elegido me parece bien adecuado, pues se le atribuye la energ\u00eda, seguridad, calidez y \u00e9xito que necesita esa campa\u00f1a (l\u00e9ase con confianza: cruzada), como tambi\u00e9n tiene tonalidades que reflejan lo inadecuado que sufren las v\u00edctimas y el temor con el que viven.<\/p>\n<p>La Comisi\u00f3n Nacional encargada del tema nos reitera algunas cifras espeluznantes y hace suya la invitaci\u00f3n, as\u00ed como nos ilustra 8 cajones en los que agrupa tanta violencia hacia las mujeres: familiar, sexual (hostigamiento y acoso), docente, institucional, feminicida, laboral y en la comunidad. Hay otras clasificaciones, pero el punto es si los logros con en la presencia medi\u00e1tica ha reducido en algo cualquiera de ellas.<\/p>\n<p>En este a\u00f1o, como campa\u00f1a, ONU Mujeres llama de nuevo a 16 d\u00edas de activismo y nos indica que el tema es \u201cPinta el mundo de naranja: \u00a1Pongamos fin a la violencia contra las mujeres YA!\u201d. De lo cual entiendo que las mismas 5 acciones son las que se pretenden, que invitan a seguir haciendo lo mismo, pues no sucede a\u00fan, y por ello me concentro en la palabra \u00faltima, la m\u00e1s valiosa de toda esa campa\u00f1a, a mi entender: \u00a1YA!<\/p>\n<p>El naranja, como la vida y la gente, tiene diversas gamas, el ocre, que casi es caf\u00e9, el bermell\u00f3n que casi es rojo, el azafr\u00e1n que casi es amarillo, mel\u00f3n, salm\u00f3n, caqui, dorado, calabaza, y decenas m\u00e1s, hasta nuestro muy local guayita. Y cada uno aporta algo para dar color. Asimismo cada una de las acciones referidas, desde el posteo de la foto personal portando el lazo, hasta la acci\u00f3n de auxilio o la exigencia contundente a la autoridad suman a la causa, que tiene dimensiones tit\u00e1nicas.<\/p>\n<p>Sin embargo, y con todo mi afecto y el compromiso de que soy capaz, apunto que el YA dif\u00edcilmente se alcanzar\u00e1 sin afinar las bater\u00edas del qui\u00e9n, hacia quien y con qu\u00e9 debemos dirigirnos para esa inmediatez, sentido de urgencia y definitividad, con esa fuerza, con ese imperativo, acentuando el sentido de uni\u00f3n, al que Ban nos llamaba\u2026 Para que no haya, como en la palabra misma, confusi\u00f3n de si nos referimos a algo que Ya qued\u00f3 atr\u00e1s, algo que Ya est\u00e1 pasando o algo que Ya va a pasar.<\/p>\n<p>\u201cLas Mariposas\u201d Patricia, Minerva y Mar\u00eda Teresa Mirabal, asesinadas hace 51 a\u00f1os nos ejemplifican realidades que siguen vivas hoy y no se ve que vayan a cambiar mucho para ma\u00f1ana 26, y lo grotesco es que las v\u00edctimas de estos casos, ma\u00f1ana 26 podr\u00edan, incluso, no estar vivas m\u00e1s.<\/p>\n<p>Sin duda toda acci\u00f3n abona, sensibilizar sirve, pronunciarse, informar. Prevenir pasa un poco por ese camino, un mucho por la ley, pero m\u00e1s por asegurar que las instituciones funcionen; y seguimos oyendo demasiados casos donde la persona lleg\u00f3 a la instituci\u00f3n y no obtuvo de ella ni lo que dice el discurso de funcionarios\/as ni lo que dice el texto legal, ni mucho menos lo que dicen los tratados internacionales, repetidos o no en los portales nacionales que tendr\u00edan que asegurar su cumplimiento.<\/p>\n<p>El YA est\u00e1 m\u00e1s cerca de publicaciones como las siguientes, que me anima ver de vez en cuando, y m\u00e1s cuando imagino que son acompa\u00f1adas de acciones en la verdadera red social, la de personas, la de la calle, la de la comunidad.<br \/>&#8211; \u201csi soy amigo\/a de tu violentador, d\u00edmelo, por favor\u201d y hagamos que eso acabe o no se repita.<br \/>&#8211; \u201csi sientes que est\u00e1s en riesgo, s\u00f3lo hazme X o Y se\u00f1al\u201d y contar\u00e1s conmigo para salir de ello o resolverlo.<br \/>&#8211; \u201cYo s\u00ed te creo\u201d y tengo como prioridad hacer algo con lo que me digas.<br \/>&#8211; \u201cLa Instituci\u00f3n tiene que responderte, no posponer, ni dudar\u201d y estoy contigo si no lo hace, hasta que lo haga.<\/p>\n<p>E igual todas aquellas que van dirigidas a mujeres y ni\u00f1as desde la voz de su madre, familiares, amigos, pareja diciendo lo que siempre debi\u00f3 ser, que no tienen que conformarse, ni tolerar abusos, ni inhibir sus deseos de ser lo que quieran y hacer lo que les haga bien. En especial si imagino que va a acompa\u00f1ado de realidades, como esas que hacen que no sea necesario publicar nada, pues ya pasa entre nosotros lo que no necesito decirte p\u00fablicamente.<\/p>\n<p>Si quien es v\u00edctima pudiera enfrentar sola, con sus recursos, en cualquier momento la situaci\u00f3n, ser\u00edan muy pocas las v\u00edctimas, pero son millones. Tenemos que actuar en acompa\u00f1amiento, fortalecimiento real de recursos y disposici\u00f3n permanente, en especial en los lugares que sabemos que m\u00e1s ocurre la violencia.<\/p>\n<p>Si quien es victimario\/a al leer o mirar entendiera y cambiara, ser\u00edan pocas las v\u00edctimas, pero son millones. Algunos\/as requieren la acci\u00f3n de la autoridad, otras francamente tratamiento y todos\/as la certeza de que no hay, en efecto, mujer que est\u00e9 sola, a ninguna hora, en ning\u00fan espacio, sin importar la relaci\u00f3n que con ella se tenga. Pero m\u00e1s importante, que no hay mujer que merezca, ni que vaya a permitir un abuso m\u00e1s.<\/p>\n<p>Para que el victimario\/a entienda eso, tendr\u00eda que estar pasando Ya. Pero no es una realidad a\u00fan, y tenemos mucho por hacer. Las personas que ya creemos y procuramos esto nos gusta leer y ver el cumplimiento de esas 5 acciones de comunicaci\u00f3n medi\u00e1tica, pero incluso hemos fallado y no estamos en el punto que debemos, ni siquiera sabiendo que deber\u00edamos y queriendo estar en \u00e9l. En m\u00e1s de una ocasi\u00f3n hemos sido fuente misma del problema, por m\u00e1s que ahora lo entendamos o procuremos evitarlo o ser parte de la soluci\u00f3n.<\/p>\n<p>Si lo que se pone en la ley bastara para que se modificaran realidades, habr\u00eda muy pocas v\u00edctimas, pues mucho se ha escrito en ella, pero son millones las personas que no solo reciben la violencia, sino que se ven desprovistas de los derechos que la ley YA le concede, pero A\u00daN no le garantiza.<\/p>\n<p>Si las instituciones cumplieran lo que la ley dice y lo atendieran con el ah\u00ednco de los discursos de sus titulares o la claridad con la que se pronuncian en sus portales, ser\u00edan pocas las v\u00edctimas y ser\u00edan atendidas adecuadamente, pero son millones. Y muchas han intentado recibir esa ayuda y han sido revictimizadas o simplemente mal atendidas, mientras que muchas otras ni siquiera se acercan para no tener que pasar por un suplicio adicional en un lugar que no logra dar el servicio por el que todos\/as pagamos.<\/p>\n<p>Si a los funcionarios\/as que verdaderamente intentan cumplir con su deber en instituciones destinadas a ello contaran con los recursos y apoyo adecuados habr\u00eda menos v\u00edctimas, pero son millones, y es mucha la frustraci\u00f3n de esas pocas personas que s\u00ed son verdaderos\/as servidores p\u00fablicos del tema y generalmente es m\u00e1s el apoyo que viene desde la sociedad civil, incluso con menos recursos a\u00fan.<\/p>\n<p>El d\u00eda naranja sigue demasiado cerca de la violencia del rojo y demasiado lejos de la alegr\u00eda del amarillo, atorado en la gama de colores que representan lo que vemos y vivimos. A falta de una mejor foto o frase, va mi publicaci\u00f3n, no en face, sino en cada d\u00eda que convivimos, mientras son peque\u00f1as:<\/p>\n<p>Clausy y Melissa:<br \/>&#8211; \u00bfQui\u00e9n es muy lista?<br \/>&gt; \u00a1Yo!<br \/>&#8211; \u00bfQui\u00e9n es guerrera?<br \/>&gt; \u00a1Yo!<br \/>&#8211; \u00bfQu\u00e9 puedes hacer?<br \/>&gt; \u00a1Lo que YO quiera!<\/p>\n<p>Y para ellas, y en lo que pueda para la hija de cualquier persona (todas lo son), mi ciencia, mi disposici\u00f3n al pasar, mi mejor versi\u00f3n y mi enfocada firmeza si sirve a que en su caso YA pare lo que ha estado afrontando.<\/p>\n<p>&#8212;&#8212;&#8212;&#8212;&#8212;&#8212;&#8212;&#8212;&#8212;&#8211;<\/p>\n<\/p>\n<p>Este sistema aditivo de colores<br \/>\nluz es el que utilizan los monitores y televisores para producir colores. En<br \/>\neste sistema, un color se describe con valores num\u00e9ricos para cada uno de sus<br \/>\ncomponentes (rojo, verde y azul), indicando al rojo con \u00abR\u00bb, al verde con \u00abG\u00bb y<br \/>\nal azul con \u00abB\u00bb. En una escala de valores de 0 a 100, un naranja aditivo<br \/>\nmediano se expresar\u00eda como R=100 (rojo al valor m\u00e1ximo), G=50 (verde a la mitad<br \/>\ndel valor) y B=0 (nada de azul). V\u00e9ase RGB.<\/p>\n<p><b>El significado del color rojo<\/b><\/p>\n<p><b>Positivo:<\/b> Pasi\u00f3n, atrevimiento, importancia, fuerza, calor,<br \/>\nenerg\u00eda, estimulaci\u00f3n, masculinidad, excitaci\u00f3n, exuberancia, osad\u00eda.<\/p>\n<p><b>Negativo:<\/b> Desaf\u00edo, agresi\u00f3n, impacto, tensi\u00f3n.<\/p>\n<p><b>El significado del color amarillo<\/b><\/p>\n<p><b>Positivo:<\/b> Felicidad, amistad, advertencia, optimismo, caluroso,<br \/>\nvelocidad, amabilidad, autoestima, extroversi\u00f3n.<\/p>\n<p><b>Negativo:<\/b> Ansiedad, irracionalidad, fragilidad, miedo.<\/p>\n<p><b>El significado del color naranja<\/b><\/p>\n<p><b>Positivo:<\/b> Energ\u00eda, vitalidad, diversi\u00f3n, seguridad, juguet\u00f3n,<br \/>\ncalidez, confort, comida.<\/p>\n<p><b>Negativo:<\/b> Privaci\u00f3n, frustraci\u00f3n, frivolidad, inmadurez.<\/p>\n<p><small>&#8212;&#8212;&#8212;&#8212;&#8212;&#8212;&#8212;&#8212;&#8212;&#8212;&#8212;&#8211;<\/small><br \/><b><small>*Jorge Valladares S\u00e1nchez<\/small><\/b><br \/><small>Pap\u00e1, Ciudadano, Consultor.<\/small><br \/><small>Coordinador Nacional de la Red C\u00edvica Mx, A.C.<\/small><br \/><small>Doctor en Ciencias Sociales.<\/small><br \/><small>Doctor en Derechos Humanos.<\/small><br \/><small>Especialista en Psicolog\u00eda y Licenciado en Derecho.<\/small><\/p>\n","protected":false},"excerpt":{"rendered":"<p>Por: Jorge Valladares S\u00e1nchez.*<\/p>\n","protected":false},"author":1112,"featured_media":35183,"comment_status":"open","ping_status":"open","sticky":false,"template":"","format":"standard","meta":{"tdm_status":"","tdm_grid_status":"","footnotes":""},"categories":[25],"tags":[],"_links":{"self":[{"href":"https:\/\/dralvarez.com.mx\/larevista\/wp-json\/wp\/v2\/posts\/20210"}],"collection":[{"href":"https:\/\/dralvarez.com.mx\/larevista\/wp-json\/wp\/v2\/posts"}],"about":[{"href":"https:\/\/dralvarez.com.mx\/larevista\/wp-json\/wp\/v2\/types\/post"}],"author":[{"embeddable":true,"href":"https:\/\/dralvarez.com.mx\/larevista\/wp-json\/wp\/v2\/users\/1112"}],"replies":[{"embeddable":true,"href":"https:\/\/dralvarez.com.mx\/larevista\/wp-json\/wp\/v2\/comments?post=20210"}],"version-history":[{"count":1,"href":"https:\/\/dralvarez.com.mx\/larevista\/wp-json\/wp\/v2\/posts\/20210\/revisions"}],"predecessor-version":[{"id":35182,"href":"https:\/\/dralvarez.com.mx\/larevista\/wp-json\/wp\/v2\/posts\/20210\/revisions\/35182"}],"wp:featuredmedia":[{"embeddable":true,"href":"https:\/\/dralvarez.com.mx\/larevista\/wp-json\/wp\/v2\/media\/35183"}],"wp:attachment":[{"href":"https:\/\/dralvarez.com.mx\/larevista\/wp-json\/wp\/v2\/media?parent=20210"}],"wp:term":[{"taxonomy":"category","embeddable":true,"href":"https:\/\/dralvarez.com.mx\/larevista\/wp-json\/wp\/v2\/categories?post=20210"},{"taxonomy":"post_tag","embeddable":true,"href":"https:\/\/dralvarez.com.mx\/larevista\/wp-json\/wp\/v2\/tags?post=20210"}],"curies":[{"name":"wp","href":"https:\/\/api.w.org\/{rel}","templated":true}]}}