{"id":20202,"date":"2021-11-30T00:00:00","date_gmt":"2021-11-30T06:00:00","guid":{"rendered":"https:\/\/dralvarez.com.mx\/larevista\/blog\/arturo-herrera-ya-no-va-al-banco-de-mexico"},"modified":"2024-02-23T11:21:10","modified_gmt":"2024-02-23T17:21:10","slug":"arturo-herrera-ya-no-va-al-banco-de-mexico","status":"publish","type":"post","link":"https:\/\/dralvarez.com.mx\/larevista\/opiniones\/arturo-herrera-ya-no-va-al-banco-de-mexico","title":{"rendered":"Arturo Herrera ya no va al Banco de M\u00e9xico"},"content":{"rendered":"<p><b><i>Contacto con la Pol\u00edtica Nacional<\/i>, por: Baltasar Barbolla. <\/b><\/p>\n<p><b><\/p>\n<p><i><\/i><\/b><\/p>\n<blockquote>\n<ul>\n<li><b><i>Arturo Herrera ya no va al Banco de M\u00e9xico.<\/i><\/b><\/li>\n<li><b><i>112 Asamblea General Ordinaria del IMSS.<\/i><\/b><\/li>\n<\/ul>\n<\/blockquote>\n<\/p>\n<p><b><i>Arturo<br \/>\nHerrera ya no va al Banco de M\u00e9xico<\/i><\/b><\/p>\n<p><b>CDMX.-<\/b> Parece<br \/>\nser que <b>Arturo Herrera Guti\u00e9rrez<\/b> se<br \/>\nqued\u00f3 sin Secretar\u00eda de Hacienda y Cr\u00e9dito P\u00fablico (SHCP) y sin Banco de M\u00e9xico<br \/>\n(Banxico). Esta semana se dio a conocer que Presidencia retir\u00f3 su recomendaci\u00f3n<br \/>\npara que Herrera estuviese al frente del banco central mexicano, a pesar de que<br \/>\n\u00e9ste renunci\u00f3 a la titularidad de Hacienda hace unos meses con el fin de ser<br \/>\nconsiderado para dicho puesto. \u2013expuso la abogada para iniciar la charla de<br \/>\nesta semana en el <b>Balmoral <\/b>&#8211; El<br \/>\nanuncio de la decisi\u00f3n lleg\u00f3 en un momento complicado para la econom\u00eda mexicana<br \/>\npues aument\u00f3 la incertidumbre que ya exist\u00eda por el reciente aumento de la<br \/>\ninflaci\u00f3n y el fortalecimiento del d\u00f3lar.<\/p>\n<p>-Desde el mes de mayo se comentaba que el ejecutivo<br \/>\nfederal propondr\u00eda a un nuevo gobernador de Banxico pues <b>Alejandro D\u00edaz de Le\u00f3n<\/b> (actual gobernador), si bien es un<br \/>\neconomista de gran prestigio, tiene una visi\u00f3n ideol\u00f3gica distinta a la del<br \/>\nproyecto gubernamental. \u2013dijo el pol\u00edtico- De hecho, el presidente <b>Andr\u00e9s Manuel L\u00f3pez Obrador<\/b> dijo que,<br \/>\npara ocupar la titularidad del banco central, buscar\u00eda a un economista con<br \/>\ndimensi\u00f3n social y que coincidiera con los preceptos de la econom\u00eda moral.<\/p>\n<p>-El elegido por el presidente L\u00f3pez Obrador para la<br \/>\ntitularidad de Banxico, por lo menos en aquel tiempo, fue el entonces<br \/>\nsecretario de Hacienda y Cr\u00e9dito P\u00fablico, Arturo Herrera. \u2013platic\u00f3 el<br \/>\nconsultor- Hubo algunas quejas sobre esta decisi\u00f3n pues, dado que Herrera<br \/>\nformaba parte del gabinete federal, parec\u00eda una intenci\u00f3n de violentar la<br \/>\nautonom\u00eda del banco central; sin embargo, estas quejas no encontraron mayor eco<br \/>\npues poner a funcionarios de confianza al frente de este tipo de \u00f3rganos es<br \/>\nalgo que se ha visto en M\u00e9xico durante sexenios anteriores, como el de <b>Felipe Calder\u00f3n<\/b>, e inclusive en otros<br \/>\npa\u00edses del mundo.<\/p>\n<p>-Las preocupaciones sobre la autonom\u00eda de Banxico no<br \/>\neran infundadas pues es de todos conocido que el presidente L\u00f3pez Obrador ha<br \/>\nantagonizado p\u00fablicamente a \u00f3rganos e institutos con autonom\u00eda total o parcial<br \/>\nque no siguen sus instrucciones, como el Instituto Nacional Electoral o la<br \/>\nComisi\u00f3n Reguladora de Energ\u00eda. A\u00fan m\u00e1s, Andr\u00e9s Manuel ya hab\u00eda lanzado<br \/>\ndenostaciones en contra de Banxico pues, por no tener las facultades legales,<br \/>\nse neg\u00f3 a disponer recursos propios para fines gubernamentales, \u2013estableci\u00f3 el<br \/>\neditorialista-. Independientemente de lo anterior, la autonom\u00eda del banco<br \/>\ncentral es un tema delicado pues, si no se procura, podr\u00eda representar graves<br \/>\nconsecuencias para el pa\u00eds.<\/p>\n<p>-Recordemos que Arturo Herrera fue el segundo<br \/>\nsecretario de Hacienda del actual sexenio y que asumi\u00f3 dicho cargo despu\u00e9s de<br \/>\nla escandalosa renuncia de <b>Carlos Urz\u00faa<\/b>.<br \/>\n\u2013se\u00f1al\u00f3 la periodista- Urz\u00faa, uno de los economistas y matem\u00e1ticos m\u00e1s<br \/>\nrespetados del pa\u00eds, public\u00f3 una carta al momento de dimitir en la cual<br \/>\nexplicaba que su salida se deb\u00eda a discrepancias con el gobierno federal<br \/>\ngeneradas por decisiones de pol\u00edtica p\u00fablica tomadas sin sustento cient\u00edfico y<br \/>\ndesplantes de extremismo ideol\u00f3gico. Esto represent\u00f3 la primera gran crisis del<br \/>\ngobierno de L\u00f3pez Obrador por la credibilidad que Carlos Urz\u00faa brindaba al<br \/>\ngabinete y al proyecto federal.  <\/p>\n<p>-Los primeros meses de <b>Arturo Herrera <\/b>en la SHCP no fueron sencillos por la delicada<br \/>\nsituaci\u00f3n econ\u00f3mica del pa\u00eds, pero con el tiempo logr\u00f3 consolidarse y ganar la<br \/>\nconfianza del presidente gracias a su capacidad para concretar objetivos y<br \/>\nsolucionar problemas. Por lo anterior, como bien dijeron, en junio fue<br \/>\npropuesto para ser gobernador de Banxico y en julio dej\u00f3 la secretar\u00eda para<br \/>\ncontender correctamente por dicho cargo. En el lugar de Herrera, qued\u00f3 <b>Rogelio Ram\u00edrez de la O<\/b>, quien<br \/>\nactualmente sigue siendo titular de la SHCP.<\/p>\n<p>-La gesti\u00f3n de <b>Alejandro<br \/>\nD\u00edaz de Le\u00f3n<\/b> comenz\u00f3 en el 2014 y est\u00e1 debe terminar en diciembre de este<br \/>\na\u00f1o, por lo cual se esperaba que Arturo Herrera asumiera la titularidad de<br \/>\nBanxico el primero de enero del 2022. No obstante, el coordinador de Morena en<br \/>\nel Senado, <b>Ricardo Monreal<\/b>,<br \/>\ncomparti\u00f3 el martes de esta semana que, desde agosto, Presidencia hab\u00eda<br \/>\nretirado el nombramiento de Herrera de la C\u00e1mara Alta. -cont\u00f3 la empresaria- La<br \/>\nnoticia fue confirmada por el mismo Herrera Guti\u00e9rrez pues, en su cuenta de<br \/>\nTwitter, admiti\u00f3 que la semana pasada se hab\u00eda reunido con el presidente L\u00f3pez<br \/>\nObrador y \u00e9ste le dijo que hab\u00eda reconsiderado su nombramiento como gobernador<br \/>\nde Banxico.<\/p>\n<p>-En la conferencia matutina del mi\u00e9rcoles, un d\u00eda<br \/>\ndespu\u00e9s del comentario del senador Monreal, Andr\u00e9s Manuel L\u00f3pez Obrador anunci\u00f3<br \/>\nque ahora planeaba nombrar como titular de Banxico a <b>Victoria Rodr\u00edguez Ceja<\/b>, subsecretaria de Hacienda y Cr\u00e9dito<br \/>\nP\u00fablico, quien ser\u00eda la primera mujer en encabezar el banco central mexicano.<br \/>\nEl presidente explic\u00f3 que su decisi\u00f3n se debe al buen desempe\u00f1o que Rodr\u00edguez<br \/>\nCeja ha tenido en la SHCP y a que su gobierno busca darles m\u00e1s espacios de<br \/>\nparticipaci\u00f3n a las mujeres. \u2013comparti\u00f3 el editorialista<\/p>\n<p>-En la \u201cma\u00f1anera\u201d de la cual habla nuestro amigo<br \/>\neditorialista, el presidente neg\u00f3 que hubiese alguna irregularidad en el actuar<br \/>\nde Arturo Herrera o que le tuviese desconfianza y dijo que el cambio de<br \/>\nnombramiento se hizo porque las circunstancias actuales favorecen la promoci\u00f3n<br \/>\nde una mujer para el cargo. \u2013complement\u00f3 el analista<\/p>\n<p>-El anuncio del nombramiento de Victoria Rodr\u00edguez no<br \/>\nfue bien recibido en la bolsa pues los indicadores econ\u00f3micos nacionales<br \/>\ncayeron el mismo d\u00eda que se dio a conocer la noticia. Aunque es cierto que la<br \/>\nsituaci\u00f3n econ\u00f3mica actual es complicada actualmente por el aumento de la<br \/>\ninflaci\u00f3n y el fortalecimiento del d\u00f3lar frente al peso, el s\u00fabito cambio de<br \/>\nnombramiento gener\u00f3 incertidumbre lo cual termin\u00f3 por complicar a\u00fan m\u00e1s el<br \/>\npanorama econ\u00f3mico nacional. \u2013explic\u00f3 la abogada.<\/p>\n<p>-M\u00e1s de uno se encuentra confundido por esta situaci\u00f3n<br \/>\npues no est\u00e1 claro cu\u00e1l fue el motivo por el que el presidente cambi\u00f3 de<br \/>\nparecer respecto al nombramiento de Herrera; adem\u00e1s de que causa extra\u00f1eza que<br \/>\nla decisi\u00f3n se tomara en agosto, pero haya sido dada a conocer esta semana.<br \/>\n\u2013plante\u00f3 el escritor- Habr\u00e1 que estar al pendiente en caso de que surja alguna<br \/>\nexplicaci\u00f3n, pero, por mientras, solo nos queda esperar que la pr\u00f3xima<br \/>\ngobernadora de Banxico tenga como prioridad procurar la autonom\u00eda de \u00e9sta<br \/>\ninstituci\u00f3n pues solo as\u00ed poder garantizar estabilidad en la pol\u00edtica monetaria<br \/>\ndel pa\u00eds y disminuir la incertidumbre que aqueja a este sector.<\/p>\n<p><b>.  .  .<\/b><\/p>\n<p><b><i>112<br \/>\nAsamblea General Ordinaria del IMSS<\/i><\/b><b><i><\/i><\/b><\/p>\n<p>Platicamos tambi\u00e9n sobre la 112 Asamblea General<br \/>\nOrdinaria del Instituto Mexicano del Seguro Social (IMSS), la cual fue llevada<br \/>\na cabo por primera vez en Palacio Nacional el pasado martes 23 de noviembre.<br \/>\nDurante el evento, el titular del IMSS, <b>Zo\u00e9<br \/>\nRobledo Aburto<\/b>, comparti\u00f3 los retos y logros que ha tenido el instituto en<br \/>\nlos \u00faltimos a\u00f1os, adem\u00e1s de que se reconoci\u00f3 la labor del personal m\u00e9dico con<br \/>\nla entrega de premios a trabajadores distinguidos.<\/p>\n<p>-En su intervenci\u00f3n, Zo\u00e9 Robledo se\u00f1al\u00f3 que las<br \/>\nadministraciones anteriores del IMSS ten\u00edan una perspectiva neoliberal y<br \/>\napostaban por un enfoque de curaci\u00f3n, no prevenci\u00f3n, lo cual termin\u00f3 por mermar<br \/>\nlos recursos del instituto. No obstante, durante su gesti\u00f3n supo invertir el<br \/>\ndinero correctamente a pesar de la crisis econ\u00f3mica y de salud, y as\u00ed logr\u00f3<br \/>\nrecaudar suficientes fondos para garantizar la viabilidad financiera del<br \/>\ninstituto por 12 a\u00f1os. \u2013expuso el consultor- Seg\u00fan Robledo Aburto, esta<br \/>\nfortaleza presupuestal le permitir\u00e1 al IMSS ser el eje de la propuesta de L\u00f3pez<br \/>\nObrador sobre el acceso universal a servicios de salud p\u00fablica.<\/p>\n<p>-Por su parte, el presidente <b>L\u00f3pez Obrador<\/b> dijo durante su discurso que el IMSS estaba en buenas<br \/>\nmanos con Zo\u00e9 Robledo y tambi\u00e9n record\u00f3 su propuesta para ampliar la cobertura<br \/>\nde los servicios de salud. \u2013intervino la abogada<\/p>\n<p>-Este fue un evento de gran relevancia ya que reuni\u00f3 a<br \/>\nalgunos de los personajes m\u00e1s relevantes de la clase pol\u00edtica nacional. \u2013afirm\u00f3<br \/>\nla periodista- Para empezar, acudieron m\u00e1s de 20 gobernadores entre los que<br \/>\ndestacan los gobernadores de Oaxaca, Morelos, Campeche, Guerrero, Quer\u00e9taro y<br \/>\nYucat\u00e1n. Asimismo, asistieron alrededor de una decena de secretarios federales<br \/>\ncomo el secretario de Hacienda y Cr\u00e9dito P\u00fablico, de Trabajo y Previsi\u00f3n<br \/>\nSocial, de la Funci\u00f3n P\u00fablica, de Comunicaciones, de Seguridad y Protecci\u00f3n<br \/>\nCiudadana, de Medio Ambiente y de Energ\u00eda, por mencionar algunos.<\/p>\n<p>-Al evento tambi\u00e9n asisti\u00f3 la jefa de Gobierno de la<br \/>\nCiudad de M\u00e9xico, <b>Claudia Sheinbaum<\/b>,<br \/>\ny los presidentes de ambas c\u00e1maras legislativas, <b>Olga S\u00e1nchez Cordero <\/b>y <b>Sergio<br \/>\nGuti\u00e9rrez<\/b>. Igual se presentaron los titulares de la Confederaci\u00f3n de<br \/>\nTrabajadores de M\u00e9xico y de la Confederaci\u00f3n de C\u00e1maras Industriales. \u2013inform\u00f3<br \/>\nel escritor.<\/p>\n<p>-No cabe duda de que el IMSS es un instituto que<br \/>\nmerece ser enaltecido con este tipo de eventos por su importancia para el pa\u00eds.<br \/>\nEs cierto que a\u00fan tiene deficiencias y cosas por mejorar, pero esto no resta el<br \/>\npapel que ha tenido en el desarrollo nacional. El IMSS le ha permitido a M\u00e9xico<br \/>\nposicionarse como uno de los pa\u00edses emergentes m\u00e1s importantes del mundo y esto<br \/>\nno son palabras vac\u00edas, sino que se respaldan con la participaci\u00f3n de M\u00e9xico en<br \/>\nforos internacionales como el G20. \u2013concluy\u00f3 la periodista<\/p><\/p>\n","protected":false},"excerpt":{"rendered":"<p>Contacto con la Pol\u00edtica Nacional.<\/p>\n","protected":false},"author":1114,"featured_media":35176,"comment_status":"open","ping_status":"open","sticky":false,"template":"","format":"standard","meta":{"tdm_status":"","tdm_grid_status":"","footnotes":""},"categories":[25],"tags":[],"_links":{"self":[{"href":"https:\/\/dralvarez.com.mx\/larevista\/wp-json\/wp\/v2\/posts\/20202"}],"collection":[{"href":"https:\/\/dralvarez.com.mx\/larevista\/wp-json\/wp\/v2\/posts"}],"about":[{"href":"https:\/\/dralvarez.com.mx\/larevista\/wp-json\/wp\/v2\/types\/post"}],"author":[{"embeddable":true,"href":"https:\/\/dralvarez.com.mx\/larevista\/wp-json\/wp\/v2\/users\/1114"}],"replies":[{"embeddable":true,"href":"https:\/\/dralvarez.com.mx\/larevista\/wp-json\/wp\/v2\/comments?post=20202"}],"version-history":[{"count":1,"href":"https:\/\/dralvarez.com.mx\/larevista\/wp-json\/wp\/v2\/posts\/20202\/revisions"}],"predecessor-version":[{"id":35175,"href":"https:\/\/dralvarez.com.mx\/larevista\/wp-json\/wp\/v2\/posts\/20202\/revisions\/35175"}],"wp:featuredmedia":[{"embeddable":true,"href":"https:\/\/dralvarez.com.mx\/larevista\/wp-json\/wp\/v2\/media\/35176"}],"wp:attachment":[{"href":"https:\/\/dralvarez.com.mx\/larevista\/wp-json\/wp\/v2\/media?parent=20202"}],"wp:term":[{"taxonomy":"category","embeddable":true,"href":"https:\/\/dralvarez.com.mx\/larevista\/wp-json\/wp\/v2\/categories?post=20202"},{"taxonomy":"post_tag","embeddable":true,"href":"https:\/\/dralvarez.com.mx\/larevista\/wp-json\/wp\/v2\/tags?post=20202"}],"curies":[{"name":"wp","href":"https:\/\/api.w.org\/{rel}","templated":true}]}}