{"id":20188,"date":"2021-11-27T00:00:00","date_gmt":"2021-11-27T06:00:00","guid":{"rendered":"https:\/\/dralvarez.com.mx\/larevista\/blog\/faros-y-la-luz"},"modified":"2024-02-23T11:20:28","modified_gmt":"2024-02-23T17:20:28","slug":"faros-y-la-luz","status":"publish","type":"post","link":"https:\/\/dralvarez.com.mx\/larevista\/opiniones\/faros-y-la-luz","title":{"rendered":"\u00a1Faros.. y la luz!"},"content":{"rendered":"<p><b>Por: Cristina Pad\u00edn.<\/b><\/p>\n<p>Tan felices eran siempre\u2026 hab\u00edan vivido su vida entera en una ciudad castellana y los tiempos de descanso los pasaban en Sanxenxo. Les fascinaba aquel lugar tan blanco, tan dorado, tan azul. <\/p>\n<p>Ella falleci\u00f3 y ya no estaba. Regres\u00f3 \u00e9l a la casa tras el entierro, pero ella no estaba all\u00ed. Hab\u00edan imaginado que compartir\u00edan juntos la vejez, los paseos al calor de la ma\u00f1ana, la copa de vino, las lecturas.<\/p>\n<p>Y ella no estaba..<\/p>\n<p>Se dej\u00f3 \u00e9l atrapar por la tristeza, y apenas le interesaba hablar. Antes iba a los toros y al teatro, escuchaba m\u00fasica. Se march\u00f3 a Sanxenxo. Desde la ventana del cuarto se ve\u00eda una playa m\u00e1gica y clara\u2026<\/p>\n<p>Una noche se despert\u00f3 con la luz del faro de C\u00edes\u2026<\/p>\n<p>Y ya no se volvi\u00f3 a dormir. Despert\u00f3 de verdad. Al d\u00eda siguiente era el de siempre. Generoso como lo hab\u00eda sido ella, como lo era \u00e9l. Pagaba caf\u00e9 en los bares a los que lo necesitaban, dejaba un libro en un banco..<\/p>\n<p>..una moneda sobre una silla\u2026<\/p>\n<p>..un juguete en un parque\u2026<\/p>\n<p>Encontr\u00f3 la luz de la felicidad: procurar la felicidad de los dem\u00e0s\u2026<\/p>\n<p>Ayer nos regalaron unas fotos preciosas de mi abuela y de sus manos de casi 101 a\u00f1os y me inspiraron el cuento<br \/>A mi abuela y a los ancianos<br \/>A mi Sanxenxo: para\u00edso<br \/>Yo viv\u00ed una temporada en una ciudad castellana, a todas ellas<br \/>A Carlos<br \/>A Luis<br \/>A las personas generosas<br \/>A los faros, me fascinan<br \/>Y a mi amiga Mar\u00eda, que tambi\u00e9n adora los faros<br \/>Y a mi amiga Doda, cerca de su cumplea\u00f1os<\/p>\n","protected":false},"excerpt":{"rendered":"<p>Por: Cristina Pad\u00edn.<\/p>\n","protected":false},"author":1025,"featured_media":35162,"comment_status":"open","ping_status":"open","sticky":false,"template":"","format":"standard","meta":{"tdm_status":"","tdm_grid_status":"","footnotes":""},"categories":[25],"tags":[],"_links":{"self":[{"href":"https:\/\/dralvarez.com.mx\/larevista\/wp-json\/wp\/v2\/posts\/20188"}],"collection":[{"href":"https:\/\/dralvarez.com.mx\/larevista\/wp-json\/wp\/v2\/posts"}],"about":[{"href":"https:\/\/dralvarez.com.mx\/larevista\/wp-json\/wp\/v2\/types\/post"}],"author":[{"embeddable":true,"href":"https:\/\/dralvarez.com.mx\/larevista\/wp-json\/wp\/v2\/users\/1025"}],"replies":[{"embeddable":true,"href":"https:\/\/dralvarez.com.mx\/larevista\/wp-json\/wp\/v2\/comments?post=20188"}],"version-history":[{"count":1,"href":"https:\/\/dralvarez.com.mx\/larevista\/wp-json\/wp\/v2\/posts\/20188\/revisions"}],"predecessor-version":[{"id":35161,"href":"https:\/\/dralvarez.com.mx\/larevista\/wp-json\/wp\/v2\/posts\/20188\/revisions\/35161"}],"wp:featuredmedia":[{"embeddable":true,"href":"https:\/\/dralvarez.com.mx\/larevista\/wp-json\/wp\/v2\/media\/35162"}],"wp:attachment":[{"href":"https:\/\/dralvarez.com.mx\/larevista\/wp-json\/wp\/v2\/media?parent=20188"}],"wp:term":[{"taxonomy":"category","embeddable":true,"href":"https:\/\/dralvarez.com.mx\/larevista\/wp-json\/wp\/v2\/categories?post=20188"},{"taxonomy":"post_tag","embeddable":true,"href":"https:\/\/dralvarez.com.mx\/larevista\/wp-json\/wp\/v2\/tags?post=20188"}],"curies":[{"name":"wp","href":"https:\/\/api.w.org\/{rel}","templated":true}]}}