{"id":20152,"date":"2021-11-24T00:00:00","date_gmt":"2021-11-24T06:00:00","guid":{"rendered":"https:\/\/dralvarez.com.mx\/larevista\/blog\/yucatan-sede-de-un-gran-evento"},"modified":"2024-02-23T11:19:13","modified_gmt":"2024-02-23T17:19:13","slug":"yucatan-sede-de-un-gran-evento","status":"publish","type":"post","link":"https:\/\/dralvarez.com.mx\/larevista\/opiniones\/yucatan-sede-de-un-gran-evento","title":{"rendered":"Yucat\u00e1n, sede de un gran evento"},"content":{"rendered":"<p><b>Editorial La Revista Peninsular.<\/b><\/p>\n<\/p>\n<div>Los reflectores del pa\u00eds se encuentran sobre la ciudad de M\u00e9rida pues \u00e9sta es sede de la edici\u00f3n n\u00famero 45 del Tianguis Tur\u00edstico de M\u00e9xico 2021, el evento m\u00e1s grande del sector turismo en M\u00e9xico y Am\u00e9rica Latina. Organizado por la Secretar\u00eda de Turismo del gobierno federal en colaboraci\u00f3n con empresas patrocinadoras, el Tianguis Tur\u00edstico es un espacio en el cual expositores y compradores agendan citas para concretar negocios. Esto le permite a nuestro pa\u00eds promover su gran variedad de productos tur\u00edsticos y consolidarse como un destino atractivo a nivel nacional e internacional.<\/div>\n<div><\/div>\n<div>En a\u00f1os anteriores, Acapulco era la \u00fanica sede del Tianguis Tur\u00edstico, pero esto cambi\u00f3 parcialmente pues ahora se organizar\u00e1 en el puerto guerrerense cada dos a\u00f1os para permitir que tambi\u00e9n sea llevado a cabo en distintas ciudades del pa\u00eds. En otras palabras, un a\u00f1o se organizar\u00e1 en Acapulco, el siguiente en una ciudad diferente y luego regresar\u00e1 al puerto guerrerense para continuar el ciclo.<\/div>\n<div><\/div>\n<div>Una vez establecido el nuevo esquema, se contempl\u00f3 que Yucat\u00e1n fuera sede del Tianguis Tur\u00edstico a principios del 2020; sin embargo, se tuvo que modificar la fecha en distintas ocasiones por la pandemia del COVID-19. Al final, se dispuso que el evento se llevar\u00eda a cabo del 16 de noviembre al 19 de noviembre del 2021.<\/div>\n<div><\/div>\n<div>El presidente Andr\u00e9s Manuel L\u00f3pez Obrador inaugur\u00f3 la edici\u00f3n 45 del Tianguis Tur\u00edstico en el Centro Internacional de Congresos de Yucat\u00e1n en una ceremonia a la cual acudieron figuras pol\u00edticas de alto nivel entre los que destacaron el gobernador yucateco Mauricio Vila Dosal; el secretario federal de Turismo, Miguel Torruco; el secretario de la Defensa Nacional, Luis Sandoval Gonz\u00e1lez; el secretario de la Marina, Jos\u00e9 Ojeda Dur\u00e1n y el titular del Fondo Nacional de Fomento al Turismo, Rogelio Jim\u00e9nez Pons G\u00f3mez.<\/div>\n<div><\/div>\n<div>La presente edici\u00f3n del Tianguis Tur\u00edstico ha destacado por su espectacularidad y, debido a su magnitud, es considerado uno de los eventos m\u00e1s grandes que ha organizado la actual administraci\u00f3n federal. De acuerdo con informaci\u00f3n de la Secretar\u00eda de Turismo, se reuni\u00f3 a cientos de expositores y a m\u00e1s de 1,500 compradores nacionales e internacionales los cuales concretaron una cifra superior a las 50,000 citas de trabajo.<\/div>\n<div><\/div>\n<div>Si bien, el n\u00famero de citas de trabajo representa un dato extraordinario por ser mayor a lo visto en ediciones anteriores del Tianguis Tur\u00edstico, la importancia del evento radica en lo que \u00e9ste significa para el sector turismo. Despu\u00e9s de meses en los cuales este sector se vio gravemente afectado por la pandemia del COVID-19, el Tianguis Tur\u00edstico abre una nueva etapa de reconstrucci\u00f3n y resurgimiento. Como han mencionado algunos organizadores, este evento representa el renacer del turismo en M\u00e9xico.<\/div>\n<div><\/div>\n<div>En lo que respecta a Yucat\u00e1n, el estado obtiene beneficios significativos por ser sede del Tianguis Tur\u00edstico ya que percibe la derrama econ\u00f3mica generada por los miles de asistentes, as\u00ed como tambi\u00e9n le permite posicionarse con mayor facilidad como un destino tur\u00edstico clave en M\u00e9xico.<\/div>\n<div><\/div>\n<div>Sin duda, este evento enaltece el gran trabajo que el gobierno estatal ha llevado a cabo en lo relativo a promoci\u00f3n tur\u00edstica, el cual se puede corroborar con la gran cantidad de turistas presentes en la ciudad durante las \u00faltimas semanas.<\/div>\n<div><\/div>\n<div>La edici\u00f3n 45 del Tianguis Tur\u00edstico fue un \u00e9xito debido al n\u00famero de asistentes que reuni\u00f3 y a las juntas de trabajo que se concretaron durante los 4 d\u00edas del evento.<\/div>\n<div><\/div>\n<div>Adem\u00e1s, tiene un significado especial pues marca una etapa de recuperaci\u00f3n y nueva normalidad con respecto a la pandemia del COVID-19, lo cual no solo representa buenas noticias para el sector tur\u00edstico, sino tambi\u00e9n para la poblaci\u00f3n en general.<\/div><\/p>\n","protected":false},"excerpt":{"rendered":"<p>Editorial La Revista Peninsular.<\/p>\n","protected":false},"author":1111,"featured_media":35128,"comment_status":"open","ping_status":"open","sticky":false,"template":"","format":"standard","meta":{"tdm_status":"","tdm_grid_status":"","footnotes":""},"categories":[25],"tags":[],"_links":{"self":[{"href":"https:\/\/dralvarez.com.mx\/larevista\/wp-json\/wp\/v2\/posts\/20152"}],"collection":[{"href":"https:\/\/dralvarez.com.mx\/larevista\/wp-json\/wp\/v2\/posts"}],"about":[{"href":"https:\/\/dralvarez.com.mx\/larevista\/wp-json\/wp\/v2\/types\/post"}],"author":[{"embeddable":true,"href":"https:\/\/dralvarez.com.mx\/larevista\/wp-json\/wp\/v2\/users\/1111"}],"replies":[{"embeddable":true,"href":"https:\/\/dralvarez.com.mx\/larevista\/wp-json\/wp\/v2\/comments?post=20152"}],"version-history":[{"count":1,"href":"https:\/\/dralvarez.com.mx\/larevista\/wp-json\/wp\/v2\/posts\/20152\/revisions"}],"predecessor-version":[{"id":35127,"href":"https:\/\/dralvarez.com.mx\/larevista\/wp-json\/wp\/v2\/posts\/20152\/revisions\/35127"}],"wp:featuredmedia":[{"embeddable":true,"href":"https:\/\/dralvarez.com.mx\/larevista\/wp-json\/wp\/v2\/media\/35128"}],"wp:attachment":[{"href":"https:\/\/dralvarez.com.mx\/larevista\/wp-json\/wp\/v2\/media?parent=20152"}],"wp:term":[{"taxonomy":"category","embeddable":true,"href":"https:\/\/dralvarez.com.mx\/larevista\/wp-json\/wp\/v2\/categories?post=20152"},{"taxonomy":"post_tag","embeddable":true,"href":"https:\/\/dralvarez.com.mx\/larevista\/wp-json\/wp\/v2\/tags?post=20152"}],"curies":[{"name":"wp","href":"https:\/\/api.w.org\/{rel}","templated":true}]}}