{"id":20148,"date":"2021-11-23T00:00:00","date_gmt":"2021-11-23T06:00:00","guid":{"rendered":"https:\/\/dralvarez.com.mx\/larevista\/blog\/viva-la-musica"},"modified":"2024-02-23T11:19:00","modified_gmt":"2024-02-23T17:19:00","slug":"viva-la-musica","status":"publish","type":"post","link":"https:\/\/dralvarez.com.mx\/larevista\/opiniones\/viva-la-musica","title":{"rendered":"Viva la m\u00fasica\u2026"},"content":{"rendered":"<\/p>\n<p><b>Por: Cristina Pad\u00edn.<\/b><\/p>\n<p>Por La m\u00fasica no se toca y por esos besos por los que pide permiso Alejandro Sanz, por Gloria a ti y por Entre dos aguas (que se cuela entre los sentidos y los enamora), por un piano rompiendo el silencio de un sal\u00f3n en el que no duermen ni arpas ni oboes, por una mui\u00f1eira a la sombra de una carballeira un domingo de julio, por Mujeres tan divinas, por el jazz, por Barry White, por el amor carnal que canta Julio Iglesias, por cada pieza de Bach, por la delicadeza de Debussy, por el cantar a la vida de ColdPlay, por las canciones francesas que enamoran tanto como sus promesas de amor, por la primera palabra de un beb\u00e8, por la guitarra espa\u00f1ola, por Nerva, por Viva el pasodoble, por las rupturas de emociones que nos inyecta Roc\u00edo D\u00farcal, por una saeta, por Siempre as\u00ed, por Phill Collins, por un concierto de heavy metal, por el blues, por el ole en la Maestranza de Sevilla, por una jota, por una ranchera con sabor a M\u00e9xico, por la voz desgarrada de Nani Cort\u00e9s, por Cai se bebe el sol, por los villancicos (el bello ruido de la Navidad), por Camar\u00f3n, por bailar al ritmo de Rick Astley, por la alegr\u00eda de Camilo, por Abba, por un son celta, por una pandereta, por una sevillana, por el pito que tiene que tocar el se\u00f1or conductor (parte final en la obra teatral Mocos que me hechiz\u00f3 el s\u00e1bado, viva la sensibilidad)<\/p>\n<p>Cada uno escribi\u00f3 algo en un papel, blanco o de color crema, y despu\u00e9s todos ellos se depositaron en una caja que se llam\u00f3 caja de santa Cecilia. Era un homenaje a la fecha, al 22 de noviembre, a la m\u00fasica: alma y todo en la vida. Viva la m\u00fasica<\/p>\n<p>Como bisnieta de compositor no concibo la vida sin m\u00fasica<br \/>A la Escuela de M\u00fasica Emilio Magari\u00f1os, de Bri\u00f3n (lleva el nombre de mi bisabuelo)<br \/>A la m\u00fasica<br \/>A Cecilia madre y Cecilia hija, mis vecinas en la playa: cultas, sensibles, magn\u00edficas<br \/>A mi amiga Ana<br \/>A mi amigo Manuel<br \/>A mi querido Luis<br \/>A las personas con sensibilidad<br \/>A mi amiga Pau<br \/>A la obra teatral Mocos<\/p><\/p>\n","protected":false},"excerpt":{"rendered":"<p>Por: Cristina Pad\u00edn.<\/p>\n","protected":false},"author":1025,"featured_media":35125,"comment_status":"open","ping_status":"open","sticky":false,"template":"","format":"standard","meta":{"tdm_status":"","tdm_grid_status":"","footnotes":""},"categories":[25],"tags":[],"_links":{"self":[{"href":"https:\/\/dralvarez.com.mx\/larevista\/wp-json\/wp\/v2\/posts\/20148"}],"collection":[{"href":"https:\/\/dralvarez.com.mx\/larevista\/wp-json\/wp\/v2\/posts"}],"about":[{"href":"https:\/\/dralvarez.com.mx\/larevista\/wp-json\/wp\/v2\/types\/post"}],"author":[{"embeddable":true,"href":"https:\/\/dralvarez.com.mx\/larevista\/wp-json\/wp\/v2\/users\/1025"}],"replies":[{"embeddable":true,"href":"https:\/\/dralvarez.com.mx\/larevista\/wp-json\/wp\/v2\/comments?post=20148"}],"version-history":[{"count":1,"href":"https:\/\/dralvarez.com.mx\/larevista\/wp-json\/wp\/v2\/posts\/20148\/revisions"}],"predecessor-version":[{"id":35124,"href":"https:\/\/dralvarez.com.mx\/larevista\/wp-json\/wp\/v2\/posts\/20148\/revisions\/35124"}],"wp:featuredmedia":[{"embeddable":true,"href":"https:\/\/dralvarez.com.mx\/larevista\/wp-json\/wp\/v2\/media\/35125"}],"wp:attachment":[{"href":"https:\/\/dralvarez.com.mx\/larevista\/wp-json\/wp\/v2\/media?parent=20148"}],"wp:term":[{"taxonomy":"category","embeddable":true,"href":"https:\/\/dralvarez.com.mx\/larevista\/wp-json\/wp\/v2\/categories?post=20148"},{"taxonomy":"post_tag","embeddable":true,"href":"https:\/\/dralvarez.com.mx\/larevista\/wp-json\/wp\/v2\/tags?post=20148"}],"curies":[{"name":"wp","href":"https:\/\/api.w.org\/{rel}","templated":true}]}}