{"id":20140,"date":"2021-11-23T00:00:00","date_gmt":"2021-11-23T06:00:00","guid":{"rendered":"https:\/\/dralvarez.com.mx\/larevista\/blog\/presupuesto-de-egresos-para-cdmx-botin-electorero-de-claudia"},"modified":"2024-02-23T11:18:48","modified_gmt":"2024-02-23T17:18:48","slug":"presupuesto-de-egresos-para-cdmx-botin-electorero-de-claudia","status":"publish","type":"post","link":"https:\/\/dralvarez.com.mx\/larevista\/opiniones\/presupuesto-de-egresos-para-cdmx-botin-electorero-de-claudia","title":{"rendered":"Presupuesto de Egresos para CDMX, bot\u00edn electorero de Claudia"},"content":{"rendered":"<p><b>Por: Luis Repper Jaramillo.*<\/b><\/p>\n<p><b>lrepperjaramillo@yahoo.com<\/b><\/p>\n<p><b><i><\/i><\/b><\/p>\n<blockquote><p><b><i>Confunde asignaci\u00f3n para la Capital, con \u201cmarranito\u201d para su campa\u00f1a.<\/i><\/b><\/p><\/blockquote>\n<\/p>\n<p>No lo dijo con las palabras<br \/>\nque su mes\u00edas, pero es lo mismo: <b>le cay\u00f3<br \/>\ncomo anillo al dedo<\/b>, a la Regenta de la CDMX, la aprobaci\u00f3n, por la C\u00e1mara<br \/>\nde Diputados, del Presupuesto de Egresos de la Federaci\u00f3n (PEF) 2022, que<br \/>\ndestinar\u00e1 a Claudia Sheinbaum (ahora que anda de pre, pre, pre campa\u00f1a 2024),<br \/>\nperd\u00f3n, al Gobierno de la Ciudad, la friolera de <b>37 mil millones de pesos<\/b> (para un s\u00f3lo a\u00f1o) en apoyo directo a sus<br \/>\nacciones de compra de votos, de conciencias, de sumisi\u00f3n\u2026 perd\u00f3n, de Programas<br \/>\nSociales para la poblaci\u00f3n capitalina: becas para ninis, sembrando vida, j\u00f3venes<br \/>\nconstruyendo el futuro, pensi\u00f3n para Adultos Mayores (3100 pesos bimensuales),<br \/>\netc. que dilapidar\u00e1, prostituir\u00e1, gastar\u00e1, manipular\u00e1 en favor de su imagen,<br \/>\nproyecci\u00f3n y futurismo pol\u00edtico, en detrimento de la calidad de vida de m\u00e1s de<br \/>\n15 millones de habitantes.<\/p>\n<p>Al conocer la<br \/>\nmultimillonaria asignaci\u00f3n que le otorg\u00f3 Andr\u00e9s Manuel L\u00f3pez Obrador, pues sus<br \/>\nlarvas (Morena, PT, Verde Ecologista) en la C\u00e1mara Baja no dejaron se<br \/>\nmodificara ni una coma del proyecto de presupuesto que env\u00edo desde Palacio<br \/>\nNacional el Coordinador Nacional de M\u00e9xico (pues no gobierna, menos sabe c\u00f3mo<br \/>\nhacerlo), la Sheinbaum escupi\u00f3 en el Monologo de su Soberbia, <b>\u201c<\/b>nunca antes la Ciudad de M\u00e9xico,<br \/>\nadem\u00e1s de las participaciones federales, hab\u00eda recibido tanto apoyo del<br \/>\nGobierno de M\u00e9xico, son recursos que llegar\u00e1n directamente a la poblaci\u00f3n<b>\u201d jajajajajaja<\/b>, \u00a1\u00a1\u00a1Mendaz!!!<\/p>\n<p>Luego festin\u00f3, \u201cfelicito<br \/>\na los Diputados Federales de la Transformaci\u00f3n de 4\u00aa\u201d, \u00bfy c\u00f3mo no? si le pusieron<br \/>\nen bandeja de plata multimillonario presupuesto para sus fines pol\u00edtico\/electoreros,<br \/>\npues est\u00e1 obstinada en lograr la nominaci\u00f3n de Morena a la elecci\u00f3n<br \/>\npresidencial del 24, <b>\u00a1\u00a1dinero f\u00e1cil,<br \/>\nClaudia \u2013mercenaria- para tus perversas intenciones!! <\/b><\/p>\n<p>Y miren que no es casual,<br \/>\nsino<b> causal<\/b>, pues de origen (Palacio<br \/>\nNacional) se maquin\u00f3, a trav\u00e9s de tranzas, corrupci\u00f3n, simulaci\u00f3n, utilizar el<br \/>\npoder del Estado para \u201crepartir\u201d dinero, \u201capoyos\u201d a los pobres (votos) de una<br \/>\ncosa que se llama Secretar\u00eda del Bienestar, que filtrar\u00e1 m\u00e1s de <b>300 mil millones de pesos<\/b> para<br \/>\ncontrolar, manipular a personas con discapacidad, a \u201cagricultores\u201d o lo que<br \/>\nparezca a trav\u00e9s de sembrando vida, sin contar con metas u objetivos para<br \/>\ncombatir la pobreza; s\u00f3lo d\u00e1divas, \u201ccompra votos\u201d, \u201ccompra conciencias\u201d,<br \/>\nenga\u00f1ando con su bandera \u201cprimero los pobres!<\/p>\n<p>Cuando la \u201cmercenaria\u201d<br \/>\nSheinbaum dice \u201c<b>\u201c<\/b>nunca antes la<br \/>\nCiudad de M\u00e9xico, adem\u00e1s de las participaciones federales, hab\u00eda recibido tanto<br \/>\napoyo del Gobierno de M\u00e9xico, son recursos que llegar\u00e1n directamente a la<br \/>\npoblaci\u00f3n<b>\u201d<\/b>. Desde luego, pues L\u00f3pez<br \/>\nObrador quiere acaparar la entidad que m\u00e1s votos aporta del Padr\u00f3n Electoral<br \/>\npara la elecci\u00f3n presidencial y en 2022 para la Revocaci\u00f3n de Mandato, pues<br \/>\nsabe que por sus tonter\u00edas tiene perdido Palacio Nacional y el pr\u00f3ximo a\u00f1o mandarlo<br \/>\na La Chingada, su rancho en Chiapas, por su incapacidad mental, vejez,<br \/>\nineptitud para \u201cgobernar\u201d. Agotar\u00e1 todos los presupuestos p\u00fablicos para<br \/>\ndefender lo indefendible: su gobierno fallido.<\/p>\n<p>El mal es de origen. Viene<br \/>\nimpactando a la CDMX, pues en los Presupuestos Federales de Egresos de 2018 a<br \/>\nla fecha la capital ha recibido exponencialmente ingresos (sin dar resultados:<br \/>\ninseguridad, desempleo, insalubridad, infraestructura ciudadana deteriorada:<br \/>\nbaches, Metro colapsado (L12 y otras), presencia incontrolable de la<br \/>\ndelincuencia organizada, 40 C\u00e1rteles, de los cuales 18 cogobiernan con Claudia<br \/>\ny su Transformacioncita de 4\u00aa, comercio informal fuera de control, que seg\u00fan el<br \/>\n\u00cdndice de Desempleo o empleo ilegal, en la ciudad pululan m\u00e1s de 8 millones 200<br \/>\nmil personas que explotan la v\u00eda p\u00fablica, sin pagar impuestos, s\u00f3lo \u201cmoches\u201d a<br \/>\nsus l\u00edderes, a los intermediarios del gobierno de Sheinbaum Pardo que concluye<br \/>\ncon la \u201ccuota\u201d a la Jefa (de gobierno), pues un an\u00e1lisis de rigor del Grupo<br \/>\nM\u00e9xico Eval\u00faa, denuncia que el 85% del gasto federal se destina a programas<br \/>\nsociales de la Transformaci\u00f3n de 4a que <b>no<br \/>\ncumplen con identificar el destino geogr\u00e1fico del dinero<\/b>, como lo<br \/>\nexige  la Ley Federal de Presupuesto de<br \/>\nResponsabilidad de la SHCP.<\/p>\n<p>De esa partida,<br \/>\nautorizada por la C\u00e1mara de Diputados y publicada en el Diario Oficial de la<br \/>\nFederaci\u00f3n (DOF) para Programas Sociales del Gobierno de M\u00e9xico (T4a) <b>495 mil 900 millones de pesos <\/b>est\u00e1n<br \/>\n\u201cetiquetados\u201d para el usufructo y gasto de Claudia Sheinbaum. Se supone en<br \/>\nbeneficio de los 15 millones de habitantes de la Metr\u00f3poli, aunque la Regenta<br \/>\ntiene otros planes de aqu\u00ed a junio de 2024. <\/p>\n<p>Si no es as\u00ed, as\u00ed parece,<br \/>\npues a 3 a\u00f1os de distancia del relevo presidencial, la mercenaria, ya utiliza<br \/>\nlos recursos econ\u00f3micos, infraestructura urbana, tecnol\u00f3gica (redes sociales,<br \/>\nplataformas digitales, personal, parque vehicular, \u201cservidores de la naci\u00f3n\u201d,<br \/>\nchairos, amlovers, pejezombies, aduladores, que cobran salario del erario<br \/>\np\u00fablico sin ser bur\u00f3cratas, tener contrato laboral, freelance, honorarios,<br \/>\netc.) para proyectar su imagen e intenci\u00f3n en actos p\u00fablicos electoreros. Como<br \/>\naquella ocasi\u00f3n que en \u201cchacaleo\u201d al t\u00e9rmino de un evento \u201coficial\u201d declar\u00f3 que<br \/>\n\u201cM\u00e9xico est\u00e1 preparado para tener una presidenta. Estoy preparada, estoy<br \/>\npreparada\u201d<\/p>\n<p>En este escenario,<br \/>\nutilizando dinero de la Ciudad de M\u00e9xico, realiz\u00f3 3 visitas a entidades del<br \/>\npa\u00eds: Guanajuato, Baja California y Colima, place\u00e1ndose y hablando de sucesi\u00f3n<br \/>\npresidencial. Desde luego fuera de su jurisdicci\u00f3n burocr\u00e1tica, mientras la<br \/>\nciudad que (des) gobierna colapsa por descuido, desinter\u00e9s, omisi\u00f3n,<br \/>\nincapacidad, cogobierno de las mafias y por su proyecci\u00f3n de futurismo<br \/>\nelectorero.<\/p>\n<p>Pero ella est\u00e1 en lo suyo<br \/>\ny m\u00e1s ufana, pues han sido m\u00e1s de tres ocasiones que el inquilino de Palacio<br \/>\nNacional la ha sobrevalorado en eventos p\u00fablicos de presidencia de la<br \/>\nrep\u00fablica. En uno de ellos, en Tl\u00e1huac, CDMX. El sonso de L\u00f3pez Obrador le<br \/>\nlevant\u00f3 el brazo, enviando mensaje subliminal: \u201cesta es mi candidata<br \/>\npresidencial\u201d. En otra ocasi\u00f3n el tabasque\u00f1o desbord\u00f3 elogios en favor de la<br \/>\nmercenaria al expresar en Monologo de su Soberbia <b>\u201c<\/b>tenemos muy buna relaci\u00f3n con la Jefa de Gobierno, quiz\u00e1 por ello<br \/>\nno tengo que hacer muchas giras en la Ciudad de M\u00e9xico porque la jefa de<br \/>\ngobierno <b>me aligera la carga, ella me<br \/>\nrepresenta<\/b> <b>muy bien, me siento<br \/>\nrepresentado, es una mujer trabajadora, honesta <\/b>(jajajaja) <b>con convicciones\u201d <\/b><\/p>\n<p>Luego de esos vituperios,<br \/>\nClaudia se subi\u00f3 a un ladrillo, elev\u00f3 su soberbia, est\u00e1 mareada pues se siente,<br \/>\nno candidata, sino presidenta de M\u00e9xico (estoy preparada, alharaque\u00f3).<\/p>\n<p>Como todo morenista obradorcito,<br \/>\nlarva, la Sheinbaum enloqueci\u00f3 y desarrolla sus actividades de (des) gobierno<br \/>\ncon tintes y simulaciones electoreras. Ya no se identifica con la ciudad, sino<br \/>\nsu proyecto y visi\u00f3n que terminar\u00e1 en 2024. Lo mezcla con sus acciones en busca<br \/>\nde simpat\u00edas, reconocimiento p\u00fablico, apapacho, sumar locuaces y hasta se da<br \/>\n\u201cba\u00f1os de pueblo\u201d como aquel en que frente al edifico de la Suprema Corte de<br \/>\nJusticia de la Naci\u00f3n (Pino Su\u00e1rez y Plaza de la Constituci\u00f3n) baj\u00f3 de su torre<br \/>\nde marfil para interceptar a un vendedor, en bicicleta, de tacos de canasta,<br \/>\npara tragarse algunos.<\/p>\n<p>Un montaje orquestado por<br \/>\nsu \u00e1rea de Comunicaci\u00f3n Social, que cit\u00f3 en el punto a \u201cla Fuente\u201d, fot\u00f3grafos,<br \/>\ncamar\u00f3grafos, youtubers, internautas para fotografiarla y subir a las<br \/>\nplataformas virtuales tan popular y simp\u00e1tica convivencia con el pueblo.<\/p>\n<p>Soberbia, fanfarrona,<br \/>\nsimplista, falsa, insignificante, cree que con acciones como esta los mexicanos<br \/>\nolvidaremos sus estupideces que hasta el momento tiene en su cuenta personal <b>55 asesinatos culposos <\/b>(Colegio<br \/>\nR\u00e9bsamen, L\u00ednea 12 del Metro). El descontrol (indisciplina) que tiene sobre su<br \/>\nequipo de trabajo, como el m\u00e1s reciente, en el que su Secretaria de Turismo,<br \/>\nPaola F\u00e9lix, en horario laboral, viaj\u00f3 a la Ciudad de Guatemala, en avi\u00f3n<br \/>\nprivado, alquilado por un proveedor medi\u00e1tico del GCDMX (El Universal) para<br \/>\nasistir a la boda de Santiago Nieto (ex titular de la UIF), con el detalle que<br \/>\nla F\u00e9lix llevaba consigo un malet\u00edn con 35 mil d\u00f3lares, que le fueron<br \/>\nconfiscados y los ocupantes del avi\u00f3n detenidos durante 5 horas en el<br \/>\naeropuerto del pa\u00eds vecino.<\/p>\n<p>Esta insubordinaci\u00f3n<br \/>\n(simulaci\u00f3n, mentira) cost\u00f3 la renuncia de la funcionaria local, aceptada fax<br \/>\ntrac, para evitar la investigaci\u00f3n judicial que embarrara a Sheinbaum Pardo,<br \/>\nporque en este caso \u201cla mano derecha s\u00ed sabe lo que hace la izquierda) pues<br \/>\nPaula F\u00e9lix viaj\u00f3 con la representaci\u00f3n de Claudia, aunque lo niegue.<\/p>\n<p>Al<br \/>\ninicio de su (des) gobierno, Claudia paraliz\u00f3 la econom\u00eda de la ciudad al<br \/>\ndetener m\u00e1s de 100 mega obras p\u00fablicas porque<b> sospech\u00f3<\/b> que detr\u00e1s de ellas hab\u00eda \u201ccorrupci\u00f3n\u201d. Se perdieron 10<br \/>\nmillones de d\u00f3lares de inversi\u00f3n. Al final, no present\u00f3 prueba alguna de<br \/>\nanomal\u00edas. El da\u00f1o estaba hecho. (igual que L\u00f3pez Obrador, NAIM)<\/p>\n<p>Desech\u00f3 programas exitosos de su antecesor Miguel \u00c1ngel<br \/>\nMancera,<b> por revancha<\/b>, al tratarse de emblemas del perredista: \u201cM\u00e9dico en tu<br \/>\ncasa\u201d, que llevaba personal de salud a zonas pobres sin acceso a servicios<br \/>\nm\u00e9dicos. Recibi\u00f3 el inter\u00e9s de otras ciudades en Argentina, Panam\u00e1, Espa\u00f1a;<br \/>\nFrancia y Ucrania. Lo desapareci\u00f3.<\/p>\n<p>Una esquizofr\u00e9nica, como AMLO, pretenden gobernar M\u00e9xico,<br \/>\n\u00a1\u00a1un atentado contra nuestra inteligencia!!<\/p>\n<p><small>*Miembro de los Grupos Editoriales Digitales <\/small><b><small>lagacetametropolitana.com<\/small><\/b><small>, <\/small><b><small>algrano.mx<\/small><\/b><small>, <\/small><b><small>entresemana.mx<\/small><\/b><small>, <\/small><b><small>metropolihoy.com<\/small><\/b><small>,<br \/>\n<\/small><b><small>inf\u00f3rmate.com.mx<\/small><\/b><small>,<\/small><b><small> pasaporteinformativo.mx<\/small><\/b><\/p><\/p>\n","protected":false},"excerpt":{"rendered":"<p>Confunde asignaci\u00f3n para la Capital, con \u201cmarranito\u201d para su campa\u00f1a&#8230;<\/p>\n","protected":false},"author":1156,"featured_media":0,"comment_status":"open","ping_status":"open","sticky":false,"template":"","format":"standard","meta":{"tdm_status":"","tdm_grid_status":"","footnotes":""},"categories":[25],"tags":[],"_links":{"self":[{"href":"https:\/\/dralvarez.com.mx\/larevista\/wp-json\/wp\/v2\/posts\/20140"}],"collection":[{"href":"https:\/\/dralvarez.com.mx\/larevista\/wp-json\/wp\/v2\/posts"}],"about":[{"href":"https:\/\/dralvarez.com.mx\/larevista\/wp-json\/wp\/v2\/types\/post"}],"author":[{"embeddable":true,"href":"https:\/\/dralvarez.com.mx\/larevista\/wp-json\/wp\/v2\/users\/1156"}],"replies":[{"embeddable":true,"href":"https:\/\/dralvarez.com.mx\/larevista\/wp-json\/wp\/v2\/comments?post=20140"}],"version-history":[{"count":1,"href":"https:\/\/dralvarez.com.mx\/larevista\/wp-json\/wp\/v2\/posts\/20140\/revisions"}],"predecessor-version":[{"id":35119,"href":"https:\/\/dralvarez.com.mx\/larevista\/wp-json\/wp\/v2\/posts\/20140\/revisions\/35119"}],"wp:attachment":[{"href":"https:\/\/dralvarez.com.mx\/larevista\/wp-json\/wp\/v2\/media?parent=20140"}],"wp:term":[{"taxonomy":"category","embeddable":true,"href":"https:\/\/dralvarez.com.mx\/larevista\/wp-json\/wp\/v2\/categories?post=20140"},{"taxonomy":"post_tag","embeddable":true,"href":"https:\/\/dralvarez.com.mx\/larevista\/wp-json\/wp\/v2\/tags?post=20140"}],"curies":[{"name":"wp","href":"https:\/\/api.w.org\/{rel}","templated":true}]}}