{"id":20136,"date":"2021-11-19T00:00:00","date_gmt":"2021-11-19T06:00:00","guid":{"rendered":"https:\/\/dralvarez.com.mx\/larevista\/blog\/ha-costado-mucho-no-lo-echemos-a-perder"},"modified":"2024-02-23T11:18:42","modified_gmt":"2024-02-23T17:18:42","slug":"ha-costado-mucho-no-lo-echemos-a-perder","status":"publish","type":"post","link":"https:\/\/dralvarez.com.mx\/larevista\/opiniones\/ha-costado-mucho-no-lo-echemos-a-perder","title":{"rendered":"Ha costado mucho, no lo echemos a perder"},"content":{"rendered":"<\/p>\n<p><b>Por: Marco A. Cortez Navarrete.<\/b><\/p>\n<p>El pasado 18 de noviembre, por fin, la Secretar\u00eda de Salud del Gobierno de Yucat\u00e1n anunci\u00f3 que la entidad se encuentra en sem\u00e1foro epidemiol\u00f3gico color verde.<\/p>\n<p>Lo anterior, lo dio a conocer la dependencia el d\u00eda donde, tambi\u00e9n, inform\u00f3 de 3 lamentables decesos m\u00e1s y 44 nuevos contagios por coronavirus.<\/p>\n<p>Con el sem\u00e1foro epidemiol\u00f3gico color verde, el gobierno inform\u00f3 que a partir del pr\u00f3ximo lunes 22, o sea pasado ma\u00f1ana, queda autorizada la operaci\u00f3n hasta las 2 de la ma\u00f1ana, con aforo del 75 por ciento, en las actividades econ\u00f3micas de cualquier tipo, actualmente permitidas.<\/p>\n<p>Mauricio Sauri Vivas, secretario estatal de salud, dijo en una entrevista que hasta el momento suman poco m\u00e1s de 2, 7 millones de dosis de vacunas contra COVID-19 aplicadas a personas que habitan en suelo yucateco, y adem\u00e1s dio detalles de los m\u00f3dulos que permanecer\u00e1n abiertos para inocular a quienes a\u00fan faltan: personas que a\u00fan no se deciden, otros que por alguna raz\u00f3n se rezagaron y, entiendo, tambi\u00e9n para quienes van cumpliendo la mayor\u00eda de edad, es decir, los 18 a\u00f1os.<\/p>\n<p>Cu\u00e1nto tiempo, cu\u00e1nto dolor y cu\u00e1nto sufrimiento han transcurrido para llegar a este momento que representa la oportunidad para retomar el camino; rescatar empleos, generar los que se suman (seg\u00fan el INEGI, en M\u00e9xico cada a\u00f1o surge la necesidad de un mill\u00f3n de nuevos empleos).<\/p>\n<p>Tomando en cuenta que el a\u00f1o anterior, 2020, del que nadie quiere acordarse, fue un lapso de tiempo que nunca, a\u00fan en el subconsciente, se olvidar\u00e1. Las autoridades gubernamentales y los sectores productivos han se\u00f1alado que ya se recuper\u00f3 el n\u00famero de empleos perdidos y que la econom\u00eda retoma su paso de manera gradual, acompa\u00f1ada de ese optimismo y esa determinaci\u00f3n que son no necesarios sino fundamentales. Hay que trabajar mucho, sin duda, pero se est\u00e1n dando los pasos para este prop\u00f3sito.<\/p>\n<p>Y un ejemplo, digo yo, es el Tianguis Tur\u00edstico que reci\u00e9n concluy\u00f3 y que, seg\u00fan sus organizadores, participantes y cr\u00edticos, no solo logr\u00f3, sino que super\u00f3 las expectativas fijadas. Yucat\u00e1n se &#8220;avent\u00f3 el tiro&#8221; y le result\u00f3, dando as\u00ed el ejemplo de que s\u00ed es posible salir adelante, sin olvidar lo sucedido, esto jam\u00e1s.<\/p>\n<p>La pandemia de COVID-19, repito, ha dejado una huella muy profunda y un mucho dolor que permanecer\u00e1 durante mucho tiempo en la memoria y en los corazones de miles de familias yucatecas y de todas partes del pa\u00eds y del mundo, que tardar\u00e1 sin lugar a dudas mucho tiempo m\u00e1s en apaciguarse, pero que marca un antes y un despu\u00e9s.<\/p>\n<p>Como ha dicho L\u00f3pez Gatell, el subsecretario que a\u00fan permanece contra viento y marea en su puesto, enfrentando no solo la pandemia sino tambi\u00e9n infinidad de cr\u00edticas por el c\u00f3mo se abord\u00f3 la pandemia: &#8220;Permanecer\u00e1, no se olvide, y por ello debemos mantenernos alertas y observantes ante el comportamiento del virus que muta buscando mantenerse entre nosotros&#8221;.<\/p>\n<p>Veamos ejemplos como Europa, espec\u00edficamente Alemania, donde una cuarta ola ha embestido de nuevo a su poblaci\u00f3n, especialmente a quienes a\u00fan no se vacunan por creer que no es necesario. Austria, tambi\u00e9n ha tomado medidas y a\u00fan m\u00e1s dr\u00e1sticas al decretar un nuevo aislamiento generalizado y sentenciar que a principios de 2022 ser\u00e1 obligatorio para todo habitante de ese pa\u00eds vacunarse.<\/p>\n<p>No perdamos el piso, no pensemos que por estar ya en sem\u00e1foro verde, la prueba ha sido superada. No. El problema est\u00e1, contin\u00faa, el virus a\u00fan puede, y seguramente lo har\u00e1, afectar a muchas personas. Por ello, mantengamos las medidas dictadas en el protocolo para evadir el impacto del coronavirus. No bajemos la guardia. Estemos atentos y, s\u00ed, la vida, con nosotros o sin nosotros seguir\u00e1 adelante, acomod\u00e1ndose a las condiciones que dicta la naturaleza.<\/p>\n<p>Hasta la pr\u00f3xima.<\/p><\/p>\n","protected":false},"excerpt":{"rendered":"<p>Por: Marco A. Cortez Navarrete.<\/p>\n","protected":false},"author":1124,"featured_media":35116,"comment_status":"open","ping_status":"open","sticky":false,"template":"","format":"standard","meta":{"tdm_status":"","tdm_grid_status":"","footnotes":""},"categories":[25],"tags":[],"_links":{"self":[{"href":"https:\/\/dralvarez.com.mx\/larevista\/wp-json\/wp\/v2\/posts\/20136"}],"collection":[{"href":"https:\/\/dralvarez.com.mx\/larevista\/wp-json\/wp\/v2\/posts"}],"about":[{"href":"https:\/\/dralvarez.com.mx\/larevista\/wp-json\/wp\/v2\/types\/post"}],"author":[{"embeddable":true,"href":"https:\/\/dralvarez.com.mx\/larevista\/wp-json\/wp\/v2\/users\/1124"}],"replies":[{"embeddable":true,"href":"https:\/\/dralvarez.com.mx\/larevista\/wp-json\/wp\/v2\/comments?post=20136"}],"version-history":[{"count":1,"href":"https:\/\/dralvarez.com.mx\/larevista\/wp-json\/wp\/v2\/posts\/20136\/revisions"}],"predecessor-version":[{"id":35115,"href":"https:\/\/dralvarez.com.mx\/larevista\/wp-json\/wp\/v2\/posts\/20136\/revisions\/35115"}],"wp:featuredmedia":[{"embeddable":true,"href":"https:\/\/dralvarez.com.mx\/larevista\/wp-json\/wp\/v2\/media\/35116"}],"wp:attachment":[{"href":"https:\/\/dralvarez.com.mx\/larevista\/wp-json\/wp\/v2\/media?parent=20136"}],"wp:term":[{"taxonomy":"category","embeddable":true,"href":"https:\/\/dralvarez.com.mx\/larevista\/wp-json\/wp\/v2\/categories?post=20136"},{"taxonomy":"post_tag","embeddable":true,"href":"https:\/\/dralvarez.com.mx\/larevista\/wp-json\/wp\/v2\/tags?post=20136"}],"curies":[{"name":"wp","href":"https:\/\/api.w.org\/{rel}","templated":true}]}}