{"id":20106,"date":"2021-11-17T00:00:00","date_gmt":"2021-11-17T06:00:00","guid":{"rendered":"https:\/\/dralvarez.com.mx\/larevista\/blog\/la-uady-y-la-pandemia-esta-a-tiempo-o-ya-para-que"},"modified":"2024-02-23T11:16:49","modified_gmt":"2024-02-23T17:16:49","slug":"la-uady-y-la-pandemia-esta-a-tiempo-o-ya-para-que","status":"publish","type":"post","link":"https:\/\/dralvarez.com.mx\/larevista\/opiniones\/la-uady-y-la-pandemia-esta-a-tiempo-o-ya-para-que","title":{"rendered":"La UADY y la pandemia. \u00bfEst\u00e1 a tiempo? o ya para qu\u00e9."},"content":{"rendered":"<p><b>Por: Marco Antonio Cortez Navarrete.*<\/b><\/p>\n<p>Ayer lunes 15 de noviembre, me dio gusto leer, en un &#8220;bolet\u00edn&#8221; enviado por la oficina de prensa de la Universidad Aut\u00f3noma de Yucat\u00e1n que la Facultad de Medicina inaugur\u00f3 un Laboratorio de Rehabilitaci\u00f3n Integrativo que se dedicar\u00e1 a la atenci\u00f3n de personas con problemas post-Covid y que va -dice el texto- desde lo pulmonar hasta lo neurodegenerativo.  <\/p>\n<p>Un reconocimiento pues a Carlos Castro Sansores, director de la Facultad de Medicina, y quien por cierto forma parte del Comit\u00e9 de Expertos del Gobierno del Estado que analiza el comportamiento e impacto del coronavirus en Yucat\u00e1n y con base en esto se determinan programas y acciones para enfrentar la situaci\u00f3n.<\/p>\n<p>Recordando que el primer caso de COVID en Yucat\u00e1n se registr\u00f3 el 13 de marzo del a\u00f1o pasado y el lamentable primer deceso el 3 de abril tambi\u00e9n de 2020, a partir y desde entonces, hasta llegar ayer lunes 15 de noviembre de 2021 en Yucat\u00e1n hab\u00eda un registro de m\u00e1s de 76 mil contagios y m\u00e1s de 6 mil fallecidos.<\/p>\n<p>A lo anterior hay que se\u00f1alar que en los \u00faltimos 26 d\u00edas las cifras de descensos son menores de 2 d\u00edgitos y una gradual disminuci\u00f3n de contagios. <\/p>\n<p>En lo personal, considero que lo hecho por los gobiernos estatal y municipales, sobre todo el Ayuntamiento de M\u00e9rida, donde habita el mayor porcentaje de habitantes en la entidad, cre\u00f3 programas y estrategias para evitar que se disparen a\u00fan m\u00e1s los contagios y las muertes, muchas de ellas no agradaron pero eran necesarias.<\/p>\n<p>El Ayuntamiento cre\u00f3 tambi\u00e9n toda una log\u00edstica urbana y programas de apoyo como el del Colegio de Psic\u00f3logos que trabaj\u00f3 de la mano y de manera decida en acciones de atenci\u00f3n a personas afectadas por los efectos de la pandemia. Este colegio entendi\u00f3 muy bien la importancia de la situaci\u00f3n y puso todas sus capacidades al servicio, no del gobierno, sino de la ciudadan\u00eda.<\/p>\n<p>Regresando al caso de la Facultad de Medicina, reiter\u00f3, la importante creaci\u00f3n del Laboratorio de Rehabilitaci\u00f3n Integrativo, pero seg\u00fan yo, honestamente, llega un poco tarde. <\/p>\n<p>Seg\u00fan las cifras lo peor ya pas\u00f3 (crucemos los dedos para que as\u00ed sea) y los efectos post-Covid se han diseminado como p\u00f3lvora en gente de todas las edades y condiciones sociales y econ\u00f3micas. Pero, bueno, nunca es tarde cuando la dicha es buena, dicen por all\u00e1.<\/p>\n<p>Y as\u00ed como el Colegio de Psic\u00f3logos y ahora la Facultad de Medicina, qu\u00e9 otras facultades y centros de investigaciones, entre ellos el Hideyo Noguchi \u00bfhan hecho o hicieron durante la \u00e9poca cr\u00edtica del COVID en Yucat\u00e1n?.<\/p>\n<p>Por cierto, hoy martes 16 regresaron a la UADY todos sus trabajadores acad\u00e9micos, administrativos y manuales, entre estos, claro, los investigadores incluyendo los de Ciencias Biom\u00e9dicas, seg\u00fan oficio de Manuel Escoffi\u00e9 Aguilar, el encargado del manejo de los recursos que capta la universidad de los gobiernos federal y estatal y tambi\u00e9n de los recursos propios y adem\u00e1s maneja tambi\u00e9n todo el aparato administrativo, es algo as\u00ed como el segundo al mando de la UADY. <\/p>\n<p>Pregunta \u00bfy los estudiantes?, en el oficio difundido por prensa no se cita nada de los estudiantes que son m\u00e1s de 26 mil. \u00bfD\u00f3nde est\u00e1n?, \u00bfYa regresaron? \u00bfa\u00fan no? \u00bfcu\u00e1ndo y c\u00f3mo?&#8230;.etc. etc. etc.<\/p>\n<p>Y, bueno, solo recordar que la UADY, hoy integrada por campus por \u00e1reas del conocimiento -obras de los ex rectores Ra\u00fal Godoy y Alfredo D\u00e1jer-, precisamente se crearon para una mayor capitalizaci\u00f3n de lo humano, lo t\u00e9cnico y conocimiento tanto en los procesos de formaci\u00f3n de profesionales y especialmente para tener una m\u00e1s r\u00e1pida y mejor respuesta a las necesidades de la sociedad que es, recordemos, a la que se debe la instituci\u00f3n.<\/p>\n<p>En estos campus hay uno en especial, el de Ciencias de la Salud, al poniente de M\u00e9rida, con experimentados profesiones en Medicina, Nutrici\u00f3n, Rehabilitaci\u00f3n, Odontolog\u00eda, Enfermer\u00eda (que tanta falta hace en esta crisis sanitaria) y de Qu\u00edmica (otro tema fundamental para pruebas y diagn\u00f3sticos, por ejemplo) y de manera especial la Unidad de Ciencias Biom\u00e9dicas que cuenta con una estela de brillantes expertos en virolog\u00eda, bacteriolog\u00eda, gen\u00e9tica, neurolog\u00eda, etc., etc., etc.<\/p>\n<p>\u00a1Cu\u00e1nto aportaron o pudieron aportar!&#8230;ideas, proyectos, planes, opiniones, sugerencias, en fin, ellos, obviamente son los que m\u00e1s saben, pero duele ver, las contadas aportaciones o participaciones durante la crisis sanitaria. Eso si, hablamos de una universidad que en breve cumplir\u00e1 100 a\u00f1os de fundaci\u00f3n y que no duda en ubicarse entre las 10 m\u00e1s importantes del pa\u00eds.<\/p>\n<p>En fin, son otras \u00e9pocas, otras administraciones, otros los dirigentes, y otros desde luego los intereses, no se si personales o pol\u00edticos, pero para m\u00ed aquella instituci\u00f3n que levantaba la mano antes que nadie, hoy brilla por su ausencia.<\/p>\n<p>&#8220;Luz, Ciencia y Verdad&#8221;, lema que se acu\u00f1\u00f3 en la administraci\u00f3n cuando la UADY obtuvo su autonom\u00eda de Derecho en 1984 y que, siento, con el dolor de mi coraz\u00f3n, que lenta y gradualmente se diluye, se olvida, pareciera que todo lo hecho y alcanzado hay que borrarlo, quedando tambi\u00e9n en el olvido. <\/p>\n<p>Qu\u00e9 l\u00e1stima.<\/p>\n<p>PD. Una pregunta: \u00bfLas y los profesores chinos del &#8220;famoso&#8221; Instituto Confucio ubicado en instalaciones de la UADY, contin\u00faan con la movilidad, es decir, ir y venir?. \u00bfY, viceversa, los funcionarios de la UADY, siguen viajando con relativa regularidad a China o por el momento ya no?. Pregunto con el obvio motivo de la pandemia.<\/p>\n<p>*&nbsp;Ex Jefe de Prensa y ex coordinador de noticieros de Radio, ambos de la UADY.&nbsp;Trabajador jubilado, con m\u00e1s de 30 a\u00f1os de servicio.<\/p>\n","protected":false},"excerpt":{"rendered":"<p>Por: Marco Antonio Cortez Navarrete.*<\/p>\n","protected":false},"author":1124,"featured_media":35087,"comment_status":"open","ping_status":"open","sticky":false,"template":"","format":"standard","meta":{"tdm_status":"","tdm_grid_status":"","footnotes":""},"categories":[25],"tags":[],"_links":{"self":[{"href":"https:\/\/dralvarez.com.mx\/larevista\/wp-json\/wp\/v2\/posts\/20106"}],"collection":[{"href":"https:\/\/dralvarez.com.mx\/larevista\/wp-json\/wp\/v2\/posts"}],"about":[{"href":"https:\/\/dralvarez.com.mx\/larevista\/wp-json\/wp\/v2\/types\/post"}],"author":[{"embeddable":true,"href":"https:\/\/dralvarez.com.mx\/larevista\/wp-json\/wp\/v2\/users\/1124"}],"replies":[{"embeddable":true,"href":"https:\/\/dralvarez.com.mx\/larevista\/wp-json\/wp\/v2\/comments?post=20106"}],"version-history":[{"count":1,"href":"https:\/\/dralvarez.com.mx\/larevista\/wp-json\/wp\/v2\/posts\/20106\/revisions"}],"predecessor-version":[{"id":35086,"href":"https:\/\/dralvarez.com.mx\/larevista\/wp-json\/wp\/v2\/posts\/20106\/revisions\/35086"}],"wp:featuredmedia":[{"embeddable":true,"href":"https:\/\/dralvarez.com.mx\/larevista\/wp-json\/wp\/v2\/media\/35087"}],"wp:attachment":[{"href":"https:\/\/dralvarez.com.mx\/larevista\/wp-json\/wp\/v2\/media?parent=20106"}],"wp:term":[{"taxonomy":"category","embeddable":true,"href":"https:\/\/dralvarez.com.mx\/larevista\/wp-json\/wp\/v2\/categories?post=20106"},{"taxonomy":"post_tag","embeddable":true,"href":"https:\/\/dralvarez.com.mx\/larevista\/wp-json\/wp\/v2\/tags?post=20106"}],"curies":[{"name":"wp","href":"https:\/\/api.w.org\/{rel}","templated":true}]}}