{"id":20084,"date":"2021-11-17T00:00:00","date_gmt":"2021-11-17T06:00:00","guid":{"rendered":"https:\/\/dralvarez.com.mx\/larevista\/blog\/clasemedieros"},"modified":"2024-02-23T11:15:49","modified_gmt":"2024-02-23T17:15:49","slug":"clasemedieros","status":"publish","type":"post","link":"https:\/\/dralvarez.com.mx\/larevista\/opiniones\/clasemedieros","title":{"rendered":"Clasemedieros"},"content":{"rendered":"<p><b>Por: Pascal Beltr\u00e1n del R\u00edo.<\/b><\/p>\n<\/p>\n<p>De acuerdo con el Inegi, unos siete millones de<br \/>\nmexicanos abandonaron la clase media entre 2018 y 2020. A la merma de 6.2<br \/>\nmillones que sufri\u00f3 en este bienio dicho grupo social, hay que agregar otros<br \/>\n800 mil que salieron de la clase alta.<\/p>\n<p>Se trata del mayor retroceso en la movilidad social en<br \/>\nuna d\u00e9cada.<\/p>\n<p>El an\u00e1lisis del Inegi, que se dio a conocer, se basa<br \/>\nen los resultados de la Encuesta Nacional de Ingresos y Gastos de los Hogares.<br \/>\nLa clase media ven\u00eda creciendo hasta alcanzar su pico en 2018. Desde ese a\u00f1o,<br \/>\nque coincide con el inicio del actual periodo de gobierno, el n\u00famero de hogares<br \/>\ny de personas de clase media perdieron 4.5 y 5.5 puntos, respectivamente.<\/p>\n<p>En 2010, 42.4% de los hogares y 39.2% de los<br \/>\nindividuos pertenec\u00edan a la clase media; para 2018, los mismos porcentajes hab\u00edan<br \/>\nsubido a 46.7 y 42.7, en ese orden, y para 2020 hab\u00edan ca\u00eddo a 42.2 y 37.2,<br \/>\nrespectivamente.<\/p>\n<p>\u00bfA d\u00f3nde se fueron esos siete millones de mexicanos?<br \/>\nEvidentemente, a las filas de la pobreza. Se pueden debatir las razones. Sin<br \/>\nduda estamos ante una combinaci\u00f3n de factores, que incluyen los efectos<br \/>\nintr\u00ednsecos de la pandemia, pero tambi\u00e9n decisiones de pol\u00edtica econ\u00f3mica<br \/>\nasumidas desde el principio de la administraci\u00f3n federal.<\/p>\n<p>Para efectos de este estudio, el Inegi consider\u00f3<br \/>\ncaracter\u00edsticas de gasto \u2013y no de ingreso\u2013 para catalogar a la poblaci\u00f3n del<br \/>\npa\u00eds. Sin embargo, ya distribuida en tres rubros, sobresalen coincidencias en<br \/>\ncada uno de ellos, como el nivel educativo.<\/p>\n<p>Los mexicanos de clase baja tienen un promedio de 8.2<br \/>\na\u00f1os de estudio; los de clase media, 11.2 a\u00f1os y los de clase alta 15.2 a\u00f1os.<br \/>\nOtra coincidencia es que poco m\u00e1s de la mitad de los clasemedieros (51.2%)<br \/>\ntienen en su familia al menos a un egresado de estudios universitarios, lo cual<br \/>\ncontrasta con 90% en la clase alta y 18.6% en la clase baja.<\/p>\n<p>La proporci\u00f3n de clasemedieros por entidad federativa<br \/>\npintan un retrato del desarrollo y el rezago econ\u00f3micos. De las 16 entidades<br \/>\nfederativas con mayor proporci\u00f3n de integrantes de la clase media, 14 son de la<br \/>\nregi\u00f3n norte-occidente y s\u00f3lo dos de la regi\u00f3n sur-sureste: Michoac\u00e1n y<br \/>\nQuintana Roo. Por el contrario, los 16 estados con menor presencia de<br \/>\nclasemedieros son abrumadoramente de la regi\u00f3n sur-sureste con pocas<br \/>\nexcepciones: Tamaulipas, Guanajuato, Durango y Zacatecas.<\/p>\n<p>Las tres entidades con mayor porcentaje de integrantes<br \/>\nde la clase media son Ciudad de M\u00e9xico (58.9), Colima (54.6) y Jalisco (53.6) y<br \/>\nlas tres que est\u00e1n en el extremo son Chiapas (19.5), Guerrero (24.0) y Oaxaca<br \/>\n(25.6).<\/p>\n<p>Es decir, la presencia de la clase media en M\u00e9xico es<br \/>\n\u2013salvo contadas excepciones\u2013 mayor en la zona m\u00e1s desarrollada del pa\u00eds y<br \/>\nviceversa.<\/p>\n<p>La ca\u00edda de siete millones de clasemedieros a las<br \/>\nfilas de la pobreza en el primer bienio del periodo de gobierno podr\u00eda ser una<br \/>\nde las explicaciones de los resultados electorales adversos para la coalici\u00f3n<br \/>\nde gobierno en las elecciones del pasado 6 de junio, primordialmente en las<br \/>\nzonas urbanas.<\/p>\n<p>En todo caso, la respuesta gubernamental a ese hecho<br \/>\nno ha sido la confecci\u00f3n de medidas de remediaci\u00f3n para los mexicanos que han<br \/>\nvisto deteriorado su poder adquisitivo, sino el ataque.<\/p>\n<p>Apenas se hab\u00edan conocido los resultados de los<br \/>\ncomicios, el presidente Andr\u00e9s Manuel L\u00f3pez Obrador comenz\u00f3 una andanada contra<br \/>\nlos clasemedieros, tild\u00e1ndolos de aspiracionistas y poco solidarios.<\/p>\n<p>No parece haber intenci\u00f3n de encantar de nuevo con las<br \/>\npropuestas del gobierno a ese sector de la poblaci\u00f3n \u2013que fue determinante en<br \/>\nel triunfo electoral de L\u00f3pez Obrador en 2018\u2013 ni de echar a andar pol\u00edticas<br \/>\np\u00fablicas tendientes a mantener en la clase media a quienes siguen all\u00ed y ayudar<br \/>\na que regresasen a ella a quienes han ca\u00eddo en la pobreza.<\/p>\n<p>Y eso es un error, pues mientras menos mexicanos<br \/>\nrequieran de apoyos de los programas sociales, habr\u00e1 mayor posibilidad de<br \/>\napoyar a quienes requieren de asistencia para sobrevivir.<\/p>\n<p>Pero a lo mejor se trata de eso: de engrosar las filas<br \/>\nde los necesitados y adelgazar la de aquellos capaces de salir adelante por su<br \/>\npropia capacidad y que, por lo mismo, no tienen que estar agradecidos.<\/p><\/p>\n","protected":false},"excerpt":{"rendered":"<p>Por: Pascal Beltr\u00e1n del R\u00edo.<\/p>\n","protected":false},"author":1127,"featured_media":35069,"comment_status":"open","ping_status":"open","sticky":false,"template":"","format":"standard","meta":{"tdm_status":"","tdm_grid_status":"","footnotes":""},"categories":[25],"tags":[],"_links":{"self":[{"href":"https:\/\/dralvarez.com.mx\/larevista\/wp-json\/wp\/v2\/posts\/20084"}],"collection":[{"href":"https:\/\/dralvarez.com.mx\/larevista\/wp-json\/wp\/v2\/posts"}],"about":[{"href":"https:\/\/dralvarez.com.mx\/larevista\/wp-json\/wp\/v2\/types\/post"}],"author":[{"embeddable":true,"href":"https:\/\/dralvarez.com.mx\/larevista\/wp-json\/wp\/v2\/users\/1127"}],"replies":[{"embeddable":true,"href":"https:\/\/dralvarez.com.mx\/larevista\/wp-json\/wp\/v2\/comments?post=20084"}],"version-history":[{"count":1,"href":"https:\/\/dralvarez.com.mx\/larevista\/wp-json\/wp\/v2\/posts\/20084\/revisions"}],"predecessor-version":[{"id":35068,"href":"https:\/\/dralvarez.com.mx\/larevista\/wp-json\/wp\/v2\/posts\/20084\/revisions\/35068"}],"wp:featuredmedia":[{"embeddable":true,"href":"https:\/\/dralvarez.com.mx\/larevista\/wp-json\/wp\/v2\/media\/35069"}],"wp:attachment":[{"href":"https:\/\/dralvarez.com.mx\/larevista\/wp-json\/wp\/v2\/media?parent=20084"}],"wp:term":[{"taxonomy":"category","embeddable":true,"href":"https:\/\/dralvarez.com.mx\/larevista\/wp-json\/wp\/v2\/categories?post=20084"},{"taxonomy":"post_tag","embeddable":true,"href":"https:\/\/dralvarez.com.mx\/larevista\/wp-json\/wp\/v2\/tags?post=20084"}],"curies":[{"name":"wp","href":"https:\/\/api.w.org\/{rel}","templated":true}]}}