{"id":20078,"date":"2021-11-13T00:00:00","date_gmt":"2021-11-13T06:00:00","guid":{"rendered":"https:\/\/dralvarez.com.mx\/larevista\/blog\/siempre-9"},"modified":"2024-02-23T11:15:28","modified_gmt":"2024-02-23T17:15:28","slug":"siempre-9","status":"publish","type":"post","link":"https:\/\/dralvarez.com.mx\/larevista\/opiniones\/siempre-9","title":{"rendered":"Siempre&#8230;"},"content":{"rendered":"<p><b>Por: Cristina Pad\u00edn.<\/b><\/p>\n<p>Y de repente ya no estaba en la tierra, como no est\u00e1n los abuelos (que se van y nos dejan su legado de an\u00e9cdotas y abrazos y consejos y caricias con las manos arrugadas), como no est\u00e1 junio cuando ya llega noviembre, como no est\u00e1 el sol cuando anochece y como no est\u00e1 el calor cuando retorna el fr\u00edo..<\/p>\n<p>Pero tampoco estar\u00eda cuando volviera enero ni cuando fuera Navidad ni cuando llegara el verano\u2026<\/p>\n<p>Y la vida seguir\u00eda, pero sin su voz y sin su clase.. y ser\u00eda peor..<\/p>\n<p>Pero.. pero.. la fe tiene la capacidad de hacer que lo que es peor sea simplemente distinto. Ya no estar\u00eda de una forma, pero s\u00ed lo har\u00eda de otras\u2026 Estar\u00eda junto a Dios, y estar\u00eda en los recuerdos, y estar\u00eda en cada fotograf\u00eda, y en cada ense\u00f1anza que dej\u00f3, y en los corazones que tanto amor le dieron, y en la vida eterna\u2026<\/p>\n<p>Y as\u00ed pasa con los que ya han partido, y as\u00ed pas\u00f3 con David Silveti un d\u00eda como hoy. Y sigue vivo, m\u00e1s que nunca, su legado; y su eterno duende contin\u00faa muy presente; y esa elegancia innata; y su manera de torear sigue enamorando almas; y se habla de su esencia, y de su porte, y de sus lances et\u00e9reos\u2026 y se le sigue llamando el Rey.<\/p>\n<p>Y, como pasa con los que ya no est\u00e1n aqu\u00ed, David Silveti est\u00e1 siempre con nosotros..<\/p>\n<p>A la familia Silveti<br \/>A los que ya no est\u00e1n y a mi querida abuela<br \/>A mi querido M\u00e9xico<br \/>Al toreo<br \/>A mi querido Luis<br \/>A mi amigo Jm<br \/>A las personas con esencia<br \/>Al alma<\/p>\n","protected":false},"excerpt":{"rendered":"<p>Por: Cristina Pad\u00edn.<\/p>\n","protected":false},"author":1025,"featured_media":35063,"comment_status":"open","ping_status":"open","sticky":false,"template":"","format":"standard","meta":{"tdm_status":"","tdm_grid_status":"","footnotes":""},"categories":[25],"tags":[],"_links":{"self":[{"href":"https:\/\/dralvarez.com.mx\/larevista\/wp-json\/wp\/v2\/posts\/20078"}],"collection":[{"href":"https:\/\/dralvarez.com.mx\/larevista\/wp-json\/wp\/v2\/posts"}],"about":[{"href":"https:\/\/dralvarez.com.mx\/larevista\/wp-json\/wp\/v2\/types\/post"}],"author":[{"embeddable":true,"href":"https:\/\/dralvarez.com.mx\/larevista\/wp-json\/wp\/v2\/users\/1025"}],"replies":[{"embeddable":true,"href":"https:\/\/dralvarez.com.mx\/larevista\/wp-json\/wp\/v2\/comments?post=20078"}],"version-history":[{"count":1,"href":"https:\/\/dralvarez.com.mx\/larevista\/wp-json\/wp\/v2\/posts\/20078\/revisions"}],"predecessor-version":[{"id":35062,"href":"https:\/\/dralvarez.com.mx\/larevista\/wp-json\/wp\/v2\/posts\/20078\/revisions\/35062"}],"wp:featuredmedia":[{"embeddable":true,"href":"https:\/\/dralvarez.com.mx\/larevista\/wp-json\/wp\/v2\/media\/35063"}],"wp:attachment":[{"href":"https:\/\/dralvarez.com.mx\/larevista\/wp-json\/wp\/v2\/media?parent=20078"}],"wp:term":[{"taxonomy":"category","embeddable":true,"href":"https:\/\/dralvarez.com.mx\/larevista\/wp-json\/wp\/v2\/categories?post=20078"},{"taxonomy":"post_tag","embeddable":true,"href":"https:\/\/dralvarez.com.mx\/larevista\/wp-json\/wp\/v2\/tags?post=20078"}],"curies":[{"name":"wp","href":"https:\/\/api.w.org\/{rel}","templated":true}]}}