{"id":20048,"date":"2021-11-12T00:00:00","date_gmt":"2021-11-12T06:00:00","guid":{"rendered":"https:\/\/dralvarez.com.mx\/larevista\/blog\/compostelas"},"modified":"2024-02-23T11:14:10","modified_gmt":"2024-02-23T17:14:10","slug":"compostelas","status":"publish","type":"post","link":"https:\/\/dralvarez.com.mx\/larevista\/opiniones\/compostelas","title":{"rendered":"Compostelas!!!"},"content":{"rendered":"<p><b>Por: Cristina Pad\u00edn.<\/b><\/p>\n<p>\u2026y, en alg\u00fan momento repentino, llegar\u00edan esas ma\u00f1anas hermosas que amanecen con mucha luz.. y ser\u00eda abril, y regresar\u00eda la primavera, con las hojas y la vida y tardes de toros y sandalias. Pero era noviembre, era 9 de noviembre, era el d\u00eda de la Almudena.. En Madrid ir\u00edan a misa y quiz\u00e1 comer\u00edan la cl\u00e1sica corona.. Ella estaba llegando a Padr\u00f3n, a Santiago llegar\u00eda al d\u00eda siguiente. Un camino de un mes: pedir\u00eda al Ap\u00f3stol que le permitiera ganarle a su c\u00e1ncer, y llorar\u00eda al recibir su compostela..<\/p>\n<p>\u00c9l quer\u00eda visitar algunas cosas. Conoc\u00eda la obra de Rosal\u00eda de Castro (alguien no la conoce, acaso?.. opinaba una amiga suya que le\u00eda much\u00edsimo)\u2026 Entrar\u00eda en Santiago en la ma\u00f1ana siguiente, no conoc\u00eda la ciudad, las emociones ya le hac\u00edan so\u00f1ar.. Rezar\u00eda al entrar en la Catedral\u2026 llevaba varias semanas lejos de Sevilla.. Ojal\u00e1 el Santo le concediera aquello que m\u00e0s deseaba: ser torero! Estaba seguro de que se le saltar\u00edan las l\u00e1grimas al recibir su compostela..<\/p>\n<p>Ella se llamaba Isabel, \u00e9l Manuel. Ella iba escuchando a Phill Collins, \u00e9l a Nani Cort\u00e9s. Los dos caminaban a Santiago. Los dos sab\u00edan que la compostela es alma, es \u00fanica, es sensaciones, es todo.<\/p>\n<p>Dedicado al Camino de Santiago<br \/>A las compostelas<br \/>Ya con la mirada en una nueva historia de historias<br \/>A Isabel y a Manuel<br \/>A mi Luis<br \/>Al toreo<br \/>A Madrid, ciudad que amo, y al d\u00eda de la Almudena<br \/>A la m\u00fasica y a los artistas mencionados<br \/>A noviembre y a abril<\/p>\n","protected":false},"excerpt":{"rendered":"<p>Por: Cristina Pad\u00edn.<\/p>\n","protected":false},"author":1025,"featured_media":35036,"comment_status":"open","ping_status":"open","sticky":false,"template":"","format":"standard","meta":{"tdm_status":"","tdm_grid_status":"","footnotes":""},"categories":[25],"tags":[],"_links":{"self":[{"href":"https:\/\/dralvarez.com.mx\/larevista\/wp-json\/wp\/v2\/posts\/20048"}],"collection":[{"href":"https:\/\/dralvarez.com.mx\/larevista\/wp-json\/wp\/v2\/posts"}],"about":[{"href":"https:\/\/dralvarez.com.mx\/larevista\/wp-json\/wp\/v2\/types\/post"}],"author":[{"embeddable":true,"href":"https:\/\/dralvarez.com.mx\/larevista\/wp-json\/wp\/v2\/users\/1025"}],"replies":[{"embeddable":true,"href":"https:\/\/dralvarez.com.mx\/larevista\/wp-json\/wp\/v2\/comments?post=20048"}],"version-history":[{"count":1,"href":"https:\/\/dralvarez.com.mx\/larevista\/wp-json\/wp\/v2\/posts\/20048\/revisions"}],"predecessor-version":[{"id":35035,"href":"https:\/\/dralvarez.com.mx\/larevista\/wp-json\/wp\/v2\/posts\/20048\/revisions\/35035"}],"wp:featuredmedia":[{"embeddable":true,"href":"https:\/\/dralvarez.com.mx\/larevista\/wp-json\/wp\/v2\/media\/35036"}],"wp:attachment":[{"href":"https:\/\/dralvarez.com.mx\/larevista\/wp-json\/wp\/v2\/media?parent=20048"}],"wp:term":[{"taxonomy":"category","embeddable":true,"href":"https:\/\/dralvarez.com.mx\/larevista\/wp-json\/wp\/v2\/categories?post=20048"},{"taxonomy":"post_tag","embeddable":true,"href":"https:\/\/dralvarez.com.mx\/larevista\/wp-json\/wp\/v2\/tags?post=20048"}],"curies":[{"name":"wp","href":"https:\/\/api.w.org\/{rel}","templated":true}]}}