{"id":20032,"date":"2021-11-09T00:00:00","date_gmt":"2021-11-09T06:00:00","guid":{"rendered":"https:\/\/dralvarez.com.mx\/larevista\/blog\/dan-prision-preventiva-a-emilio-lozoya"},"modified":"2024-02-23T11:13:33","modified_gmt":"2024-02-23T17:13:33","slug":"dan-prision-preventiva-a-emilio-lozoya","status":"publish","type":"post","link":"https:\/\/dralvarez.com.mx\/larevista\/opiniones\/dan-prision-preventiva-a-emilio-lozoya","title":{"rendered":"Dan prisi\u00f3n preventiva a Emilio Lozoya"},"content":{"rendered":"<p><b><i>Contacto con la Pol\u00edtica Nacional<\/i>, por: Baltasar Barbolla.<\/b><\/p>\n<\/p>\n<p><b>CDMX.-<\/b> Por<br \/>\nprimera vez desde que lleg\u00f3 a M\u00e9xico, <b>Emilio<br \/>\nLozoya Austin<\/b> pis\u00f3 el reclusorio Norte pues se le orden\u00f3 asistir de manera<br \/>\npresencial a la audiencia de este mi\u00e9rcoles del caso Odebrecht; en las<br \/>\naudiencias anteriores, su presencia hab\u00eda sido virtual. \u2013cont\u00f3 a los presentes<br \/>\nel editorialista, con lo cual inici\u00f3 la pl\u00e1tica de esta semana en el Balmoral-<br \/>\nHasta ahora, el exdirector general de PEMEX hab\u00eda gozado de ciertos privilegios<br \/>\nque le permit\u00edan mantener su libertad, los cuales le fueron concedidos por la<br \/>\npromesa de revelar informaci\u00f3n sobre otros actores pol\u00edticos involucrados en el<br \/>\ncaso Odebrecht. Sin embargo, la aparente falta de pruebas contundentes y los<br \/>\nrecientes esc\u00e1ndalos medi\u00e1ticos hicieron insostenible esta situaci\u00f3n de privilegios<br \/>\npor lo que le tocar\u00e1 estar tras las rejas durante el resto del juicio.<\/p>\n<p>-En la audiencia de la cual habla nuestro amigo<br \/>\neditorialista, se trataron tres temas: la solicitud de la Fiscal\u00eda para dictar<br \/>\nprisi\u00f3n preventiva a Lozoya, la solicitud de la defensa para aplazar nuevamente<br \/>\nel cierre de la etapa de investigaci\u00f3n complementaria y la discusi\u00f3n sobre el<br \/>\ncriterio de oportunidad. \u2013explic\u00f3 la abogada- De estos 3 temas, sin duda el m\u00e1s<br \/>\nimportante fue el primero pues signific\u00f3 la privaci\u00f3n de la libertad del<br \/>\nextitular de PEMEX.<\/p>\n<p>-La Fiscal\u00eda General de la Rep\u00fablica (FGR) no hab\u00eda<br \/>\nmostrado intenci\u00f3n de solicitar la prisi\u00f3n preventiva hasta que, el mes pasado,<br \/>\nla periodista <b>Lourdes Mendoza<\/b><br \/>\npublic\u00f3 en sus redes sociales fotograf\u00edas de Lozoya comiendo en un restaurante<br \/>\nde lujo de esta Ciudad de M\u00e9xico\u2026 como esos a los que acostumbra ir nuestro<br \/>\namigo editorialista. \u2013dijo con tono de broma la empresaria- Estas fotos<br \/>\nindignaron a la sociedad y a funcionarios p\u00fablicos por los evidentes<br \/>\nprivilegios que goza el exdirector de PEMEX a pesar de ser un delincuente<br \/>\nconfeso. Lo anterior gener\u00f3 presi\u00f3n en la FGR para buscar la prisi\u00f3n preventiva<br \/>\nen contra de Lozoya.<\/p>\n<p>-En la audiencia, el Ministerio P\u00fablico calific\u00f3 la<br \/>\nida al restaurante como un acto de poco pudor procesal, a lo cual la defensa de<br \/>\nLozoya contest\u00f3 que el t\u00e9rmino \u201cpoco pudor procesal\u201d no se encontraba dentro de<br \/>\nla ley. De igual forma, la FGR solicit\u00f3 que se le imponga prisi\u00f3n preventiva<br \/>\njustificada al exdirector de PEMEX pues las condiciones actuales son distintas a<br \/>\nlas que hubo cuando se impusieron las primeras medidas cautelares. \u2013comparti\u00f3<br \/>\nel pol\u00edtico- Por cierto, aquellas medidas cautelares se limitaron al uso de un<br \/>\nbrazalete electr\u00f3nico, la entrega de visa y pasaporte a las autoridades y la<br \/>\nfirma peri\u00f3dica de manera virtual por la pandemia.<\/p>\n<p>&#8211; \u00bfQu\u00e9 ha cambiado desde que se impusieron las<br \/>\nprimeras medidas cautelares? \u2013pregunt\u00f3 uno de los presentes<\/p>\n<p>-La FGR explic\u00f3 que encontr\u00f3 una cuenta de Emilio<br \/>\nLozoya en las Islas V\u00edrgenes Brit\u00e1nicas con 2 millones de euros la cual le<br \/>\nser\u00eda sumamente \u00fatil si decidiese fugarse. Asimismo, record\u00f3 que la esposa de<br \/>\nEmilio Lozoya es de nacionalidad alemana y que se encuentra en este pa\u00eds<br \/>\neuropeo lo que igual le ayudar\u00eda en caso de huir de M\u00e9xico. Por si no fuese<br \/>\nsuficiente, tambi\u00e9n advirti\u00f3 que la pr\u00f3xima apertura de la frontera con Estados<br \/>\nUnidos facilitar\u00eda una posible fuga del exfuncionario. \u2013contest\u00f3 el analista<\/p>\n<p>-As\u00ed es, amigo analista. \u2013asinti\u00f3 la abogada- De<br \/>\nhecho, esto fue lo que tom\u00f3 en cuenta el juez para dictar la prisi\u00f3n preventiva.<br \/>\nEn primer lugar, dijo que Emilio Lozoya contaba con una red de ayuda, en<br \/>\nreferencia a su esposa y otros contactos, la cual podr\u00eda auxiliarle en un<br \/>\nintento de fuga. En segundo lugar, explic\u00f3 que el exdirector de PEMEX ten\u00eda los<br \/>\nrecursos econ\u00f3micos necesarios para huir del pa\u00eds por la cuenta encontrada en<br \/>\nlas Islas V\u00edrgenes Brit\u00e1nicas. Finalmente, el juzgador tom\u00f3 en consideraci\u00f3n<br \/>\nque la pena la cual podr\u00eda recibir Lozoya ser\u00eda superior a los 30 a\u00f1os de<br \/>\nprisi\u00f3n pues se le imputan los delitos de operaciones con recursos de<br \/>\nprocedencia il\u00edcita, cohecho y asociaci\u00f3n delictuosa. Lo anterior no significa,<br \/>\npor cierto, que Lozoya sea culpable pues el juicio a\u00fan sigue; \u00fanicamente se<br \/>\ntrata de una medida preventiva para evitar que huya del pa\u00eds.<\/p>\n<p>&#8211; \u00bfDijo algo el juez sobre las fotos de Lozoya en el<br \/>\nrestaurante? \u2013pregunt\u00f3 otro de los presentes<\/p>\n<p>-S\u00ed. \u2013respondi\u00f3 la periodista, y ahond\u00f3- Dijo que no<br \/>\nconsideraba esta situaci\u00f3n en su decisi\u00f3n pues, cuando dict\u00f3 las primeras<br \/>\nmedidas cautelares, no estableci\u00f3 restricciones o prohibiciones sobre acudir a<br \/>\nsitios espec\u00edficos. Lo anterior significa que la ida de Lozoya al restaurante<br \/>\nno represent\u00f3 delito alguno, aunque, en t\u00e9rminos reales, sea el motivo por el<br \/>\ncual se le priv\u00f3 de la libertad. Incluso, el juez coment\u00f3 que consideraba que<br \/>\nexist\u00edan las condiciones para dictar prisi\u00f3n preventiva desde el inicio del<br \/>\njuicio, pero no lo hizo porque la FGR no la hab\u00eda solicitado hasta ahora.<\/p>\n<p>-Al parecer, una de las maneras en las cuales Emilio<br \/>\nLozoya lograba mantener su libertad durante el juicio era mediante el<br \/>\naplazamiento del cierre de la etapa de investigaci\u00f3n complementaria la cual<br \/>\nsirve, entre otras cosas, para que el imputado presente sus pruebas. Bajo el<br \/>\nargumento de necesitar m\u00e1s tiempo para recabar pruebas, el cierre de esta etapa<br \/>\nse ha aplazado 5 veces en los \u00faltimos 15 meses. Esto ha sido posible, en parte,<br \/>\ngracias a que la FGR no se ha opuesto a las solicitudes de la defensa.<\/p>\n<p>-La defensa de Emilio Lozoya, encabezada por el<br \/>\nabogado <b>Miguel Ontiveros Alonso<\/b>,<br \/>\nlleg\u00f3 a la audiencia con la intenci\u00f3n de pedirle al juez una nueva pr\u00f3rroga de<br \/>\n60 d\u00edas argumentando que le faltaba recolectar informaci\u00f3n la cual involucrar\u00eda<br \/>\nen el caso a 17 personas m\u00e1s. Como se esperaba tras el esc\u00e1ndalo de las<br \/>\nfotograf\u00edas de Lozoya en el lujoso restaurante, la FGR rechaz\u00f3 esta solicitud.<br \/>\nNo obstante, el juez concedi\u00f3 la pr\u00f3rroga, aunque solo por 30 d\u00edas, lo cual<br \/>\nsignifica que Lozoya Austin tiene hasta el 3 de diciembre para presentar sus<br \/>\npruebas. \u2013hizo saber el consultor<\/p>\n<p>-Con respecto al criterio de oportunidad, Emilio<br \/>\nLozoya vio un poco m\u00e1s de luz en la audiencia. Recordemos que el criterio de<br \/>\noportunidad es una figura la cual consiste en que un imputado, a cambio de su<br \/>\nlibertad, brinda informaci\u00f3n relevante para enjuiciar otras personas y lleva a<br \/>\ncabo acciones para reparar el da\u00f1o hecho. En la audiencia, el representante del<br \/>\nMinisterio P\u00fablico se\u00f1al\u00f3 que el da\u00f1o ocasionado por Lozoya respecto al caso<br \/>\nOdebrecht ascend\u00eda a 7 millones de d\u00f3lares y la defensa respondi\u00f3 que ofrec\u00eda<br \/>\ndos inmuebles cuyo valor cubre dicha suma para reparar este da\u00f1o. \u2013platic\u00f3 el<br \/>\npol\u00edtico- No se concret\u00f3 ning\u00fan acuerdo en esta audiencia, pero es un avance en<br \/>\neste sentido.<\/p>\n<p>-Si bien, es cierto que lo dicho por el Ministerio<br \/>\nP\u00fablico representa noticias favorables para Lozoya Austin, la postura<br \/>\ninflexible mostrada por el representante de PEMEX podr\u00eda serle<br \/>\ncontraproducente. El representante de PEMEX en la audiencia se\u00f1al\u00f3 que el da\u00f1o<br \/>\nocasionado por Lozoya era irreparable y que el exfuncionario no tiene intenci\u00f3n<br \/>\nde reparar da\u00f1os, sino de evadir la justicia. \u2013coment\u00f3 el consultor<\/p>\n<p>-Sobre esto que comenta nuestro amigo consultor,<br \/>\nMiguel Ontiveros comparti\u00f3 despu\u00e9s de la audiencia que, aunque interpondr\u00eda un<br \/>\nrecurso para intentar suspender la prisi\u00f3n preventiva, su principal objetivo<br \/>\nera alcanzar un acuerdo con la FGR para concretar el criterio de oportunidad.<br \/>\nEl abogado defensor explic\u00f3 que, para que se conceda este criterio, deben<br \/>\ncumplirse tres pasos. El primero implica dar datos importantes para acreditar<br \/>\nla comisi\u00f3n de un delito mayor por parte de otras personas, lo cual ya se hizo;<br \/>\nmientras que el segundo contempla el compromiso de no volver a incurrir en los<br \/>\ndelitos cometidos, lo cual tambi\u00e9n ya se hizo. \u2013expres\u00f3 la periodista- El<br \/>\ntercero refiere a la garant\u00eda de la reparaci\u00f3n del da\u00f1o que es el tema sobre el<br \/>\ncual trabajar\u00e1n en las siguientes semanas.<\/p>\n<p>-Durante la audiencia, <b>Emilio Lozoya<\/b> afirm\u00f3 que busca un acuerdo para reparar el da\u00f1o,<br \/>\naunque no haya tenido responsabilidad alguna en el caso, as\u00ed como tambi\u00e9n<br \/>\nafirm\u00f3 que no le encontrar\u00e1n ning\u00fan ingreso il\u00edcito. El exfuncionario dijo que<br \/>\nfue utilizado como instrumento de un Estado Organizado y que le quieren poner<br \/>\nlas culpas de los beneficios que otros obtuvieron. Igualmente, rechaz\u00f3 recibir<br \/>\nun trato preferencial del gobierno e hizo referencia a que su madre fue<br \/>\napresada en Alemania en 5 prisiones distintas por un dep\u00f3sito que recibi\u00f3 antes<br \/>\nde ser funcionario p\u00fablico.<\/p>\n<p>-Habr\u00e1 que ver c\u00f3mo contin\u00faa desenvolvi\u00e9ndose el caso<br \/>\npues, con la prisi\u00f3n preventiva provocada por el esc\u00e1ndalo de las fotos,<br \/>\ncorroboramos que este juicio se rige m\u00e1s por principios pol\u00edticos que<br \/>\njur\u00eddicos. \u2013opin\u00f3 el escritor- Aunque la prisi\u00f3n preventiva puede ser<br \/>\ninterpretada como una reacci\u00f3n ante la desfachatez de ir al restaurante a pesar<br \/>\ndel juicio, es necesario tener claro que esto no significa que Lozoya haya<br \/>\nperdido el criterio de oportunidad si presenta pruebas que permitan procesar a<br \/>\nadversarios del gobierno.<\/p>\n<p>-Difiero con lo que dices, amigo escritor, pues la<br \/>\nprisi\u00f3n preventiva la dict\u00f3 el Poder Judicial, no alg\u00fan ente pol\u00edtico.<br \/>\n\u2013intervino el analista- Como bien dijo el presidente <b>L\u00f3pez Obrador<\/b>, la FGR es un \u00f3rgano aut\u00f3nomo y el fiscal <b>Alejandro Gertz Manero<\/b> es un hombre<br \/>\nrecto e \u00edntegro el cual no permitir\u00e1 simulaciones ni impunidad en el caso. Es<br \/>\nnecesario confiar en la FGR y descartar intromisiones de alg\u00fan otro poder o<br \/>\nente, incluido el mismo presidente pues, como igual hizo saber, no le<br \/>\nrecomendar\u00eda algo al fiscal por respeto a su autonom\u00eda.<\/p>\n<p>-Seguramente seguiremos hablando de Lozoya en las<br \/>\npr\u00f3ximas semanas pues el 19 de noviembre vence el plazo de la etapa de<br \/>\ninvestigaci\u00f3n complementaria del caso Agronitrogenados. Como recordar\u00e1n, este<br \/>\ncaso refiere a la compra que el gobierno le hizo a Altos Hornos de M\u00e9xico de una<br \/>\nplanta de fertilizantes la cual termin\u00f3 siendo chatarra y cost\u00f3 m\u00e1s del precio<br \/>\nreal. Se espera que Lozoya tambi\u00e9n insista en el criterio de oportunidad para<br \/>\neste caso, lo cual ya logr\u00f3 concretar <b>Alfonso<br \/>\nAncira<\/b>, exdirector de Altos Hornos de M\u00e9xico, quien es el otro imputado del<br \/>\ncaso. \u2013comparti\u00f3 la abogada<\/p>\n<p>-Entonces estaremos al pendiente de esta audiencia que<br \/>\ncomenta nuestra amiga abogada, as\u00ed como de la audiencia del 3 de diciembre<br \/>\nsobre el caso Odebrecht; los dos casos que le imputan a <b>Emilio Lozoya Austin<\/b>. Esperemos que, independientemente de si se<br \/>\npolitizan o no, se evite un escenario de impunidad y se garantice la reparaci\u00f3n<br \/>\ndel da\u00f1o. \u2013concluy\u00f3 el editorialista.<\/p><\/p>\n","protected":false},"excerpt":{"rendered":"<p>Contacto con la Pol\u00edtica Nacional.<\/p>\n","protected":false},"author":1114,"featured_media":35020,"comment_status":"open","ping_status":"open","sticky":false,"template":"","format":"standard","meta":{"tdm_status":"","tdm_grid_status":"","footnotes":""},"categories":[25],"tags":[],"_links":{"self":[{"href":"https:\/\/dralvarez.com.mx\/larevista\/wp-json\/wp\/v2\/posts\/20032"}],"collection":[{"href":"https:\/\/dralvarez.com.mx\/larevista\/wp-json\/wp\/v2\/posts"}],"about":[{"href":"https:\/\/dralvarez.com.mx\/larevista\/wp-json\/wp\/v2\/types\/post"}],"author":[{"embeddable":true,"href":"https:\/\/dralvarez.com.mx\/larevista\/wp-json\/wp\/v2\/users\/1114"}],"replies":[{"embeddable":true,"href":"https:\/\/dralvarez.com.mx\/larevista\/wp-json\/wp\/v2\/comments?post=20032"}],"version-history":[{"count":1,"href":"https:\/\/dralvarez.com.mx\/larevista\/wp-json\/wp\/v2\/posts\/20032\/revisions"}],"predecessor-version":[{"id":35019,"href":"https:\/\/dralvarez.com.mx\/larevista\/wp-json\/wp\/v2\/posts\/20032\/revisions\/35019"}],"wp:featuredmedia":[{"embeddable":true,"href":"https:\/\/dralvarez.com.mx\/larevista\/wp-json\/wp\/v2\/media\/35020"}],"wp:attachment":[{"href":"https:\/\/dralvarez.com.mx\/larevista\/wp-json\/wp\/v2\/media?parent=20032"}],"wp:term":[{"taxonomy":"category","embeddable":true,"href":"https:\/\/dralvarez.com.mx\/larevista\/wp-json\/wp\/v2\/categories?post=20032"},{"taxonomy":"post_tag","embeddable":true,"href":"https:\/\/dralvarez.com.mx\/larevista\/wp-json\/wp\/v2\/tags?post=20032"}],"curies":[{"name":"wp","href":"https:\/\/api.w.org\/{rel}","templated":true}]}}