{"id":20022,"date":"2021-11-07T00:00:00","date_gmt":"2021-11-07T06:00:00","guid":{"rendered":"https:\/\/dralvarez.com.mx\/larevista\/blog\/descanse-en-paz-el-ing-federico-granja-ricalde"},"modified":"2024-02-23T11:13:01","modified_gmt":"2024-02-23T17:13:01","slug":"descanse-en-paz-el-ing-federico-granja-ricalde","status":"publish","type":"post","link":"https:\/\/dralvarez.com.mx\/larevista\/opiniones\/descanse-en-paz-el-ing-federico-granja-ricalde","title":{"rendered":"Descanse en Paz el Ing. Federico Granja Ricalde"},"content":{"rendered":"<p><b>Editorial La Revista Peninsular<\/b><\/p>\n<\/p>\n<p>En la noche de este martes 2 de noviembre, falleci\u00f3 a<br \/>\nlos 79 a\u00f1os de edad el reconocido pol\u00edtico yucateco Federico Granja Ricalde en<br \/>\nla ciudad de M\u00e9rida, Yucat\u00e1n tras una larga batalla contra el c\u00e1ncer.<\/p>\n<p>Don \u201cCuco\u201d Granja, como le sol\u00edan decir de cari\u00f1o,<br \/>\nnaci\u00f3 en la capital yucateca el 17 de agosto de 1942. Estudi\u00f3 Ingenier\u00eda Civil<br \/>\nen la Universidad Aut\u00f3noma de Yucat\u00e1n (UADY), donde inici\u00f3 su vida pol\u00edtica<br \/>\ncomo l\u00edder estudiantil, y posteriormente curs\u00f3 posgrados relativos a las<br \/>\nciencias de la salud. Asimismo, imparti\u00f3 clases como docente en distintas<br \/>\ninstituciones educativas tales como el Colegio Central de M\u00e9rida y la Facultad<br \/>\nde Medicina de la UADY.<\/p>\n<p>El ingeniero Granja Ricalde se cas\u00f3 con do\u00f1a Florinda<br \/>\nPeniche Amaro, con quien tuvo 4 hijos: Federico, Miguel \u00c1ngel, Alejandro y<br \/>\nDaniel.<\/p>\n<p>Debido a su amplia trayectoria en las instituciones<br \/>\np\u00fablicas del pa\u00eds, don Federico Granja quedar\u00e1 inmortalizado en nuestra<br \/>\nhistoria estatal y nacional. En el a\u00f1o de 1994, fue elegido gobernador de<br \/>\nYucat\u00e1n, pero solo por un periodo de 18 meses pues se buscaba empatar el d\u00eda de<br \/>\nlas elecciones a la presidencia de la rep\u00fablica con el d\u00eda de las elecciones a la<br \/>\ngubernatura yucateca. Antes de esto, hab\u00eda fungido como presidente municipal de<br \/>\nM\u00e9rida de 1976 a 1978.<\/p>\n<p>De igual manera, el ingeniero Granja Ricalde se<br \/>\ndesempe\u00f1\u00f3 en el congreso local y federal. Particip\u00f3 en dos ocasiones en la<br \/>\nlegislatura local, siendo la \u00faltima vez en el 2004 durante la LVII legislatura<br \/>\ncuando fue coordinador de la bancada priista. En San L\u00e1zaro, su participaci\u00f3n<br \/>\nfue m\u00e1s notoria pues fue diputado federal en las legislaturas LI, LIII y LVIII;<br \/>\nes importante se\u00f1alar que en la LI y la LVIII represent\u00f3 al estado de Yucat\u00e1n,<br \/>\nmientras que en la LIII represent\u00f3 al entonces Distrito Federal.<\/p>\n<p>Dentro de los logros del exgobernador yucateco, no<br \/>\npodemos pasar por alto que fungi\u00f3 como secretario general del Sindicato<br \/>\nNacional de Trabajadores de la Secretar\u00eda de Salubridad y Asistencia.<\/p>\n<p>Si bien, don Federico Granja Ricalde milit\u00f3 en el PRI<br \/>\ndurante toda su vida, siempre se caracteriz\u00f3 por ser un personaje querido y<br \/>\nrespetado por miembros de todos los partidos pol\u00edticos. Lo anterior, debido al<br \/>\ntrato profesional y respetuoso que procuraba con los dem\u00e1s, as\u00ed como por su<br \/>\nfirme disposici\u00f3n a resolver conflictos mediante el di\u00e1logo y la conciliaci\u00f3n.<\/p>\n<p>El profesionalismo pol\u00edtico de Don \u201cCuco\u201d Granja era<br \/>\ntal que, incluso ante pugnas al interior de su partido, la manifestaci\u00f3n de su<br \/>\ninconformidad generaba progreso y construcci\u00f3n, no quiebres. Sin duda, esta<br \/>\nhabilidad para discernir de manera constructiva es uno de los principales<br \/>\nlegados que deja a la pol\u00edtica yucateca.<\/p>\n<p>Don Federico Granja Ricalde fue un pol\u00edtico, l\u00edder<br \/>\nestudiantil, l\u00edder sindical, legislador, ingeniero, esposo y padre<br \/>\nsobresaliente del cual debemos estar orgullosos. En La Revista Peninsular nos<br \/>\nhonramos de haber podido ser espacio para que el exgobernador compartiera sus<br \/>\nideas. Enviamos nuestras m\u00e1s sentidas condolencias a su familia y seres<br \/>\nqueridos.<\/p><\/p>\n","protected":false},"excerpt":{"rendered":"<p>Editorial La Revista Peninsular<\/p>\n","protected":false},"author":1111,"featured_media":35010,"comment_status":"open","ping_status":"open","sticky":false,"template":"","format":"standard","meta":{"tdm_status":"","tdm_grid_status":"","footnotes":""},"categories":[25],"tags":[],"_links":{"self":[{"href":"https:\/\/dralvarez.com.mx\/larevista\/wp-json\/wp\/v2\/posts\/20022"}],"collection":[{"href":"https:\/\/dralvarez.com.mx\/larevista\/wp-json\/wp\/v2\/posts"}],"about":[{"href":"https:\/\/dralvarez.com.mx\/larevista\/wp-json\/wp\/v2\/types\/post"}],"author":[{"embeddable":true,"href":"https:\/\/dralvarez.com.mx\/larevista\/wp-json\/wp\/v2\/users\/1111"}],"replies":[{"embeddable":true,"href":"https:\/\/dralvarez.com.mx\/larevista\/wp-json\/wp\/v2\/comments?post=20022"}],"version-history":[{"count":1,"href":"https:\/\/dralvarez.com.mx\/larevista\/wp-json\/wp\/v2\/posts\/20022\/revisions"}],"predecessor-version":[{"id":35009,"href":"https:\/\/dralvarez.com.mx\/larevista\/wp-json\/wp\/v2\/posts\/20022\/revisions\/35009"}],"wp:featuredmedia":[{"embeddable":true,"href":"https:\/\/dralvarez.com.mx\/larevista\/wp-json\/wp\/v2\/media\/35010"}],"wp:attachment":[{"href":"https:\/\/dralvarez.com.mx\/larevista\/wp-json\/wp\/v2\/media?parent=20022"}],"wp:term":[{"taxonomy":"category","embeddable":true,"href":"https:\/\/dralvarez.com.mx\/larevista\/wp-json\/wp\/v2\/categories?post=20022"},{"taxonomy":"post_tag","embeddable":true,"href":"https:\/\/dralvarez.com.mx\/larevista\/wp-json\/wp\/v2\/tags?post=20022"}],"curies":[{"name":"wp","href":"https:\/\/api.w.org\/{rel}","templated":true}]}}