{"id":20018,"date":"2021-11-07T00:00:00","date_gmt":"2021-11-07T06:00:00","guid":{"rendered":"https:\/\/dralvarez.com.mx\/larevista\/blog\/un-monstruo-oculto-en-espera-de-reemerger"},"modified":"2024-02-23T11:12:55","modified_gmt":"2024-02-23T17:12:55","slug":"un-monstruo-oculto-en-espera-de-reemerger","status":"publish","type":"post","link":"https:\/\/dralvarez.com.mx\/larevista\/opiniones\/un-monstruo-oculto-en-espera-de-reemerger","title":{"rendered":"\u00bfUn monstruo oculto en espera de reemerger?"},"content":{"rendered":"<p><b>Por: Marco Antonio Cortez Navarrete.<\/b><\/p>\n<p>Ante esta &#8220;relativa&#8221; calma, donde respirar ya no cuesta trabajo, y los latidos del coraz\u00f3n &#8220;aparentemente&#8221; se normalizan, es justo, justo el momento, cuando debemos tener mucho m\u00e1s cuidado.<\/p>\n<p>Como dice mi amigo, el ingeniero Juan V\u00e1zquez, metere\u00f3logo: &#8220;es justo el momento de no bajar la guardia, de estar atentos&#8221;. <\/p>\n<p>Lo anterior, claro est\u00e1, en alusi\u00f3n a su campo de trabajo: monitoreo y comportamiento de fen\u00f3menos climatol\u00f3gicos.<\/p>\n<p>Yo aplicar\u00eda sus palabras, pero al \u00e1mbito de la salud, de la pandemia, ocasionada por un virus que ha causado mucho mucho dolor, mucho da\u00f1o, y a\u00fan est\u00e1 entre nosotros &#8220;oculto&#8221; esperando un descuido para re-emerger y seguir alterando la vida.<\/p>\n<p>Veamos lo que hoy, en este momento, pasa en Europa donde el fantasma de una nueva ola amenaza una vez m\u00e1s a varios pa\u00edses.<\/p>\n<p>Cierto, Yucat\u00e1n como estados vecinos y de otras latitudes observa notoria reducci\u00f3n de contagios y decesos. As\u00ed lo dijo Hugo L\u00f3pez Gatell en su m\u00e1s reciente aparici\u00f3n en la ma\u00f1anera de su jefe, AMLO.<\/p>\n<p>Y, ojo, aqu\u00ed la curva, como las que lanza el presidente cuando &#8220;macanea&#8221;, el funcionario de salud aclara: &#8220;el virus continuar\u00e1 entre nosotros&#8221; y recalca no bajar la guardia, mantener las medidas y protocolos sanitarios, sana distancia y uso de cubrebocas.<\/p>\n<p>Debemos reconocer que el Programa Nacional de Vacunaci\u00f3n avanza, son millones de dosis aplicadas, pero pareciera que a\u00fan no son las suficientes, am\u00e9n de aquellas personas que con todo su derecho se resisten a recibir el biol\u00f3gico.<\/p>\n<p>Adem\u00e1s de las dependencias del Gobierno de M\u00e9xico han participado los gobiernos estatales y municipales, miles de personas participando en este gigantesco proceso.<\/p>\n<p>Un detalle que quiero destacar. La pandemia, adem\u00e1s de muerte y dolor deja a su paso problemas serios y complejos en aquellos que han perdido a un familiar, amiga, amigo, o persona cercana. <\/p>\n<p>Con lo anterior quiero decir que hay otro enemigo contra quien luchar y hablo de la depresi\u00f3n y la ansiedad, que de manera silenciosa se est\u00e1n comiendo coraz\u00f3n y dem\u00e1s \u00f3rganos del cuerpo humano&#8230;<\/p>\n<p>Es verdad que hay instancias como el gobierno estatal y municipal que difunden programas de apoyo y orientaci\u00f3n psicol\u00f3gica pero considero que no son suficientes, el tema va m\u00e1s all\u00e1, es m\u00e1s profundo y las secuelas de la era post-covid se traducir\u00e1n en el mediano y largo plazos, lapsos donde cada d\u00eda que pasa, cada hora transcurrida, te da cuenta que ya no est\u00e1 aquella persona amada o apreciada.<\/p>\n<p>Y, para concluir, dir\u00eda a las instituciones que tienen recursos humanos preparados para este tipo de contingencias que es momento de intervenir, de participar, de proponer, de plantear programas y proyectos que tengan un impacto positivo en la sociedad y de manera especial en quienes sufren calladamente lo que hoy est\u00e1 sucediendo en Yucat\u00e1n, en M\u00e9xico y en el mundo entero.<\/p>\n","protected":false},"excerpt":{"rendered":"<p>Por: Marco Antonio Cortez Navarrete.<\/p>\n","protected":false},"author":1124,"featured_media":35006,"comment_status":"open","ping_status":"open","sticky":false,"template":"","format":"standard","meta":{"tdm_status":"","tdm_grid_status":"","footnotes":""},"categories":[25],"tags":[],"_links":{"self":[{"href":"https:\/\/dralvarez.com.mx\/larevista\/wp-json\/wp\/v2\/posts\/20018"}],"collection":[{"href":"https:\/\/dralvarez.com.mx\/larevista\/wp-json\/wp\/v2\/posts"}],"about":[{"href":"https:\/\/dralvarez.com.mx\/larevista\/wp-json\/wp\/v2\/types\/post"}],"author":[{"embeddable":true,"href":"https:\/\/dralvarez.com.mx\/larevista\/wp-json\/wp\/v2\/users\/1124"}],"replies":[{"embeddable":true,"href":"https:\/\/dralvarez.com.mx\/larevista\/wp-json\/wp\/v2\/comments?post=20018"}],"version-history":[{"count":1,"href":"https:\/\/dralvarez.com.mx\/larevista\/wp-json\/wp\/v2\/posts\/20018\/revisions"}],"predecessor-version":[{"id":35005,"href":"https:\/\/dralvarez.com.mx\/larevista\/wp-json\/wp\/v2\/posts\/20018\/revisions\/35005"}],"wp:featuredmedia":[{"embeddable":true,"href":"https:\/\/dralvarez.com.mx\/larevista\/wp-json\/wp\/v2\/media\/35006"}],"wp:attachment":[{"href":"https:\/\/dralvarez.com.mx\/larevista\/wp-json\/wp\/v2\/media?parent=20018"}],"wp:term":[{"taxonomy":"category","embeddable":true,"href":"https:\/\/dralvarez.com.mx\/larevista\/wp-json\/wp\/v2\/categories?post=20018"},{"taxonomy":"post_tag","embeddable":true,"href":"https:\/\/dralvarez.com.mx\/larevista\/wp-json\/wp\/v2\/tags?post=20018"}],"curies":[{"name":"wp","href":"https:\/\/api.w.org\/{rel}","templated":true}]}}