{"id":20008,"date":"2021-11-05T00:00:00","date_gmt":"2021-11-05T06:00:00","guid":{"rendered":"https:\/\/dralvarez.com.mx\/larevista\/blog\/manuela-y-carlos"},"modified":"2024-02-23T11:12:31","modified_gmt":"2024-02-23T17:12:31","slug":"manuela-y-carlos","status":"publish","type":"post","link":"https:\/\/dralvarez.com.mx\/larevista\/opiniones\/manuela-y-carlos","title":{"rendered":"Manuela y Carlos\u2026"},"content":{"rendered":"<p><b>Por: Cristina Pad\u00edn.<\/b><\/p>\n<p>Manuela dibujaba mu\u00f1ecas caminando para Sevilla o Jerez\u2026 Y las coloreaba.. usaba rojo para los volantes de sus vestidos, y es que eran flamencas!, y utilizaba rojo porque es fuerza y emoci\u00f3n. Y blanco porque es la pureza y la verdad. Y azul porque es cielo, cielo que cubre mil sue\u00f1os, sue\u00f1os toreros tambi\u00e9n, por supuesto. Y rosa, porque le encantaba ese tono desde que era una ni\u00f1a. <\/p>\n<p>Y ya no era tan ni\u00f1a! Cumpl\u00eda diez.. y diez ya necesita dos cifras.. y diez ya es diez!!<\/p>\n<p>Manuela en la sangre y en las pesta\u00f1as lo que ten\u00eda era arte y toreo y m\u00fasica! Hija de flamenca, sobrina de torero, nieta de la bondad m\u00e1s grande. Manuela bailaba y cantaba y escuchaba canciones de Nani Cort\u00e9s, y de Mal\u00fa, y de Alejandro Sanz, y de  Ni\u00f1a Pastori\u2026 Y escrib\u00eda cuentos!!<\/p>\n<p>Porque le\u00eda libros y viv\u00eda. Y pensaba. Y as\u00ed es como se pueden hacer cosas. Escrib\u00eda historias sobre princesas rom\u00e1nticas que montaban a caballo. Y sobre h\u00e9roes del d\u00eda a d\u00eda. Como su t\u00edo Carlos. Que era, sobre todo, un hombre bueno. Un coraz\u00f3n de oro y de melod\u00edas, Siempre as\u00ed y un poco de Mozart (por ejemplo), una conversaci\u00f3n de las buenas y una copa de vino. Carlos era trabajador infatigable, creyente, y leal.<\/p>\n<p>Y el d\u00eda que Manuela cumpl\u00eda diez a\u00f1os \u00e9l festejaba su santo\u2026 y a la ni\u00f1a le hac\u00eda feliz pensar que eso ocurrir\u00eda siempre\u2026 hasta siempre\u2026<\/p>\n<p>En este cuento he contado con Manuela: hija y nieta de Manuela\u2019s.. Feliz d\u00eda. Os adoro<br \/>Y he contado con mi amigo Carlos C y con su hijo Carlos, feliz d\u00eda.. en este cuento, como en los cuentos todo es como uno quiere, he hecho a Manuela sobrina de Carlos<br \/>Feliz d\u00eda a Carlos Corradini<br \/>A las personas mencionadas<br \/>Al flamenco: pasi\u00f3n y vida<br \/>Al toreo<br \/>A mi Luis<br \/>A mi Sevilla y mis sevillanos<br \/>Y a los ni\u00f1os que cumplen diez. Excelente edad!<\/p>\n","protected":false},"excerpt":{"rendered":"<p>Por: Cristina Pad\u00edn.<\/p>\n","protected":false},"author":1025,"featured_media":34996,"comment_status":"open","ping_status":"open","sticky":false,"template":"","format":"standard","meta":{"tdm_status":"","tdm_grid_status":"","footnotes":""},"categories":[25],"tags":[],"_links":{"self":[{"href":"https:\/\/dralvarez.com.mx\/larevista\/wp-json\/wp\/v2\/posts\/20008"}],"collection":[{"href":"https:\/\/dralvarez.com.mx\/larevista\/wp-json\/wp\/v2\/posts"}],"about":[{"href":"https:\/\/dralvarez.com.mx\/larevista\/wp-json\/wp\/v2\/types\/post"}],"author":[{"embeddable":true,"href":"https:\/\/dralvarez.com.mx\/larevista\/wp-json\/wp\/v2\/users\/1025"}],"replies":[{"embeddable":true,"href":"https:\/\/dralvarez.com.mx\/larevista\/wp-json\/wp\/v2\/comments?post=20008"}],"version-history":[{"count":1,"href":"https:\/\/dralvarez.com.mx\/larevista\/wp-json\/wp\/v2\/posts\/20008\/revisions"}],"predecessor-version":[{"id":34995,"href":"https:\/\/dralvarez.com.mx\/larevista\/wp-json\/wp\/v2\/posts\/20008\/revisions\/34995"}],"wp:featuredmedia":[{"embeddable":true,"href":"https:\/\/dralvarez.com.mx\/larevista\/wp-json\/wp\/v2\/media\/34996"}],"wp:attachment":[{"href":"https:\/\/dralvarez.com.mx\/larevista\/wp-json\/wp\/v2\/media?parent=20008"}],"wp:term":[{"taxonomy":"category","embeddable":true,"href":"https:\/\/dralvarez.com.mx\/larevista\/wp-json\/wp\/v2\/categories?post=20008"},{"taxonomy":"post_tag","embeddable":true,"href":"https:\/\/dralvarez.com.mx\/larevista\/wp-json\/wp\/v2\/tags?post=20008"}],"curies":[{"name":"wp","href":"https:\/\/api.w.org\/{rel}","templated":true}]}}