{"id":20000,"date":"2021-11-04T00:00:00","date_gmt":"2021-11-04T06:00:00","guid":{"rendered":"https:\/\/dralvarez.com.mx\/larevista\/blog\/santa-silvia"},"modified":"2024-02-23T11:12:12","modified_gmt":"2024-02-23T17:12:12","slug":"santa-silvia","status":"publish","type":"post","link":"https:\/\/dralvarez.com.mx\/larevista\/opiniones\/santa-silvia","title":{"rendered":"Santa Silvia\u2026"},"content":{"rendered":"<p><b>Por: Cristina Pad\u00edn.<\/b><\/p>\n<p>Llegaron unos hombres. Tambi\u00e9n empieza as\u00ed esa narraci\u00f3n tan hermosa que hace nacer El bosque animado. Y las cosas que son hermosas se honran\u2026 Llegaron, pues, unos hombres\u2026 y al calor de la tibia tarde de noviembre, y antes de que un sol muy templado se marchara a dormir, cantaron unas canciones. Y unos tocaban la guitarra y otros el caj\u00f3n\u2026<\/p>\n<p>Y el d\u00eda era flamenco, era mejor..<\/p>\n<p>Eran nietos de otros hombres que llegaron muchos a\u00f1os antes, cuando la t\u00eda, Amelia Silvia, cos\u00eda vestidos con manos de seda y ojos de intuici\u00f3n (la intuici\u00f3n es una virtud con may\u00fasculas)\u2026 Llegaron para crear arte y para, con arte, festejar a la muchacha, de nombre Silvia, que estaba de santo. Hacedora de volantes y joyas, lectora, culta, amante de vino y sol y vida, taurina..<\/p>\n<p>Interpretaron temas de Paco de Luc\u00eda, de Camar\u00f3n, de Nani Cort\u00e9s. Y la noche les sorprendi\u00f3 bailando, porque donde hay felicidad no corre el tiempo. Hasta la Luna enton\u00f3 unos versos\u2026 y preparaba ya, con las estrellas, la festividad de san Carlos..<\/p>\n<p>Un cuento para festejar el santo de mi querida hermana. Creo que es lo mejor que se puede tener en la vida: hermanos<br \/>No tuve una t\u00eda llamada Amelia Silvia, es ficci\u00f3n, pero tuve a mi abuela Amelia, que cos\u00eda tal como yo he descrito, con m\u00e0s de 100 a\u00f1os<br \/>Tambi\u00e9n tengo hermanas no de sangre, como Ana<br \/>Al flamenco y a los artistas mencionados<br \/>Al toreo<br \/>A mi amigo Carlos<br \/>A mi querido Luis<br \/>A la sensibilidad y el arte<br \/>Regalo muchas veces El bosque animado, es un libro ideal<\/p>\n","protected":false},"excerpt":{"rendered":"<p>Por: Cristina Pad\u00edn.<\/p>\n","protected":false},"author":1025,"featured_media":34988,"comment_status":"open","ping_status":"open","sticky":false,"template":"","format":"standard","meta":{"tdm_status":"","tdm_grid_status":"","footnotes":""},"categories":[25],"tags":[],"_links":{"self":[{"href":"https:\/\/dralvarez.com.mx\/larevista\/wp-json\/wp\/v2\/posts\/20000"}],"collection":[{"href":"https:\/\/dralvarez.com.mx\/larevista\/wp-json\/wp\/v2\/posts"}],"about":[{"href":"https:\/\/dralvarez.com.mx\/larevista\/wp-json\/wp\/v2\/types\/post"}],"author":[{"embeddable":true,"href":"https:\/\/dralvarez.com.mx\/larevista\/wp-json\/wp\/v2\/users\/1025"}],"replies":[{"embeddable":true,"href":"https:\/\/dralvarez.com.mx\/larevista\/wp-json\/wp\/v2\/comments?post=20000"}],"version-history":[{"count":1,"href":"https:\/\/dralvarez.com.mx\/larevista\/wp-json\/wp\/v2\/posts\/20000\/revisions"}],"predecessor-version":[{"id":34987,"href":"https:\/\/dralvarez.com.mx\/larevista\/wp-json\/wp\/v2\/posts\/20000\/revisions\/34987"}],"wp:featuredmedia":[{"embeddable":true,"href":"https:\/\/dralvarez.com.mx\/larevista\/wp-json\/wp\/v2\/media\/34988"}],"wp:attachment":[{"href":"https:\/\/dralvarez.com.mx\/larevista\/wp-json\/wp\/v2\/media?parent=20000"}],"wp:term":[{"taxonomy":"category","embeddable":true,"href":"https:\/\/dralvarez.com.mx\/larevista\/wp-json\/wp\/v2\/categories?post=20000"},{"taxonomy":"post_tag","embeddable":true,"href":"https:\/\/dralvarez.com.mx\/larevista\/wp-json\/wp\/v2\/tags?post=20000"}],"curies":[{"name":"wp","href":"https:\/\/api.w.org\/{rel}","templated":true}]}}