{"id":19988,"date":"2021-11-04T00:00:00","date_gmt":"2021-11-04T06:00:00","guid":{"rendered":"https:\/\/dralvarez.com.mx\/larevista\/blog\/el-holocausto-del-planeta"},"modified":"2024-02-23T11:11:50","modified_gmt":"2024-02-23T17:11:50","slug":"el-holocausto-del-planeta","status":"publish","type":"post","link":"https:\/\/dralvarez.com.mx\/larevista\/opiniones\/el-holocausto-del-planeta","title":{"rendered":"El holocausto del planeta"},"content":{"rendered":"<p><b>Por: Ramses Pech \u2013 Grupo Caraiva \u2013 Le\u00f3n &amp; Pech architect.&nbsp;<\/b><\/p>\n<\/p>\n<p><a target=\"_blank\" rel=\"nofollow noopener\" href=\"https:\/\/www.youtube.com\/channel\/UCdUxPccdtBOpxcq0CbBXbSg\">Energ\u00eda Sin Pol\u00edtica &#8211; YouTube<\/a><\/p>\n<p>El mundo ha empezado hablar sobre el cambio clim\u00e1tico,<br \/>\ny sus consecuencias preocupantes para la convivencia de los seres vivos, a<br \/>\nseg\u00fan racionales, pero est\u00e1n olvidando algo importante para poder tener una<br \/>\nvida saludable, y es algo que com\u00fanmente no nos cuesta tenerlo, y lo tomamos de<br \/>\nla naturaleza en forma inconsciente, y sin retribuirlo.<\/p>\n<p>\u00bfSabes qu\u00e9 es?<\/p>\n<p>Es algo incoloro, y sin olor, que entra a tu organismo<br \/>\npara que lleguen a tus c\u00e9lulas atreves de la corriente sanguine a todos tu<br \/>\ncuerpo, y que si dejas de tenerlo por un lapso dos a tres minutos puedes morir.<\/p>\n<p>Todo el mundo habla de tener energ\u00edas limpias, y<br \/>\nllegar a meta cero de emisiones de gases de efecto invernadero, pero nadie<br \/>\nhabla del aire, y en que tanto afecta a los organismos que requieren de este.<br \/>\nHay que dejar en claro para tenerlo a este limpio, debe o deber\u00e1, cumplir con<br \/>\ncierto par\u00e1metros, en los que se encuentran hasta un m\u00e1ximo de contaminantes, y<br \/>\nque principalmente son la cantidad de mon\u00f3xido de carbono, part\u00edculas en<br \/>\nsuspensi\u00f3n, di\u00f3xido de nitr\u00f3geno o azufre y ozono, todo ellos emitidos a la<br \/>\natmosfera.<\/p>\n<p>Tener energ\u00eda limpias no significa no contaminar,<br \/>\nsignifica disminuir las cantidades de emisiones cuando esta es generada, y a<br \/>\ndonde actualmente en la \u00fanica parte de la cadena de producci\u00f3n de energ\u00edas<br \/>\nprimarias transformadas a portadores de energ\u00eda, encontramos al mercado de<br \/>\nelectricidad, el cual puede tener el control, y la utilizaci\u00f3n de equipos que<br \/>\ngeneran energ\u00eda secundaria, y que no aportan emisiones a el momento de operar,<br \/>\ncomo son las hidroel\u00e9ctricas, solar, e\u00f3lica, nuclear entre las m\u00e1s usadas.<\/p>\n<p>No te confundas, cuando escuches emisiones cero a<br \/>\n2050, esta refiere en gran parte al mercado de la generaci\u00f3n de electricidad, y<br \/>\nes adonde el mundo depender\u00e1 su movilidad, derivado del concepto denominado<br \/>\n\u201celectrificaci\u00f3n\u201d, y en la cual todas las actividades del hombre desde la<br \/>\nmanufactura, transporte, hogar, comercio, industrias y toda la actividad del<br \/>\nhumano, esta y estar\u00e1 concentrada en tener electricidad. No es al caso, que una<br \/>\nnave que sale en la termosfera necesita de la electricidad, generada por<br \/>\npaneles que acumulan energ\u00eda en bater\u00edas para poder operar.<\/p>\n<p>La creaci\u00f3n de portadores de energ\u00eda primarias f\u00f3siles,<br \/>\nno est\u00e1n contemplados dentro de energ\u00edas limpias, debido a que ellos en<br \/>\ncualquier parte del proceso desde su extracci\u00f3n, transformaci\u00f3n y utilizaci\u00f3n<br \/>\ngeneran gases de efecto invernadero, calor y contaminantes, los cuales a hoy<br \/>\nd\u00eda han incrementado la temperatura en el planeta. Es importante en dejar<br \/>\nclaro, y de acuerdo con las pol\u00edticas p\u00fablicas e econ\u00f3micas en el mundo, no hay<br \/>\nfecha exacta de la eliminaci\u00f3n de estos. En el siguiente enlace veras un video<br \/>\nexplicando esta aseveraci\u00f3n. <a target=\"_blank\" rel=\"nofollow noopener\" href=\"https:\/\/youtu.be\/mSjpQU-JZ-4\">https:\/\/youtu.be\/mSjpQU-JZ-4<\/a><\/p>\n<p>La realidad para el planeta, todo lo que el hombre<br \/>\ntome de la naturaleza y transforme para su uso contamina, la \u00fanica opci\u00f3n ante<br \/>\nuna electrificaci\u00f3n mundial es el tener energ\u00edas infinitas con cero contaminantes,<br \/>\ny ante la continuidad de la utilizaci\u00f3n de las energ\u00edas primarias f\u00f3siles. El<br \/>\nmundo implementara a el mundo, &nbsp;el<br \/>\nconcepto de la captura de carb\u00f3n, calor y contaminantes de cada proceso, en que<br \/>\nse incurra para poder obtener, transformar o utilizar al carb\u00f3n, gas natural y<br \/>\npetr\u00f3leo crudo las pr\u00f3ximas d\u00e9cadas.  <\/p>\n<p>El objetivo : Continuar su uso, minimizar los<br \/>\ncontaminantes, y crear una diplomacia ambientalista basada en la captura de<br \/>\ntodo lo que pueda contaminar al medio ambiente.<\/p>\n<p>\u00bfDejar\u00e1 el mundo de utilizar a las energ\u00edas f\u00f3siles?, imposible<br \/>\nen el corto a mediano plazo, para obtener cero en el todo. Siendo en el sector<br \/>\nel\u00e9ctrico, la posibilidad de tenerlo en el mediano plazo, pero depender\u00e1 de la<br \/>\ntecnolog\u00eda sustituya al uso del gas natural, y esto ser\u00e1 algo lento, y<br \/>\npaulatino al no haber una pol\u00edtica real clara en el mundo, debido a que solo<br \/>\nhay buenos deseos en papel.<\/p>\n<p>Ante todo esto, y ante la pregunta, como un ser vivo<br \/>\ncon el uso del razonamiento, y que tenemos como animales; el dejar de respirar<br \/>\na el aire, y que contiene el ox\u00edgeno necesario para que nuestro cuerpo funcione<br \/>\n\u00bfQu\u00e9 estamos haciendo para mejorar el actual? Sabes que el aire, debe tener el<br \/>\n23% de ox\u00edgeno; \u00a1Investiga en el lugar a donde vives! \u00bfCu\u00e1l es la calidad del<br \/>\naire que tienes? y \u00bfQu\u00e9 programas hay para esto?<\/p>\n<p>Pero no te preocupes por que la tarea nos la ha<br \/>\nahorrado la organizaci\u00f3n mundial de la salud, y que en semanas anteriores ha realizado<br \/>\nla actualizaci\u00f3n de los par\u00e1metros que deber\u00edan tener el aire en el planeta, y<br \/>\na lo cual pa\u00edses deber\u00e1n adaptar para poder mejor la calidad del aire, si dicen<br \/>\nque est\u00e1n preocupados por nuestra habitad.<\/p>\n<p>En todo el mundo se habla de energ\u00eda limpias, pero<br \/>\nnadie indica para que la quieren. Deber\u00edan cambiar este concepto, al determinar<br \/>\nen mejor proporci\u00f3n, el tipo de contaminaci\u00f3n que genera el mercado el\u00e9ctrico<br \/>\ny\/o hidrocarburos al medio ambiente, y el c\u00f3mo denigra la calidad del aire.<\/p>\n<p>En Mexico existen programas de calidad del aire, y<br \/>\nmuchos de ellos no est\u00e1n actualizados, o adaptados a la realidad, son un numero<br \/>\nde escritos que est\u00e1n en el universo de sistemas de almacenamiento en<br \/>\nservidores, pero solo son eso. Es importante que podamos realizar una ley a<br \/>\nnivel constituci\u00f3n que determine una pol\u00edtica p\u00fablica real sobre la calidad del<br \/>\naire, y donde existan objetivos b\u00e1sicos apegados a las recomendaciones<br \/>\nrealizadas por la OMS, y a donde revisando con los datos de Mexico, y en espec\u00edfico<br \/>\ncon la ciudad de M\u00e9xico, distan mucho de cumplirse. En el siguiente video<br \/>\nexplica los cambios a la calidad del aire, y como estamos lejos de ello <a target=\"_blank\" rel=\"nofollow noopener\" href=\"https:\/\/youtu.be\/UIFq5ufODQI\">https:\/\/youtu.be\/UIFq5ufODQI<\/a><\/p>\n<p>Mexico hoy ante una propuesta de reformar la constituci\u00f3n,<br \/>\ny hacer cambio a la ley el\u00e9ctrica vigente, \u00bfNo estaremos perdiendo el tiempo?,<br \/>\ncuando el mundo est\u00e1 modificando el presente para el futuro, y no el pasado<br \/>\npara el futuro. Es urgente crear una ley constitucional a donde obliguen a<br \/>\ncualquier administraci\u00f3n que llegue a no cambiar las pol\u00edticas p\u00fablicas<br \/>\nenerg\u00e9tica e ambientales, y cuyo objetivo es tener una visi\u00f3n primero, para<br \/>\ncumplir una misi\u00f3n. En el siguiente enlace explicaci\u00f3n el porqu\u00e9 de esta<br \/>\npropuesta.<\/p>\n<p><a target=\"_blank\" rel=\"nofollow noopener\" href=\"https:\/\/youtu.be\/Yf6nWR3KxSY\">https:\/\/youtu.be\/Yf6nWR3KxSY<\/a><\/p>\n<p>Energ\u00edas limpias no significa el todo, es una parte; a<br \/>\nsabiendas que las energ\u00edas primarias f\u00f3siles no dejaran de usar en forma t\u00e1cita<br \/>\nen el corto a mediano plazo, y esto conlleva a que debemos de cuidar la calidad<br \/>\ndel aire que tenemos.<\/p>\n<p>\u00bfQu\u00e9 sirve escribir en papel buenas ideas?, cuando no<br \/>\npuedes respirar para vivir.<\/p><\/p>\n","protected":false},"excerpt":{"rendered":"<p>Por: Ramses Pech \u2013 Grupo Caraiva \u2013 Le\u00f3n &#038; Pech architect.<\/p>\n","protected":false},"author":1139,"featured_media":0,"comment_status":"open","ping_status":"open","sticky":false,"template":"","format":"standard","meta":{"tdm_status":"","tdm_grid_status":"","footnotes":""},"categories":[25],"tags":[],"_links":{"self":[{"href":"https:\/\/dralvarez.com.mx\/larevista\/wp-json\/wp\/v2\/posts\/19988"}],"collection":[{"href":"https:\/\/dralvarez.com.mx\/larevista\/wp-json\/wp\/v2\/posts"}],"about":[{"href":"https:\/\/dralvarez.com.mx\/larevista\/wp-json\/wp\/v2\/types\/post"}],"author":[{"embeddable":true,"href":"https:\/\/dralvarez.com.mx\/larevista\/wp-json\/wp\/v2\/users\/1139"}],"replies":[{"embeddable":true,"href":"https:\/\/dralvarez.com.mx\/larevista\/wp-json\/wp\/v2\/comments?post=19988"}],"version-history":[{"count":1,"href":"https:\/\/dralvarez.com.mx\/larevista\/wp-json\/wp\/v2\/posts\/19988\/revisions"}],"predecessor-version":[{"id":34977,"href":"https:\/\/dralvarez.com.mx\/larevista\/wp-json\/wp\/v2\/posts\/19988\/revisions\/34977"}],"wp:attachment":[{"href":"https:\/\/dralvarez.com.mx\/larevista\/wp-json\/wp\/v2\/media?parent=19988"}],"wp:term":[{"taxonomy":"category","embeddable":true,"href":"https:\/\/dralvarez.com.mx\/larevista\/wp-json\/wp\/v2\/categories?post=19988"},{"taxonomy":"post_tag","embeddable":true,"href":"https:\/\/dralvarez.com.mx\/larevista\/wp-json\/wp\/v2\/tags?post=19988"}],"curies":[{"name":"wp","href":"https:\/\/api.w.org\/{rel}","templated":true}]}}